{"id":16335,"date":"2025-02-17T10:06:42","date_gmt":"2025-02-17T09:06:42","guid":{"rendered":"https:\/\/projectes.xtec.cat\/internacional\/?p=16335"},"modified":"2025-02-17T10:06:42","modified_gmt":"2025-02-17T09:06:42","slug":"publicada-la-resolucio-definitiva-erasmus-ka120-convocatoria-2024","status":"publish","type":"post","link":"https:\/\/projectes.xtec.cat\/internacional\/general\/publicada-la-resolucio-definitiva-erasmus-ka120-convocatoria-2024\/","title":{"rendered":"Publicada la resoluci\u00f3 definitiva Erasmus+ KA120 convocat\u00f2ria 2024"},"content":{"rendered":"<p><a href=\"https:\/\/projectes.xtec.cat\/internacional\/wp-content\/uploads\/usu1767\/2025\/02\/ResoluciodefinitiaKA120conv24.png\"><img loading=\"lazy\" decoding=\"async\" class=\"wp-image-16340 aligncenter\" src=\"https:\/\/projectes.xtec.cat\/internacional\/wp-content\/uploads\/usu1767\/2025\/02\/ResoluciodefinitiaKA120conv24-1024x376.png\" alt=\"\" width=\"652\" height=\"239\" srcset=\"https:\/\/projectes.xtec.cat\/internacional\/wp-content\/uploads\/usu1767\/2025\/02\/ResoluciodefinitiaKA120conv24-1024x376.png 1024w, https:\/\/projectes.xtec.cat\/internacional\/wp-content\/uploads\/usu1767\/2025\/02\/ResoluciodefinitiaKA120conv24-300x110.png 300w, https:\/\/projectes.xtec.cat\/internacional\/wp-content\/uploads\/usu1767\/2025\/02\/ResoluciodefinitiaKA120conv24-768x282.png 768w, https:\/\/projectes.xtec.cat\/internacional\/wp-content\/uploads\/usu1767\/2025\/02\/ResoluciodefinitiaKA120conv24.png 1471w\" sizes=\"auto, (max-width: 652px) 100vw, 652px\" \/><\/a><\/p>\n<p>Aqu\u00ed teniu la <a href=\"http:\/\/www.sepie.es\/doc\/convocatoria\/2024\/resoluciones\/febrero_2025\/ka120\/resolucion.pdf\" target=\"_blank\" rel=\"noopener\">resoluci\u00f3 definitiva<\/a> de sol\u00b7licituds <strong>seleccionades<\/strong> i <strong>rebutjades<\/strong> de l\u2019<strong>Acci\u00f3 Clau1<\/strong> \u2013 Mobilitat educativa de les persones &#8211; Acreditaci\u00f3 Erasmus en l\u2019 <strong>\u00e0mbit de l\u2019Educaci\u00f3 Escolar (KA120-SCH), de la Formaci\u00f3 Professional (KA120-VET) i de l&#8217;Educaci\u00f3 de Persones Adultes (KA120-ADU)<\/strong>\u00a0corresponents a la Convocat\u00f2ria de Propostes del programa Erasmus+ 2024, per al per\u00edode 2025-2027.<\/p>\n<p>&nbsp;<\/p>\n","protected":false},"excerpt":{"rendered":"<p><a href=\"https:\/\/projectes.xtec.cat\/internacional\/wp-content\/uploads\/usu1767\/2025\/02\/ResoluciodefinitiaKA120conv24.png\"><\/a><br \/>\nAqu\u00ed teniu la <a href=\"http:\/\/www.sepie.es\/doc\/convocatoria\/2024\/resoluciones\/febrero_2025\/ka120\/resolucion.pdf\" target=\"_blank\" rel=\"noopener\">resoluci\u00f3 definitiva<\/a> de sol\u00b7licituds seleccionades i rebutjades de l\u2019Acci\u00f3 Clau1 \u2013 Mobilitat educativa de les persones &#8211; Acreditaci\u00f3 Erasmus en l\u2019 \u00e0mbit de l\u2019Educaci\u00f3 Escolar (KA120-SCH), de la Formaci\u00f3 Professional (KA120-VET) i de l&#8217;Educaci\u00f3 de Persones Adultes (KA120-ADU)\u00a0corresponents&hellip;  <a href=\"https:\/\/projectes.xtec.cat\/internacional\/general\/publicada-la-resolucio-definitiva-erasmus-ka120-convocatoria-2024\/\" title=\"Read Publicada la resoluci\u00f3 definitiva Erasmus+ KA120 convocat\u00f2ria 2024\">Llegeix m\u00e9s\u00bb<\/a><\/p>\n","protected":false},"author":1,"featured_media":16340,"comment_status":"open","ping_status":"closed","sticky":false,"template":"","format":"standard","meta":{"_bbp_topic_count":0,"_bbp_reply_count":0,"_bbp_total_topic_count":0,"_bbp_total_reply_count":0,"_bbp_voice_count":0,"_bbp_anonymous_reply_count":0,"_bbp_topic_count_hidden":0,"_bbp_reply_count_hidden":0,"_bbp_forum_subforum_count":0,"footnotes":""},"categories":[311,1,312,461,29,309,436],"tags":[],"class_list":["post-16335","post","type-post","status-publish","format-standard","has-post-thumbnail","hentry","category-erasmus","category-general","category-ka1","category-noticies-erasmus","category-portada","category-programa-erasmus-2021-2027","category-sepie"],"post_mailing_queue_ids":[],"_links":{"self":[{"href":"https:\/\/projectes.xtec.cat\/internacional\/wp-json\/wp\/v2\/posts\/16335","targetHints":{"allow":["GET"]}}],"collection":[{"href":"https:\/\/projectes.xtec.cat\/internacional\/wp-json\/wp\/v2\/posts"}],"about":[{"href":"https:\/\/projectes.xtec.cat\/internacional\/wp-json\/wp\/v2\/types\/post"}],"author":[{"embeddable":true,"href":"https:\/\/projectes.xtec.cat\/internacional\/wp-json\/wp\/v2\/users\/1"}],"replies":[{"embeddable":true,"href":"https:\/\/projectes.xtec.cat\/internacional\/wp-json\/wp\/v2\/comments?post=16335"}],"version-history":[{"count":6,"href":"https:\/\/projectes.xtec.cat\/internacional\/wp-json\/wp\/v2\/posts\/16335\/revisions"}],"predecessor-version":[{"id":16342,"href":"https:\/\/projectes.xtec.cat\/internacional\/wp-json\/wp\/v2\/posts\/16335\/revisions\/16342"}],"wp:featuredmedia":[{"embeddable":true,"href":"https:\/\/projectes.xtec.cat\/internacional\/wp-json\/wp\/v2\/media\/16340"}],"wp:attachment":[{"href":"https:\/\/projectes.xtec.cat\/internacional\/wp-json\/wp\/v2\/media?parent=16335"}],"wp:term":[{"taxonomy":"category","embeddable":true,"href":"https:\/\/projectes.xtec.cat\/internacional\/wp-json\/wp\/v2\/categories?post=16335"},{"taxonomy":"post_tag","embeddable":true,"href":"https:\/\/projectes.xtec.cat\/internacional\/wp-json\/wp\/v2\/tags?post=16335"}],"curies":[{"name":"wp","href":"https:\/\/api.w.org\/{rel}","templated":true}]}}