{"id":16448,"date":"2025-03-04T07:31:29","date_gmt":"2025-03-04T06:31:29","guid":{"rendered":"https:\/\/projectes.xtec.cat\/internacional\/?p=16448"},"modified":"2025-03-04T07:31:29","modified_gmt":"2025-03-04T06:31:29","slug":"3a-sessio-seminari-coordinacio-cete23","status":"publish","type":"post","link":"https:\/\/projectes.xtec.cat\/internacional\/general\/3a-sessio-seminari-coordinacio-cete23\/","title":{"rendered":"3a Sessi\u00f3 Seminari Coordinaci\u00f3 CETE+23"},"content":{"rendered":"<p><a href=\"https:\/\/projectes.xtec.cat\/internacional\/wp-content\/uploads\/usu1767\/2025\/03\/portada.png\"><img loading=\"lazy\" decoding=\"async\" class=\"wp-image-16473 aligncenter\" src=\"https:\/\/projectes.xtec.cat\/internacional\/wp-content\/uploads\/usu1767\/2025\/03\/portada.png\" alt=\"\" width=\"591\" height=\"373\" srcset=\"https:\/\/projectes.xtec.cat\/internacional\/wp-content\/uploads\/usu1767\/2025\/03\/portada.png 931w, https:\/\/projectes.xtec.cat\/internacional\/wp-content\/uploads\/usu1767\/2025\/03\/portada-300x189.png 300w, https:\/\/projectes.xtec.cat\/internacional\/wp-content\/uploads\/usu1767\/2025\/03\/portada-768x484.png 768w\" sizes=\"auto, (max-width: 591px) 100vw, 591px\" \/><\/a><\/p>\n<p><strong>Dimarts, 25 de febrer,<\/strong> vam impartir la tercera <strong>sessi\u00f3 del seminari de seguiment i formaci\u00f3 CETE+ projecte 23<\/strong>, en la que van participar 26 persones. La sessi\u00f3 va tenir una primera part en la que els i les participants van compartir les prediccions de cadascun dels projectes a trav\u00e9s d&#8217;un<strong> speed dating, <\/strong>intercanviant reflexions envers <strong>l&#8217;impacte<\/strong> dels seus respectius projectes, els canvis concrets i a qui afecta, com faran que els canvis siguin <strong>sostenibles<\/strong> i com detectar les caracter\u00edstiques d&#8217;un <strong>projecte d&#8217;\u00e8xit<\/strong>. Mitjan\u00e7ant l&#8217;activitat tamb\u00e9 van intercanviar conclusions a nivell de grup i esclarir dubtes quan van sorgir o tenien. En la segona part de la sessi\u00f3 els i les participants es van agrupar pels diferents equips dels que formen part per realitzar tasques relacionades amb el <strong>pla d\u2019avaluaci\u00f3<\/strong>. Van fer un treball en equip, compartint coneixements envers la relaci\u00f3 de l&#8217;an\u00e0lisi d&#8217;un pla d&#8217;acci\u00f3-avaluaci\u00f3 i la resoluci\u00f3 de dubtes al respecte. La \u00faltima part de la sessi\u00f3 es va destinar a analitzar la redacci\u00f3 d&#8217;objectius i la manera de millorar-la. Les persones que van assistir van valorar molt positivament la sessi\u00f3.<\/p>\n<p>Les organitzadores agra\u00efm als assistents la seva atenci\u00f3 i l\u2019inter\u00e8s en aquest projecte, implicaci\u00f3 que permetr\u00e0 incrementar la qualitat dels Projectes Erasmus+ que comencen.<\/p>\n<p>Recordeu que la seg\u00fcent sessi\u00f3 ser\u00e0 dimarts, <strong>08 d&#8217;abril de 2025,<\/strong>\u00a0a les 9:30 h.<\/p>\n<p>Us hi esperem!<\/p>\n\r\n\t<div class=\"slideshow_container slideshow_container_style-light\" style=\"height: 300px; \" data-slideshow-id=\"16452\" data-style-name=\"style-light\" data-style-version=\"2.3.1\" >\r\n\r\n\t\t\t\t\t<div class=\"slideshow_loading_icon\"><\/div>\r\n\t\t\r\n\t\t<div class=\"slideshow_content\" style=\"display: none;\">\r\n\r\n\t\t\t<div class=\"slideshow_view\">\r\n\t\t\t\t<div class=\"slideshow_slide slideshow_slide_image\">\r\n\t\t\t\t\t\t\t\t\t\t\t<img src=\"https:\/\/projectes.xtec.cat\/internacional\/wp-content\/uploads\/usu1767\/2025\/03\/20250225_094720-scaled.jpg\" alt=\"20250225_094720\" width=\"2560\" height=\"1920\" \/>\r\n\t\t\t\t\t\t\t\t\t\t<div class=\"slideshow_description_box slideshow_transparent\">\r\n\t\t\t\t\t\t<div class=\"slideshow_title\">20250225_094720<\/div>\t\t\t\t\t\t\t\t\t\t\t<\/div>\r\n\t\t\t\t<\/div>\r\n\r\n\t\t\t\t\t\t\r\n\t\t\t\t<div class=\"slideshow_slide slideshow_slide_image\">\r\n\t\t\t\t\t\t\t\t\t\t\t<img src=\"https:\/\/projectes.xtec.cat\/internacional\/wp-content\/uploads\/usu1767\/2025\/03\/20250225_125821-scaled.jpg\" alt=\"20250225_125821\" width=\"2560\" height=\"1920\" \/>\r\n\t\t\t\t\t\t\t\t\t\t<div class=\"slideshow_description_box slideshow_transparent\">\r\n\t\t\t\t\t\t<div class=\"slideshow_title\">20250225_125821<\/div>\t\t\t\t\t\t\t\t\t\t\t<\/div>\r\n\t\t\t\t<\/div>\r\n\r\n\t\t\t\t\t\t<div style=\"clear: both;\"><\/div><\/div><div class=\"slideshow_view\">\r\n\t\t\t\t<div class=\"slideshow_slide slideshow_slide_image\">\r\n\t\t\t\t\t\t\t\t\t\t\t<img src=\"https:\/\/projectes.xtec.cat\/internacional\/wp-content\/uploads\/usu1767\/2025\/03\/20250225_095405-scaled.jpg\" alt=\"20250225_095405\" width=\"2560\" height=\"1920\" \/>\r\n\t\t\t\t\t\t\t\t\t\t<div class=\"slideshow_description_box slideshow_transparent\">\r\n\t\t\t\t\t\t<div class=\"slideshow_title\">20250225_095405<\/div>\t\t\t\t\t\t\t\t\t\t\t<\/div>\r\n\t\t\t\t<\/div>\r\n\r\n\t\t\t\t\t\t\r\n\t\t\t\t<div class=\"slideshow_slide slideshow_slide_image\">\r\n\t\t\t\t\t\t\t\t\t\t\t<img src=\"https:\/\/projectes.xtec.cat\/internacional\/wp-content\/uploads\/usu1767\/2025\/03\/20250225_122922-scaled.jpg\" alt=\"20250225_122922\" width=\"2560\" height=\"1920\" \/>\r\n\t\t\t\t\t\t\t\t\t\t<div class=\"slideshow_description_box slideshow_transparent\">\r\n\t\t\t\t\t\t<div class=\"slideshow_title\">20250225_122922<\/div>\t\t\t\t\t\t\t\t\t\t\t<\/div>\r\n\t\t\t\t<\/div>\r\n\r\n\t\t\t\t\t\t<div style=\"clear: both;\"><\/div><\/div><div class=\"slideshow_view\">\r\n\t\t\t\t<div class=\"slideshow_slide slideshow_slide_image\">\r\n\t\t\t\t\t\t\t\t\t\t\t<img src=\"https:\/\/projectes.xtec.cat\/internacional\/wp-content\/uploads\/usu1767\/2025\/03\/20250225_121129-scaled.jpg\" alt=\"20250225_121129\" width=\"2560\" height=\"2191\" \/>\r\n\t\t\t\t\t\t\t\t\t\t<div class=\"slideshow_description_box slideshow_transparent\">\r\n\t\t\t\t\t\t<div class=\"slideshow_title\">20250225_121129<\/div>\t\t\t\t\t\t\t\t\t\t\t<\/div>\r\n\t\t\t\t<\/div>\r\n\r\n\t\t\t\t\t\t\r\n\t\t\t\t<div class=\"slideshow_slide slideshow_slide_image\">\r\n\t\t\t\t\t\t\t\t\t\t\t<img src=\"https:\/\/projectes.xtec.cat\/internacional\/wp-content\/uploads\/usu1767\/2025\/03\/20250225_125828-scaled.jpg\" alt=\"20250225_125828\" width=\"2560\" height=\"1920\" \/>\r\n\t\t\t\t\t\t\t\t\t\t<div class=\"slideshow_description_box slideshow_transparent\">\r\n\t\t\t\t\t\t<div class=\"slideshow_title\">20250225_125828<\/div>\t\t\t\t\t\t\t\t\t\t\t<\/div>\r\n\t\t\t\t<\/div>\r\n\r\n\t\t\t\t\t\t<div style=\"clear: both;\"><\/div><\/div><div class=\"slideshow_view\">\r\n\t\t\t\t<div class=\"slideshow_slide slideshow_slide_image\">\r\n\t\t\t\t\t\t\t\t\t\t\t<img src=\"https:\/\/projectes.xtec.cat\/internacional\/wp-content\/uploads\/usu1767\/2025\/03\/20250225_095843-scaled.jpg\" alt=\"20250225_095843\" width=\"2560\" height=\"1920\" \/>\r\n\t\t\t\t\t\t\t\t\t\t<div class=\"slideshow_description_box slideshow_transparent\">\r\n\t\t\t\t\t\t<div class=\"slideshow_title\">20250225_095843<\/div>\t\t\t\t\t\t\t\t\t\t\t<\/div>\r\n\t\t\t\t<\/div>\r\n\r\n\t\t\t\t\t\t\r\n\t\t\t\t<div class=\"slideshow_slide slideshow_slide_image\">\r\n\t\t\t\t\t\t\t\t\t\t\t<img src=\"https:\/\/projectes.xtec.cat\/internacional\/wp-content\/uploads\/usu1767\/2025\/03\/20250225_102257-scaled.jpg\" alt=\"20250225_102257\" width=\"2560\" height=\"1920\" \/>\r\n\t\t\t\t\t\t\t\t\t\t<div class=\"slideshow_description_box slideshow_transparent\">\r\n\t\t\t\t\t\t<div class=\"slideshow_title\">20250225_102257<\/div>\t\t\t\t\t\t\t\t\t\t\t<\/div>\r\n\t\t\t\t<\/div>\r\n\r\n\t\t\t\t\t\t<div style=\"clear: both;\"><\/div><\/div><div class=\"slideshow_view\">\r\n\t\t\t\t<div class=\"slideshow_slide slideshow_slide_image\">\r\n\t\t\t\t\t\t\t\t\t\t\t<img src=\"https:\/\/projectes.xtec.cat\/internacional\/wp-content\/uploads\/usu1767\/2025\/03\/20250225_110309-scaled.jpg\" alt=\"20250225_110309\" width=\"2560\" height=\"1920\" \/>\r\n\t\t\t\t\t\t\t\t\t\t<div class=\"slideshow_description_box slideshow_transparent\">\r\n\t\t\t\t\t\t<div class=\"slideshow_title\">20250225_110309<\/div>\t\t\t\t\t\t\t\t\t\t\t<\/div>\r\n\t\t\t\t<\/div>\r\n\r\n\t\t\t\t\t\t\r\n\t\t\t\t<div class=\"slideshow_slide slideshow_slide_image\">\r\n\t\t\t\t\t\t\t\t\t\t\t<img src=\"https:\/\/projectes.xtec.cat\/internacional\/wp-content\/uploads\/usu1767\/2025\/03\/20250225_100654-scaled.jpg\" alt=\"20250225_100654\" width=\"2560\" height=\"1920\" \/>\r\n\t\t\t\t\t\t\t\t\t\t<div class=\"slideshow_description_box slideshow_transparent\">\r\n\t\t\t\t\t\t<div class=\"slideshow_title\">20250225_100654<\/div>\t\t\t\t\t\t\t\t\t\t\t<\/div>\r\n\t\t\t\t<\/div>\r\n\r\n\t\t\t\t\t\t<div style=\"clear: both;\"><\/div><\/div><div class=\"slideshow_view\">\r\n\t\t\t\t<div class=\"slideshow_slide slideshow_slide_image\">\r\n\t\t\t\t\t\t\t\t\t\t\t<img src=\"https:\/\/projectes.xtec.cat\/internacional\/wp-content\/uploads\/usu1767\/2025\/03\/20250225_131510-scaled.jpg\" alt=\"20250225_131510\" width=\"2560\" height=\"1920\" \/>\r\n\t\t\t\t\t\t\t\t\t\t<div class=\"slideshow_description_box slideshow_transparent\">\r\n\t\t\t\t\t\t<div class=\"slideshow_title\">20250225_131510<\/div>\t\t\t\t\t\t\t\t\t\t\t<\/div>\r\n\t\t\t\t<\/div>\r\n\r\n\t\t\t\t\t\t\r\n\t\t\t\t<div class=\"slideshow_slide slideshow_slide_image\">\r\n\t\t\t\t\t\t\t\t\t\t\t<img src=\"https:\/\/projectes.xtec.cat\/internacional\/wp-content\/uploads\/usu1767\/2025\/03\/20250225_115820-scaled.jpg\" alt=\"20250225_115820\" width=\"2560\" height=\"1920\" \/>\r\n\t\t\t\t\t\t\t\t\t\t<div class=\"slideshow_description_box slideshow_transparent\">\r\n\t\t\t\t\t\t<div class=\"slideshow_title\">20250225_115820<\/div>\t\t\t\t\t\t\t\t\t\t\t<\/div>\r\n\t\t\t\t<\/div>\r\n\r\n\t\t\t\t\t\t<div style=\"clear: both;\"><\/div><\/div><div class=\"slideshow_view\">\r\n\t\t\t\t<div class=\"slideshow_slide slideshow_slide_image\">\r\n\t\t\t\t\t\t\t\t\t\t\t<img src=\"https:\/\/projectes.xtec.cat\/internacional\/wp-content\/uploads\/usu1767\/2025\/03\/20250225_131743-scaled.jpg\" alt=\"20250225_131743\" width=\"2560\" height=\"1920\" \/>\r\n\t\t\t\t\t\t\t\t\t\t<div class=\"slideshow_description_box slideshow_transparent\">\r\n\t\t\t\t\t\t<div class=\"slideshow_title\">20250225_131743<\/div>\t\t\t\t\t\t\t\t\t\t\t<\/div>\r\n\t\t\t\t<\/div>\r\n\r\n\t\t\t\t\t\t\r\n\t\t\t\t<div class=\"slideshow_slide slideshow_slide_image\">\r\n\t\t\t\t\t\t\t\t\t\t\t<img src=\"https:\/\/projectes.xtec.cat\/internacional\/wp-content\/uploads\/usu1767\/2025\/03\/20250225_131144-scaled.jpg\" alt=\"20250225_131144\" width=\"2560\" height=\"1920\" \/>\r\n\t\t\t\t\t\t\t\t\t\t<div class=\"slideshow_description_box slideshow_transparent\">\r\n\t\t\t\t\t\t<div class=\"slideshow_title\">20250225_131144<\/div>\t\t\t\t\t\t\t\t\t\t\t<\/div>\r\n\t\t\t\t<\/div>\r\n\r\n\t\t\t\t\t\t<div style=\"clear: both;\"><\/div><\/div>\r\n\t\t<\/div>\r\n\r\n\t\t<div class=\"slideshow_controlPanel slideshow_transparent\" style=\"display: none;\"><ul><li class=\"slideshow_togglePlay\" data-play-text=\"Visualitza\" data-pause-text=\"Pausa\"><\/li><\/ul><\/div>\r\n\r\n\t\t<div class=\"slideshow_button slideshow_previous slideshow_transparent\" role=\"button\" data-previous-text=\"Anterior\" style=\"display: none;\"><\/div>\r\n\t\t<div class=\"slideshow_button slideshow_next slideshow_transparent\" role=\"button\" data-next-text=\"Seg\u00fcent\" style=\"display: none;\"><\/div>\r\n\r\n\t\t<div class=\"slideshow_pagination\" style=\"display: none;\" data-go-to-text=\"V\u00e9s a la diapositiva\"><div class=\"slideshow_pagination_center\"><\/div><\/div>\r\n\r\n\t\t<!-- WordPress Slideshow Version 2.3.1 -->\r\n\r\n\t\t\t<\/div>\r\n\r\n\n","protected":false},"excerpt":{"rendered":"<p><a href=\"https:\/\/projectes.xtec.cat\/internacional\/wp-content\/uploads\/usu1767\/2025\/03\/portada.png\"><\/a><br \/>\nDimarts, 25 de febrer, vam impartir la tercera sessi\u00f3 del seminari de seguiment i formaci\u00f3 CETE+ projecte 23, en la que van participar 26 persones. La sessi\u00f3 va tenir una primera part en la que els i les participants van compartir les prediccions de&hellip;  <a href=\"https:\/\/projectes.xtec.cat\/internacional\/general\/3a-sessio-seminari-coordinacio-cete23\/\" title=\"Read 3a Sessi\u00f3 Seminari Coordinaci\u00f3 CETE+23\">Llegeix m\u00e9s\u00bb<\/a><\/p>\n","protected":false},"author":1,"featured_media":16473,"comment_status":"open","ping_status":"closed","sticky":false,"template":"","format":"standard","meta":{"_bbp_topic_count":0,"_bbp_reply_count":0,"_bbp_total_topic_count":0,"_bbp_total_reply_count":0,"_bbp_voice_count":0,"_bbp_anonymous_reply_count":0,"_bbp_topic_count_hidden":0,"_bbp_reply_count_hidden":0,"_bbp_forum_subforum_count":0,"footnotes":""},"categories":[154,1,457,29,309,76],"tags":[],"class_list":["post-16448","post","type-post","status-publish","format-standard","has-post-thumbnail","hentry","category-formacio","category-general","category-noticies-formacio-erasmus","category-portada","category-programa-erasmus-2021-2027","category-recursos"],"post_mailing_queue_ids":[],"_links":{"self":[{"href":"https:\/\/projectes.xtec.cat\/internacional\/wp-json\/wp\/v2\/posts\/16448","targetHints":{"allow":["GET"]}}],"collection":[{"href":"https:\/\/projectes.xtec.cat\/internacional\/wp-json\/wp\/v2\/posts"}],"about":[{"href":"https:\/\/projectes.xtec.cat\/internacional\/wp-json\/wp\/v2\/types\/post"}],"author":[{"embeddable":true,"href":"https:\/\/projectes.xtec.cat\/internacional\/wp-json\/wp\/v2\/users\/1"}],"replies":[{"embeddable":true,"href":"https:\/\/projectes.xtec.cat\/internacional\/wp-json\/wp\/v2\/comments?post=16448"}],"version-history":[{"count":7,"href":"https:\/\/projectes.xtec.cat\/internacional\/wp-json\/wp\/v2\/posts\/16448\/revisions"}],"predecessor-version":[{"id":16479,"href":"https:\/\/projectes.xtec.cat\/internacional\/wp-json\/wp\/v2\/posts\/16448\/revisions\/16479"}],"wp:featuredmedia":[{"embeddable":true,"href":"https:\/\/projectes.xtec.cat\/internacional\/wp-json\/wp\/v2\/media\/16473"}],"wp:attachment":[{"href":"https:\/\/projectes.xtec.cat\/internacional\/wp-json\/wp\/v2\/media?parent=16448"}],"wp:term":[{"taxonomy":"category","embeddable":true,"href":"https:\/\/projectes.xtec.cat\/internacional\/wp-json\/wp\/v2\/categories?post=16448"},{"taxonomy":"post_tag","embeddable":true,"href":"https:\/\/projectes.xtec.cat\/internacional\/wp-json\/wp\/v2\/tags?post=16448"}],"curies":[{"name":"wp","href":"https:\/\/api.w.org\/{rel}","templated":true}]}}