{"id":16530,"date":"2025-03-11T21:38:21","date_gmt":"2025-03-11T20:38:21","guid":{"rendered":"https:\/\/projectes.xtec.cat\/internacional\/?p=16530"},"modified":"2025-03-11T21:38:21","modified_gmt":"2025-03-11T20:38:21","slug":"tca-erasmus-sobre-la-gestio-de-projectes-ecologics-i-laprenentatge-dadults","status":"publish","type":"post","link":"https:\/\/projectes.xtec.cat\/internacional\/general\/tca-erasmus-sobre-la-gestio-de-projectes-ecologics-i-laprenentatge-dadults\/","title":{"rendered":"TCA Erasmus+ sobre la gesti\u00f3 de projectes ecol\u00f2gics i l&#8217;aprenentatge d&#8217;adults!"},"content":{"rendered":"<p><a href=\"https:\/\/projectes.xtec.cat\/internacional\/wp-content\/uploads\/usu1767\/2025\/03\/image003-1.png\"><img loading=\"lazy\" decoding=\"async\" class=\"wp-image-16518 aligncenter\" src=\"https:\/\/projectes.xtec.cat\/internacional\/wp-content\/uploads\/usu1767\/2025\/03\/image003-1.png\" alt=\"\" width=\"825\" height=\"292\" srcset=\"https:\/\/projectes.xtec.cat\/internacional\/wp-content\/uploads\/usu1767\/2025\/03\/image003-1.png 932w, https:\/\/projectes.xtec.cat\/internacional\/wp-content\/uploads\/usu1767\/2025\/03\/image003-1-300x106.png 300w, https:\/\/projectes.xtec.cat\/internacional\/wp-content\/uploads\/usu1767\/2025\/03\/image003-1-768x272.png 768w\" sizes=\"auto, (max-width: 825px) 100vw, 825px\" \/><\/a><\/p>\n<p>Volem compartir amb tu dues <strong>Activitats de Formaci\u00f3 i Cooperaci\u00f3<\/strong> que podrien ser del teu inter\u00e8s:<\/p>\n<h5><strong>1) Ecological &amp; Sustainable project Management in Erasmus+<\/strong><\/h5>\n<p>L&#8217;Ag\u00e8ncia Nacional Erasmus+ SEPIE selecciona <strong>2 participants<\/strong> residents a Espanya per participar en aquest seminari, que tindr\u00e0 lloc en <strong>Ruggell (Liechtenstein)<\/strong>, del <strong>12 al 15 de maig de 2025.<\/strong>\u00a0 Est\u00e0 organitzat per l&#8217;Ag\u00e8ncia Nacional de Liechtenstein.<\/p>\n<p>Per accedir a tota la informaci\u00f3 sobre aquesta activitat pots clicar <a href=\"http:\/\/www.sepie.es\/tca.html\" target=\"_blank\" rel=\"noopener\">aqu\u00ed<\/a>.<\/p>\n<h5><strong>2) INFORM: Adult Learning<\/strong><\/h5>\n<p>L&#8217;Ag\u00e8ncia Nacional Erasmus+ SEPIE selecciona 4<strong>\u00a0participants<\/strong> residents a Espanya per participar en aquest seminari, que tindr\u00e0 lloc en <strong>Athlone (Irlanda),<\/strong> del <strong>13 al 16 de maig de 2025<\/strong>. Est\u00e0 organitzat per l&#8217;Ag\u00e8ncia Nacional d&#8217;Irlanda.<\/p>\n<p>Pots accedir a tota la informaci\u00f3 en el seg\u00fcent <a href=\"http:\/\/www.sepie.es\/tca.html\" target=\"_blank\" rel=\"noopener\">enlla\u00e7<\/a>.<\/p>\n<p>En totes dues TCA el <strong>termini de sol\u00b7licitud finalitza<\/strong> el <strong>13 de mar\u00e7 de 2025<\/strong> (12:00 h Brussel\u00b7les).<\/p>\n<p>Anima&#8217;t i participa!<\/p>\n","protected":false},"excerpt":{"rendered":"<p><a href=\"https:\/\/projectes.xtec.cat\/internacional\/wp-content\/uploads\/usu1767\/2025\/03\/image003-1.png\"><\/a><br \/>\nVolem compartir amb tu dues Activitats de Formaci\u00f3 i Cooperaci\u00f3 que podrien ser del teu inter\u00e8s:<br \/>\n1) Ecological &amp; Sustainable project Management in Erasmus+<br \/>\nL&#8217;Ag\u00e8ncia Nacional Erasmus+ SEPIE selecciona 2 participants residents a Espanya per participar en aquest seminari, que tindr\u00e0 lloc en Ruggell (Liechtenstein), del&hellip;  <a href=\"https:\/\/projectes.xtec.cat\/internacional\/general\/tca-erasmus-sobre-la-gestio-de-projectes-ecologics-i-laprenentatge-dadults\/\" title=\"Read TCA Erasmus+ sobre la gesti\u00f3 de projectes ecol\u00f2gics i l&#8217;aprenentatge d&#8217;adults!\">Llegeix m\u00e9s\u00bb<\/a><\/p>\n","protected":false},"author":1,"featured_media":16518,"comment_status":"open","ping_status":"closed","sticky":false,"template":"","format":"standard","meta":{"_bbp_topic_count":0,"_bbp_reply_count":0,"_bbp_total_topic_count":0,"_bbp_total_reply_count":0,"_bbp_voice_count":0,"_bbp_anonymous_reply_count":0,"_bbp_topic_count_hidden":0,"_bbp_reply_count_hidden":0,"_bbp_forum_subforum_count":0,"footnotes":""},"categories":[154,1,457,29,309,76,436],"tags":[],"class_list":["post-16530","post","type-post","status-publish","format-standard","has-post-thumbnail","hentry","category-formacio","category-general","category-noticies-formacio-erasmus","category-portada","category-programa-erasmus-2021-2027","category-recursos","category-sepie"],"post_mailing_queue_ids":[],"_links":{"self":[{"href":"https:\/\/projectes.xtec.cat\/internacional\/wp-json\/wp\/v2\/posts\/16530","targetHints":{"allow":["GET"]}}],"collection":[{"href":"https:\/\/projectes.xtec.cat\/internacional\/wp-json\/wp\/v2\/posts"}],"about":[{"href":"https:\/\/projectes.xtec.cat\/internacional\/wp-json\/wp\/v2\/types\/post"}],"author":[{"embeddable":true,"href":"https:\/\/projectes.xtec.cat\/internacional\/wp-json\/wp\/v2\/users\/1"}],"replies":[{"embeddable":true,"href":"https:\/\/projectes.xtec.cat\/internacional\/wp-json\/wp\/v2\/comments?post=16530"}],"version-history":[{"count":5,"href":"https:\/\/projectes.xtec.cat\/internacional\/wp-json\/wp\/v2\/posts\/16530\/revisions"}],"predecessor-version":[{"id":16534,"href":"https:\/\/projectes.xtec.cat\/internacional\/wp-json\/wp\/v2\/posts\/16530\/revisions\/16534"}],"wp:featuredmedia":[{"embeddable":true,"href":"https:\/\/projectes.xtec.cat\/internacional\/wp-json\/wp\/v2\/media\/16518"}],"wp:attachment":[{"href":"https:\/\/projectes.xtec.cat\/internacional\/wp-json\/wp\/v2\/media?parent=16530"}],"wp:term":[{"taxonomy":"category","embeddable":true,"href":"https:\/\/projectes.xtec.cat\/internacional\/wp-json\/wp\/v2\/categories?post=16530"},{"taxonomy":"post_tag","embeddable":true,"href":"https:\/\/projectes.xtec.cat\/internacional\/wp-json\/wp\/v2\/tags?post=16530"}],"curies":[{"name":"wp","href":"https:\/\/api.w.org\/{rel}","templated":true}]}}