{"id":16678,"date":"2025-04-07T16:32:32","date_gmt":"2025-04-07T14:32:32","guid":{"rendered":"https:\/\/projectes.xtec.cat\/internacional\/?p=16678"},"modified":"2025-04-07T16:32:32","modified_gmt":"2025-04-07T14:32:32","slug":"premis-nacionals-etwinning-convocatoria-2025","status":"publish","type":"post","link":"https:\/\/projectes.xtec.cat\/internacional\/general\/premis-nacionals-etwinning-convocatoria-2025\/","title":{"rendered":"Premis Nacionals eTwinning convocat\u00f2ria 2025!"},"content":{"rendered":"<p><a href=\"https:\/\/projectes.xtec.cat\/internacional\/wp-content\/uploads\/usu1767\/2025\/04\/PremisNacionals25.png\"><img loading=\"lazy\" decoding=\"async\" class=\"wp-image-16680 aligncenter\" src=\"https:\/\/projectes.xtec.cat\/internacional\/wp-content\/uploads\/usu1767\/2025\/04\/PremisNacionals25.png\" alt=\"\" width=\"634\" height=\"360\" srcset=\"https:\/\/projectes.xtec.cat\/internacional\/wp-content\/uploads\/usu1767\/2025\/04\/PremisNacionals25.png 929w, https:\/\/projectes.xtec.cat\/internacional\/wp-content\/uploads\/usu1767\/2025\/04\/PremisNacionals25-300x171.png 300w, https:\/\/projectes.xtec.cat\/internacional\/wp-content\/uploads\/usu1767\/2025\/04\/PremisNacionals25-768x436.png 768w\" sizes=\"auto, (max-width: 634px) 100vw, 634px\" \/><\/a><\/p>\n<p>S&#8217;ha publicat el llistat dels docents i projectes premiats en la convocat\u00f2ria d&#8217;enguany de <strong>Premis eTwinning 2025!<\/strong><\/p>\n<p>Pots consultar tota la informaci\u00f3 en a trav\u00e9s dels seg\u00fcents enlla\u00e7os:<\/p>\n<ul>\n<li>Portal del <a href=\"https:\/\/etwinning.es\/premios-nacionales-etwinning-2025-publicacion-de-galardonados\/\" target=\"_blank\" rel=\"noopener\">Servei de Suport Nacional eTwinning<\/a><\/li>\n<li>Portal del <a href=\"https:\/\/www.educacionfpydeportes.gob.es\/servicios-al-ciudadano\/catalogo\/general\/20\/202799\/ficha\/202799-2025.html\" target=\"_blank\" rel=\"noopener\">Ministeri d&#8217;Educaci\u00f3, Formaci\u00f3 Professional i Esports<\/a><\/li>\n<\/ul>\n<p>Enhorabona a tot el professorat i alumnat guardonat!<\/p>\n","protected":false},"excerpt":{"rendered":"<p><a href=\"https:\/\/projectes.xtec.cat\/internacional\/wp-content\/uploads\/usu1767\/2025\/04\/PremisNacionals25.png\"><\/a><br \/>\nS&#8217;ha publicat el llistat dels docents i projectes premiats en la convocat\u00f2ria d&#8217;enguany de Premis eTwinning 2025!<br \/>\nPots consultar tota la informaci\u00f3 en a trav\u00e9s dels seg\u00fcents enlla\u00e7os:<\/p>\n<ul>\n<li>Portal del <a href=\"https:\/\/etwinning.es\/premios-nacionales-etwinning-2025-publicacion-de-galardonados\/\" target=\"_blank\" rel=\"noopener\">Servei de Suport Nacional eTwinning<\/a><\/li>\n<li>Portal del <a href=\"https:\/\/www.educacionfpydeportes.gob.es\/servicios-al-ciudadano\/catalogo\/general\/20\/202799\/ficha\/202799-2025.html\" target=\"_blank\" rel=\"noopener\">Ministeri d&#8217;Educaci\u00f3, Formaci\u00f3 Professional&hellip;  <a href=\"https:\/\/projectes.xtec.cat\/internacional\/general\/premis-nacionals-etwinning-convocatoria-2025\/\" title=\"Read Premis Nacionals eTwinning convocat\u00f2ria 2025!\">Llegeix m\u00e9s\u00bb<\/a><br \/>\n","protected":false},"author":1,"featured_media":16680,"comment_status":"open","ping_status":"closed","sticky":false,"template":"","format":"standard","meta":{"_bbp_topic_count":0,"_bbp_reply_count":0,"_bbp_total_topic_count":0,"_bbp_total_reply_count":0,"_bbp_voice_count":0,"_bbp_anonymous_reply_count":0,"_bbp_topic_count_hidden":0,"_bbp_reply_count_hidden":0,"_bbp_forum_subforum_count":0,"footnotes":""},"categories":[295,1,367,29,365,299],"tags":[],"class_list":["post-16678","post","type-post","status-publish","format-standard","has-post-thumbnail","hentry","category-etwinning","category-general","category-noticies-etwinning-etwinning","category-portada","category-premis","category-projectes"],"post_mailing_queue_ids":[],"_links":{"self":[{"href":"https:\/\/projectes.xtec.cat\/internacional\/wp-json\/wp\/v2\/posts\/16678","targetHints":{"allow":["GET"]}}],"collection":[{"href":"https:\/\/projectes.xtec.cat\/internacional\/wp-json\/wp\/v2\/posts"}],"about":[{"href":"https:\/\/projectes.xtec.cat\/internacional\/wp-json\/wp\/v2\/types\/post"}],"author":[{"embeddable":true,"href":"https:\/\/projectes.xtec.cat\/internacional\/wp-json\/wp\/v2\/users\/1"}],"replies":[{"embeddable":true,"href":"https:\/\/projectes.xtec.cat\/internacional\/wp-json\/wp\/v2\/comments?post=16678"}],"version-history":[{"count":5,"href":"https:\/\/projectes.xtec.cat\/internacional\/wp-json\/wp\/v2\/posts\/16678\/revisions"}],"predecessor-version":[{"id":16684,"href":"https:\/\/projectes.xtec.cat\/internacional\/wp-json\/wp\/v2\/posts\/16678\/revisions\/16684"}],"wp:featuredmedia":[{"embeddable":true,"href":"https:\/\/projectes.xtec.cat\/internacional\/wp-json\/wp\/v2\/media\/16680"}],"wp:attachment":[{"href":"https:\/\/projectes.xtec.cat\/internacional\/wp-json\/wp\/v2\/media?parent=16678"}],"wp:term":[{"taxonomy":"category","embeddable":true,"href":"https:\/\/projectes.xtec.cat\/internacional\/wp-json\/wp\/v2\/categories?post=16678"},{"taxonomy":"post_tag","embeddable":true,"href":"https:\/\/projectes.xtec.cat\/internacional\/wp-json\/wp\/v2\/tags?post=16678"}],"curies":[{"name":"wp","href":"https:\/\/api.w.org\/{rel}","templated":true}]}}