{"id":16686,"date":"2025-04-09T20:07:26","date_gmt":"2025-04-09T18:07:26","guid":{"rendered":"https:\/\/projectes.xtec.cat\/internacional\/?p=16686"},"modified":"2025-04-09T20:07:26","modified_gmt":"2025-04-09T18:07:26","slug":"mes-recursos-des-desep-webinars-publicacions-i-el-grafic-del-mes","status":"publish","type":"post","link":"https:\/\/projectes.xtec.cat\/internacional\/general\/mes-recursos-des-desep-webinars-publicacions-i-el-grafic-del-mes\/","title":{"rendered":"M\u00e9s recursos des d&#8217;ESEP&#8230; Webinars, publicacions i el gr\u00e0fic del mes!"},"content":{"rendered":"<p><a href=\"https:\/\/projectes.xtec.cat\/internacional\/wp-content\/uploads\/usu1767\/2025\/04\/ESEPabril.png\"><img loading=\"lazy\" decoding=\"async\" class=\"wp-image-16693 aligncenter\" src=\"https:\/\/projectes.xtec.cat\/internacional\/wp-content\/uploads\/usu1767\/2025\/04\/ESEPabril.png\" alt=\"\" width=\"701\" height=\"463\" srcset=\"https:\/\/projectes.xtec.cat\/internacional\/wp-content\/uploads\/usu1767\/2025\/04\/ESEPabril.png 885w, https:\/\/projectes.xtec.cat\/internacional\/wp-content\/uploads\/usu1767\/2025\/04\/ESEPabril-300x198.png 300w, https:\/\/projectes.xtec.cat\/internacional\/wp-content\/uploads\/usu1767\/2025\/04\/ESEPabril-768x508.png 768w\" sizes=\"auto, (max-width: 701px) 100vw, 701px\" \/><\/a><\/p>\n<p>Fes una ullada a l\u2019<strong>oferta de recursos<\/strong>\u00a0que\u00a0<strong>ESEP (European School Education Platform)<\/strong> comparteix amb tots nosaltres i que segur et seran d\u2019utilitat tant si ja est\u00e0s participant en projectes eTwinning o Erasmus+ com si t\u2019est\u00e0s plantejant iniciar la teva aventura en el m\u00f3n de la internacionalitzaci\u00f3 del teu centre. Tamb\u00e9 volem compartir amb tu, com a novetat, el <strong>gr\u00e0fic del mes<\/strong> i una <strong>enquesta<\/strong> perqu\u00e8 puguis aportar la teva opini\u00f3 sobre l&#8217;\u00fas del tel\u00e8fon m\u00f2bil i el seu impacte.<\/p>\n<h4><strong>Enquesta: Mobile phones &#8211; an ally or enemy in schools?<\/strong><\/h4>\n<p>A trav\u00e9s d&#8217;aquesta <a href=\"https:\/\/ec.europa.eu\/eusurvey\/runner\/esep-survey-mobilephones-2025\" target=\"_blank\" rel=\"noopener\">enquesta<\/a> pots compartir la teva opini\u00f3 sobre l&#8217;impacte de l&#8217;\u00fas del tel\u00e8fon m\u00f2bil en les escoles, els beneficis, els reptes percebuts per la prohibici\u00f3 d&#8217;aquets i les mesures alternatives per gestionar el temps davant la pantalla. Tens temps fins al <strong>22 d&#8217;abril de 2025.<\/strong><\/p>\n<h4><strong>Cursos i tutorials:<\/strong><\/h4>\n<ul>\n<li style=\"list-style-type: none;\">\n<ul>\n<li><a href=\"https:\/\/school-education.ec.europa.eu\/en\/learn\/courses\/self-paced-course-using-debate-build-critical-thinking-and-communication-skills?prefLang=en&amp;pk_campaign=esep-apr25-n1\" target=\"_blank\" rel=\"noopener noreferrer\" data-saferedirecturl=\"https:\/\/www.google.com\/url?q=https:\/\/school-education.ec.europa.eu\/en\/learn\/courses\/self-paced-course-using-debate-build-critical-thinking-and-communication-skills?prefLang%3Den%26pk_campaign%3Desep-apr25-n1&amp;source=gmail&amp;ust=1744264399076000&amp;usg=AOvVaw0A6Dl2NPS0OYyCr3MoO86G\">Self-paced course: Using debate to build critical thinking and communication skills<\/a>, no expiration date<\/li>\n<li><a href=\"https:\/\/school-education.ec.europa.eu\/en\/learn\/courses\/engage-families-build-strong-classroom-reading-culture?prefLang=en&amp;pk_campaign=esep-apr25-n1\" target=\"_blank\" rel=\"noopener noreferrer\" data-saferedirecturl=\"https:\/\/www.google.com\/url?q=https:\/\/school-education.ec.europa.eu\/en\/learn\/courses\/engage-families-build-strong-classroom-reading-culture?prefLang%3Den%26pk_campaign%3Desep-apr25-n1&amp;source=gmail&amp;ust=1744264399076000&amp;usg=AOvVaw3X5bccTQk7PtYYYkXxiAHp\">Engage families to build a strong classroom reading culture<\/a>, 14.04.2025<\/li>\n<li><a href=\"https:\/\/school-education.ec.europa.eu\/en\/learn\/courses\/online-tutorial-playful-learning-reading-child-centred-approach-classroom?prefLang=en&amp;pk_campaign=esep-apr25-n1\" target=\"_blank\" rel=\"noopener noreferrer\" data-saferedirecturl=\"https:\/\/www.google.com\/url?q=https:\/\/school-education.ec.europa.eu\/en\/learn\/courses\/online-tutorial-playful-learning-reading-child-centred-approach-classroom?prefLang%3Den%26pk_campaign%3Desep-apr25-n1&amp;source=gmail&amp;ust=1744264399076000&amp;usg=AOvVaw3Mi_uwnR4E4_9xgCM_hv0B\">Playful learning for reading: a child-centred approach in the classroom<\/a>, 14.04.2025<\/li>\n<\/ul>\n<\/li>\n<\/ul>\n<h4><strong>Webinars:<\/strong><\/h4>\n<ul>\n<li style=\"list-style-type: none;\">\n<ul>\n<li><a href=\"https:\/\/school-education.ec.europa.eu\/en\/learn\/webinars\/european-commission-webinar-reading-fluency-and-comprehension-key-insights-and-approaches-teachers?prefLang=en&amp;pk_campaign=esep-apr25-n1\" target=\"_blank\" rel=\"noopener noreferrer\" data-saferedirecturl=\"https:\/\/www.google.com\/url?q=https:\/\/school-education.ec.europa.eu\/en\/learn\/webinars\/european-commission-webinar-reading-fluency-and-comprehension-key-insights-and-approaches-teachers?prefLang%3Den%26pk_campaign%3Desep-apr25-n1&amp;source=gmail&amp;ust=1744264399076000&amp;usg=AOvVaw0TjfHpxMCQA-7C01QBzDBT\">Reading fluency and comprehension: key insights and approaches for teachers<\/a>, 25.04.2025<\/li>\n<li>Webinar series:\u00a0<a href=\"https:\/\/school-education.ec.europa.eu\/en\/learn\/webinars\/european-commission-webinar-series-empowering-struggling-readers?prefLang=en&amp;pk_campaign=esep-apr25-n1\" target=\"_blank\" rel=\"noopener noreferrer\" data-saferedirecturl=\"https:\/\/www.google.com\/url?q=https:\/\/school-education.ec.europa.eu\/en\/learn\/webinars\/european-commission-webinar-series-empowering-struggling-readers?prefLang%3Den%26pk_campaign%3Desep-apr25-n1&amp;source=gmail&amp;ust=1744264399076000&amp;usg=AOvVaw1tfdrta6U-OIgU_49WrVLq\">Empowering struggling readers<\/a>, 05.05.2025 and 08.05.2025<\/li>\n<\/ul>\n<\/li>\n<\/ul>\n<h4><strong>\u00a0Gravacions de seminaris:<\/strong><\/h4>\n<ul>\n<li style=\"list-style-type: none;\">\n<ul>\n<li><a href=\"https:\/\/school-education.ec.europa.eu\/en\/learn\/webinars\/european-commission-webinar-engaging-maths-education-through-games-technology-and-interdisciplinary-learning?prefLang=en&amp;pk_campaign=esep-apr25-n1\" target=\"_blank\" rel=\"noopener noreferrer\" data-saferedirecturl=\"https:\/\/www.google.com\/url?q=https:\/\/school-education.ec.europa.eu\/en\/learn\/webinars\/european-commission-webinar-engaging-maths-education-through-games-technology-and-interdisciplinary-learning?prefLang%3Den%26pk_campaign%3Desep-apr25-n1&amp;source=gmail&amp;ust=1744264399076000&amp;usg=AOvVaw2HU_yNx-9RxwLtMaXha6hu\">Engaging maths education through games, technology and interdisciplinary learning<\/a>, 24.03.2025<\/li>\n<li><a href=\"https:\/\/school-education.ec.europa.eu\/en\/learn\/webinars\/european-commission-webinar-introducing-numeracy-ecec-steam-songs-and-storytelling?prefLang=en&amp;pk_campaign=esep-apr25-n1\" target=\"_blank\" rel=\"noopener noreferrer\" data-saferedirecturl=\"https:\/\/www.google.com\/url?q=https:\/\/school-education.ec.europa.eu\/en\/learn\/webinars\/european-commission-webinar-introducing-numeracy-ecec-steam-songs-and-storytelling?prefLang%3Den%26pk_campaign%3Desep-apr25-n1&amp;source=gmail&amp;ust=1744264399076000&amp;usg=AOvVaw0y9zC3CVu0oWR5CxiBYBav\">Introducing numeracy in ECEC with STEAM songs and storytelling<\/a>, 27.03.2025<\/li>\n<\/ul>\n<\/li>\n<\/ul>\n<h4><strong>Publicacions:<\/strong><\/h4>\n<ul>\n<li style=\"list-style-type: none;\">\n<ul>\n<li><strong>Nou article:<\/strong>\u00a0<a href=\"https:\/\/school-education.ec.europa.eu\/en\/discover\/news\/insights-etwinning-workshops-numeracy?prefLang=en&amp;pk_campaign=esep-apr25-n1\" target=\"_blank\" rel=\"noopener noreferrer\" data-saferedirecturl=\"https:\/\/www.google.com\/url?q=https:\/\/school-education.ec.europa.eu\/en\/discover\/news\/insights-etwinning-workshops-numeracy?prefLang%3Den%26pk_campaign%3Desep-apr25-n1&amp;source=gmail&amp;ust=1744264399076000&amp;usg=AOvVaw3twV39iOjCgYAfnNXI033j\">Insights from eTwinning workshops on numeracy<\/a><\/li>\n<li><strong>Nou article:<\/strong>\u00a0<a href=\"https:\/\/school-education.ec.europa.eu\/en\/discover\/news\/etwinning-workshop-citizenship-education?prefLang=en&amp;pk_campaign=esep-apr25-n1\" target=\"_blank\" rel=\"noopener noreferrer\" data-saferedirecturl=\"https:\/\/www.google.com\/url?q=https:\/\/school-education.ec.europa.eu\/en\/discover\/news\/etwinning-workshop-citizenship-education?prefLang%3Den%26pk_campaign%3Desep-apr25-n1&amp;source=gmail&amp;ust=1744264399076000&amp;usg=AOvVaw1EXol8DjbK0cNbO9xWnn1Z\">eTwinning workshop on citizenship education<\/a><\/li>\n<li><strong>Publicaci\u00f3:<\/strong>\u00a0<a href=\"https:\/\/school-education.ec.europa.eu\/en\/discover\/publications\/childrens-reading-competence-and-wellbeing-eu?prefLang=en&amp;pk_campaign=esep-apr25-n1\" target=\"_blank\" rel=\"noopener noreferrer\" data-saferedirecturl=\"https:\/\/www.google.com\/url?q=https:\/\/school-education.ec.europa.eu\/en\/discover\/publications\/childrens-reading-competence-and-wellbeing-eu?prefLang%3Den%26pk_campaign%3Desep-apr25-n1&amp;source=gmail&amp;ust=1744264399076000&amp;usg=AOvVaw2FkFc1dNXXiw2WtDMxbcJK\">Children\u2019s reading competence and wellbeing in the EU<\/a><\/li>\n<li><strong>Nou article:<\/strong>\u00a0<a href=\"https:\/\/school-education.ec.europa.eu\/en\/discover\/news\/meet-2025-2026-etwinning-school-label-awardees?prefLang=en&amp;pk_campaign=esep-apr25-n1\" target=\"_blank\" rel=\"noopener noreferrer\" data-saferedirecturl=\"https:\/\/www.google.com\/url?q=https:\/\/school-education.ec.europa.eu\/en\/discover\/news\/meet-2025-2026-etwinning-school-label-awardees?prefLang%3Den%26pk_campaign%3Desep-apr25-n1&amp;source=gmail&amp;ust=1744264399076000&amp;usg=AOvVaw1hpz-Juq9Zlz0SepLcdJ2k\">Meet the 2025\u20132026 eTwinning School label awardees<\/a><\/li>\n<li><strong>Nou article:<\/strong>\u00a0<a href=\"https:\/\/school-education.ec.europa.eu\/en\/discover\/news\/meet-winners-2025-etwinning-european-prizes?prefLang=en&amp;pk_campaign=esep-apr25-n1\" target=\"_blank\" rel=\"noopener noreferrer\" data-saferedirecturl=\"https:\/\/www.google.com\/url?q=https:\/\/school-education.ec.europa.eu\/en\/discover\/news\/meet-winners-2025-etwinning-european-prizes?prefLang%3Den%26pk_campaign%3Desep-apr25-n1&amp;source=gmail&amp;ust=1744264399076000&amp;usg=AOvVaw2b1cjVmVnJAyseADXmq-gb\">Meet the winners of the 2025 eTwinning European prizes<\/a><\/li>\n<li><strong>Publicaci\u00f3:<\/strong>\u00a0<a href=\"https:\/\/school-education.ec.europa.eu\/en\/discover\/publications\/report-school-meal-programmes?prefLang=en&amp;pk_campaign=esep-apr25-n1\" target=\"_blank\" rel=\"noopener noreferrer\" data-saferedirecturl=\"https:\/\/www.google.com\/url?q=https:\/\/school-education.ec.europa.eu\/en\/discover\/publications\/report-school-meal-programmes?prefLang%3Den%26pk_campaign%3Desep-apr25-n1&amp;source=gmail&amp;ust=1744264399076000&amp;usg=AOvVaw1U5Ea20eKwEelo68855jwW\">Report on school meal programmes in the European Union<\/a><\/li>\n<li><strong>Resultats de l&#8217;enquesta:<\/strong>\u00a0<a href=\"https:\/\/school-education.ec.europa.eu\/en\/discover\/surveys\/survey-sensitive-controversial-topics?prefLang=en&amp;pk_campaign=esep-apr25-n1\" target=\"_blank\" rel=\"noopener noreferrer\" data-saferedirecturl=\"https:\/\/www.google.com\/url?q=https:\/\/school-education.ec.europa.eu\/en\/discover\/surveys\/survey-sensitive-controversial-topics?prefLang%3Den%26pk_campaign%3Desep-apr25-n1&amp;source=gmail&amp;ust=1744264399076000&amp;usg=AOvVaw2QEDgNIStxZwAHvir9t8ne\">Survey on teaching sensitive and controversial topics<\/a><\/li>\n<\/ul>\n<\/li>\n<\/ul>\n<h4><strong>Gr\u00e0fic del mes:<\/strong><\/h4>\n<p><a href=\"https:\/\/school-education.ec.europa.eu\/en\/discover\/news\/creative-thinking-maths-skills?prefLang=en&amp;pk_campaign=esep-apr25-n1\" target=\"_blank\" rel=\"noopener\"><strong>Do creative thinking and maths skills go together well?<\/strong><\/a><\/p>\n<p>Per primera vegada, <a href=\"https:\/\/www.oecd.org\/en\/about\/programmes\/pisa.html\" target=\"_blank\" rel=\"noopener\">PISA<\/a> 2022 va avaluar el pensament creatiu dels joves de 15 anys, juntament amb les seves compet\u00e8ncies en matem\u00e0tiques, lectura i ci\u00e8ncies. Els resultats ofereixen perspectives interessants sobre com la creativitat impulsa l&#8217;aprenentatge, mostrant un fort vincle entre la creativitat i l&#8217;\u00e8xit acad\u00e8mic.<\/p>\n<p>Pots accedir a tota la informaci\u00f3 en la\u00a0<a href=\"https:\/\/school-education.ec.europa.eu\/en\" target=\"_blank\" rel=\"noopener\">p\u00e0gina web d\u2019ESEP.<\/a><\/p>\n","protected":false},"excerpt":{"rendered":"<p><a href=\"https:\/\/projectes.xtec.cat\/internacional\/wp-content\/uploads\/usu1767\/2025\/04\/ESEPabril.png\"><\/a><br \/>\nFes una ullada a l\u2019oferta de recursos\u00a0que\u00a0ESEP (European School Education Platform) comparteix amb tots nosaltres i que segur et seran d\u2019utilitat tant si ja est\u00e0s participant en projectes eTwinning o Erasmus+ com si t\u2019est\u00e0s plantejant iniciar la teva aventura en el m\u00f3n de la&hellip;  <a href=\"https:\/\/projectes.xtec.cat\/internacional\/general\/mes-recursos-des-desep-webinars-publicacions-i-el-grafic-del-mes\/\" title=\"Read M\u00e9s recursos des d&#8217;ESEP&#8230; Webinars, publicacions i el gr\u00e0fic del mes!\">Llegeix m\u00e9s\u00bb<\/a><\/p>\n","protected":false},"author":1,"featured_media":16693,"comment_status":"open","ping_status":"closed","sticky":false,"template":"","format":"standard","meta":{"_bbp_topic_count":0,"_bbp_reply_count":0,"_bbp_total_topic_count":0,"_bbp_total_reply_count":0,"_bbp_voice_count":0,"_bbp_anonymous_reply_count":0,"_bbp_topic_count_hidden":0,"_bbp_reply_count_hidden":0,"_bbp_forum_subforum_count":0,"footnotes":""},"categories":[311,154,1,461,457,454,29,309,76],"tags":[],"class_list":["post-16686","post","type-post","status-publish","format-standard","has-post-thumbnail","hentry","category-erasmus","category-formacio","category-general","category-noticies-erasmus","category-noticies-formacio-erasmus","category-noticies-formacions","category-portada","category-programa-erasmus-2021-2027","category-recursos"],"post_mailing_queue_ids":[],"_links":{"self":[{"href":"https:\/\/projectes.xtec.cat\/internacional\/wp-json\/wp\/v2\/posts\/16686","targetHints":{"allow":["GET"]}}],"collection":[{"href":"https:\/\/projectes.xtec.cat\/internacional\/wp-json\/wp\/v2\/posts"}],"about":[{"href":"https:\/\/projectes.xtec.cat\/internacional\/wp-json\/wp\/v2\/types\/post"}],"author":[{"embeddable":true,"href":"https:\/\/projectes.xtec.cat\/internacional\/wp-json\/wp\/v2\/users\/1"}],"replies":[{"embeddable":true,"href":"https:\/\/projectes.xtec.cat\/internacional\/wp-json\/wp\/v2\/comments?post=16686"}],"version-history":[{"count":7,"href":"https:\/\/projectes.xtec.cat\/internacional\/wp-json\/wp\/v2\/posts\/16686\/revisions"}],"predecessor-version":[{"id":16695,"href":"https:\/\/projectes.xtec.cat\/internacional\/wp-json\/wp\/v2\/posts\/16686\/revisions\/16695"}],"wp:featuredmedia":[{"embeddable":true,"href":"https:\/\/projectes.xtec.cat\/internacional\/wp-json\/wp\/v2\/media\/16693"}],"wp:attachment":[{"href":"https:\/\/projectes.xtec.cat\/internacional\/wp-json\/wp\/v2\/media?parent=16686"}],"wp:term":[{"taxonomy":"category","embeddable":true,"href":"https:\/\/projectes.xtec.cat\/internacional\/wp-json\/wp\/v2\/categories?post=16686"},{"taxonomy":"post_tag","embeddable":true,"href":"https:\/\/projectes.xtec.cat\/internacional\/wp-json\/wp\/v2\/tags?post=16686"}],"curies":[{"name":"wp","href":"https:\/\/api.w.org\/{rel}","templated":true}]}}