{"id":16696,"date":"2025-04-10T12:43:22","date_gmt":"2025-04-10T10:43:22","guid":{"rendered":"https:\/\/projectes.xtec.cat\/internacional\/?p=16696"},"modified":"2025-04-10T12:45:01","modified_gmt":"2025-04-10T10:45:01","slug":"seminari-etwinning-bilateral-online-espanya-portugal-6-8-maig","status":"publish","type":"post","link":"https:\/\/projectes.xtec.cat\/internacional\/general\/seminari-etwinning-bilateral-online-espanya-portugal-6-8-maig\/","title":{"rendered":"Seminari eTwinning Bilateral online Espanya-Portugal (6-8 maig)"},"content":{"rendered":"<p><a href=\"https:\/\/projectes.xtec.cat\/internacional\/wp-content\/uploads\/usu1767\/2025\/04\/SeminariBilateralMaig.png\"><img loading=\"lazy\" decoding=\"async\" class=\"wp-image-16699 aligncenter\" src=\"https:\/\/projectes.xtec.cat\/internacional\/wp-content\/uploads\/usu1767\/2025\/04\/SeminariBilateralMaig-1024x568.png\" alt=\"\" width=\"709\" height=\"393\" srcset=\"https:\/\/projectes.xtec.cat\/internacional\/wp-content\/uploads\/usu1767\/2025\/04\/SeminariBilateralMaig-1024x568.png 1024w, https:\/\/projectes.xtec.cat\/internacional\/wp-content\/uploads\/usu1767\/2025\/04\/SeminariBilateralMaig-300x167.png 300w, https:\/\/projectes.xtec.cat\/internacional\/wp-content\/uploads\/usu1767\/2025\/04\/SeminariBilateralMaig-768x426.png 768w, https:\/\/projectes.xtec.cat\/internacional\/wp-content\/uploads\/usu1767\/2025\/04\/SeminariBilateralMaig.png 1254w\" sizes=\"auto, (max-width: 709px) 100vw, 709px\" \/><\/a><\/p>\n<p><strong>Vols col\u00b7laborar amb docents de Portugal en un projecte innovador? <\/strong><\/p>\n<p>El Servei de Suport eTwinning organitza un <strong>Seminari Bilateral en l\u00ednia<\/strong> per a docents d&#8217;Espanya i Portugal, amb l&#8217;objectiu de <strong>connectar professionals<\/strong> de l&#8217;educaci\u00f3 no universit\u00e0ria i impulsar projectes conjunts.<\/p>\n<h4 data-start=\"0\" data-end=\"301\"><strong>Informaci\u00f3:<\/strong><\/h4>\n<ul>\n<li style=\"list-style-type: none;\">\n<ul>\n<li><strong>Data:<\/strong> els dies\u00a0 <strong>6, 7 i 8 de maig<\/strong>, de 17:00 h a 20:00 h.<\/li>\n<li><strong>Format<\/strong> <strong>online<\/strong>, en espanyol i portugu\u00e8s.<\/li>\n<li><strong>Qu\u00e8 hi pots trobar?<\/strong> Tallers, bones pr\u00e0ctiques, pon\u00e8ncies i sobretot, l&#8217;oportunitat de trobar nous socis per desenvolupar un projecte eTwinning.<\/li>\n<li>La formaci\u00f3 est\u00e0 <strong>reconeguda amb 10 hores oficials<\/strong> si compleixis els requisits.<\/li>\n<li><strong>Places limitades:<\/strong> <strong>20 en total.<\/strong> Les primers 5 sol\u00b7licituds per etapa educativa tindran prioritat.<\/li>\n<li><strong>Requisits de participaci\u00f3:<\/strong> estar enregistrat a eTwinning, fer classes a etapes no universit\u00e0ries i comprometre&#8217;t amb un projecte eTwinning.<\/li>\n<li><a href=\"https:\/\/drive.google.com\/file\/d\/14E55T19ojdXPbmEz4rgnQrlqKhwRi9tw\/view?usp=sharing\" target=\"_blank\" rel=\"noopener\">Programa del seminari<\/a><\/li>\n<li>M\u00e9s informaci\u00f3 en el seg\u00fcent <a href=\"https:\/\/etwinning.es\/seminario-bilateral-online-espana-portugal-fortaleciendo-los-valores-europeos\/\" target=\"_blank\" rel=\"noopener\">enlla\u00e7<\/a>.<\/li>\n<li><strong><a href=\"https:\/\/forma.administracionelectronica.gob.es\/form\/open\/corp\/400aa602-bc00-46d6-8f9d-407707f158a7\/uQYH\" target=\"_blank\" rel=\"noopener\">Formulari d&#8217;inscripci\u00f3<\/a><\/strong><\/li>\n<\/ul>\n<\/li>\n<\/ul>\n<p data-start=\"303\" data-end=\"684\">No deixis passar aquesta oportunitat d&#8217;enriquir la teva pr\u00e0ctica docent amb una experi\u00e8ncia internacional!<\/p>\n<p class=\"\" data-start=\"929\" data-end=\"1038\">\n","protected":false},"excerpt":{"rendered":"<p><a href=\"https:\/\/projectes.xtec.cat\/internacional\/wp-content\/uploads\/usu1767\/2025\/04\/SeminariBilateralMaig.png\"><\/a><br \/>\nVols col\u00b7laborar amb docents de Portugal en un projecte innovador?<br \/>\nEl Servei de Suport eTwinning organitza un Seminari Bilateral en l\u00ednia per a docents d&#8217;Espanya i Portugal, amb l&#8217;objectiu de connectar professionals de l&#8217;educaci\u00f3 no universit\u00e0ria i impulsar projectes conjunts.<br \/>\nInformaci\u00f3:<\/p>\n<ul>\n<li style=\"list-style-type: none;\">\n<ul>\n<li>Data: els dies\u00a0&hellip;  <a href=\"https:\/\/projectes.xtec.cat\/internacional\/general\/seminari-etwinning-bilateral-online-espanya-portugal-6-8-maig\/\" title=\"Read Seminari eTwinning Bilateral online Espanya-Portugal (6-8 maig)\">Llegeix m\u00e9s\u00bb<\/a><br \/>\n","protected":false},"author":1,"featured_media":16699,"comment_status":"open","ping_status":"closed","sticky":false,"template":"","format":"standard","meta":{"_bbp_topic_count":0,"_bbp_reply_count":0,"_bbp_total_topic_count":0,"_bbp_total_reply_count":0,"_bbp_voice_count":0,"_bbp_anonymous_reply_count":0,"_bbp_topic_count_hidden":0,"_bbp_reply_count_hidden":0,"_bbp_forum_subforum_count":0,"footnotes":""},"categories":[295,154,1,367,458,454,29,76],"tags":[],"class_list":["post-16696","post","type-post","status-publish","format-standard","has-post-thumbnail","hentry","category-etwinning","category-formacio","category-general","category-noticies-etwinning-etwinning","category-noticies-formacio-etwinning","category-noticies-formacions","category-portada","category-recursos"],"post_mailing_queue_ids":[],"_links":{"self":[{"href":"https:\/\/projectes.xtec.cat\/internacional\/wp-json\/wp\/v2\/posts\/16696","targetHints":{"allow":["GET"]}}],"collection":[{"href":"https:\/\/projectes.xtec.cat\/internacional\/wp-json\/wp\/v2\/posts"}],"about":[{"href":"https:\/\/projectes.xtec.cat\/internacional\/wp-json\/wp\/v2\/types\/post"}],"author":[{"embeddable":true,"href":"https:\/\/projectes.xtec.cat\/internacional\/wp-json\/wp\/v2\/users\/1"}],"replies":[{"embeddable":true,"href":"https:\/\/projectes.xtec.cat\/internacional\/wp-json\/wp\/v2\/comments?post=16696"}],"version-history":[{"count":6,"href":"https:\/\/projectes.xtec.cat\/internacional\/wp-json\/wp\/v2\/posts\/16696\/revisions"}],"predecessor-version":[{"id":16706,"href":"https:\/\/projectes.xtec.cat\/internacional\/wp-json\/wp\/v2\/posts\/16696\/revisions\/16706"}],"wp:featuredmedia":[{"embeddable":true,"href":"https:\/\/projectes.xtec.cat\/internacional\/wp-json\/wp\/v2\/media\/16699"}],"wp:attachment":[{"href":"https:\/\/projectes.xtec.cat\/internacional\/wp-json\/wp\/v2\/media?parent=16696"}],"wp:term":[{"taxonomy":"category","embeddable":true,"href":"https:\/\/projectes.xtec.cat\/internacional\/wp-json\/wp\/v2\/categories?post=16696"},{"taxonomy":"post_tag","embeddable":true,"href":"https:\/\/projectes.xtec.cat\/internacional\/wp-json\/wp\/v2\/tags?post=16696"}],"curies":[{"name":"wp","href":"https:\/\/api.w.org\/{rel}","templated":true}]}}