{"id":16738,"date":"2025-04-14T09:53:27","date_gmt":"2025-04-14T07:53:27","guid":{"rendered":"https:\/\/projectes.xtec.cat\/internacional\/?p=16738"},"modified":"2025-04-14T09:53:45","modified_gmt":"2025-04-14T07:53:45","slug":"publicada-resolucio-llistats-provisionals-sollicituds-admeses-i-excloses-ka121-i-ka122-sch-i-adu-conv-2025","status":"publish","type":"post","link":"https:\/\/projectes.xtec.cat\/internacional\/general\/publicada-resolucio-llistats-provisionals-sollicituds-admeses-i-excloses-ka121-i-ka122-sch-i-adu-conv-2025\/","title":{"rendered":"Publicada resoluci\u00f3 llistats provisionals sol\u00b7licituds admeses i excloses KA121 i KA122 (SCH i ADU) conv. 2025."},"content":{"rendered":"<p><a href=\"https:\/\/projectes.xtec.cat\/internacional\/wp-content\/uploads\/usu1767\/2025\/04\/Captura-de-pantalla-2025-04-14-094848.jpg\"><img loading=\"lazy\" decoding=\"async\" class=\" wp-image-16739 aligncenter\" src=\"https:\/\/projectes.xtec.cat\/internacional\/wp-content\/uploads\/usu1767\/2025\/04\/Captura-de-pantalla-2025-04-14-094848.jpg\" alt=\"\" width=\"764\" height=\"411\" srcset=\"https:\/\/projectes.xtec.cat\/internacional\/wp-content\/uploads\/usu1767\/2025\/04\/Captura-de-pantalla-2025-04-14-094848.jpg 885w, https:\/\/projectes.xtec.cat\/internacional\/wp-content\/uploads\/usu1767\/2025\/04\/Captura-de-pantalla-2025-04-14-094848-300x161.jpg 300w, https:\/\/projectes.xtec.cat\/internacional\/wp-content\/uploads\/usu1767\/2025\/04\/Captura-de-pantalla-2025-04-14-094848-768x413.jpg 768w\" sizes=\"auto, (max-width: 764px) 100vw, 764px\" \/><\/a><\/p>\n<p>&nbsp;<\/p>\n<p>Ja s\u2019han publicat els<strong> llistats provisionals<\/strong> de les sol\u00b7licituds admeses i excloses de l\u2019<strong>Acci\u00f3 Clau 1<\/strong> \u2013 Mobilitat educativa de les persones (accions<strong> KA121, KA122, KA131, KA171<\/strong>), corresponents a la Convocat\u00f2ria de Propostes del programa <strong>Erasmus+ 2025.<\/strong><\/p>\n<p>Els sol\u00b7licitants podran presentar al\u00b7legacions o esmena d\u2019errors fins el\u00a0<strong>21 d&#8217;abril de 2025 incl\u00f2s, <\/strong>i s\u2019haur\u00e0 de fer a trav\u00e9s de la Plataforma de Suport d\u2019Erasmus+\u00a0<a href=\"https:\/\/sepie.erasmusplus.gob.es\/ulises\/\">Ulises<\/a>. En la p\u00e0gina\u00a0<a href=\"http:\/\/www.sepie.es\/\">web del SEPIE<\/a>, podeu trobar <a href=\"http:\/\/www.sepie.es\/doc\/convocatoria\/2025\/resoluciones\/ka1\/intruccionesSubsanacionKA1.pdf\">instruccions<\/a> al respecte.<\/p>\n<p>El resultat de la\u00a0<strong>valoraci\u00f3 de les al\u00b7legacions<\/strong> es publicar\u00e0 en la resoluci\u00f3 definitiva de sol\u00b7licituds admeses i excloses de l\u2019Acci\u00f3 Clau1 \u2013Mobilitat educativa de les persones (accions KA121, KA122, KA131, KA171), corresponents a la Convocat\u00f2ria de Propostes del programa Erasmus+ 2025.<\/p>\n<p>Podeu obtenir m\u00e9s informaci\u00f3 sobre la resoluci\u00f3 en el <a href=\"http:\/\/sepie.es\/doc\/convocatoria\/2025\/resoluciones\/ka1\/resolucion.pdf\">seg\u00fcent\u00a0enlla\u00e7.<\/a><\/p>\n","protected":false},"excerpt":{"rendered":"<p><a href=\"https:\/\/projectes.xtec.cat\/internacional\/wp-content\/uploads\/usu1767\/2025\/04\/Captura-de-pantalla-2025-04-14-094848.jpg\"><\/a><br \/>\n&nbsp;<br \/>\nJa s\u2019han publicat els llistats provisionals de les sol\u00b7licituds admeses i excloses de l\u2019Acci\u00f3 Clau 1 \u2013 Mobilitat educativa de les persones (accions KA121, KA122, KA131, KA171), corresponents a la Convocat\u00f2ria de Propostes del programa Erasmus+ 2025.<br \/>\nEls sol\u00b7licitants podran presentar al\u00b7legacions o esmena d\u2019errors&hellip;  <a href=\"https:\/\/projectes.xtec.cat\/internacional\/general\/publicada-resolucio-llistats-provisionals-sollicituds-admeses-i-excloses-ka121-i-ka122-sch-i-adu-conv-2025\/\" title=\"Read Publicada resoluci\u00f3 llistats provisionals sol\u00b7licituds admeses i excloses KA121 i KA122 (SCH i ADU) conv. 2025.\">Llegeix m\u00e9s\u00bb<\/a><\/p>\n","protected":false},"author":1,"featured_media":16739,"comment_status":"open","ping_status":"closed","sticky":false,"template":"","format":"standard","meta":{"_bbp_topic_count":0,"_bbp_reply_count":0,"_bbp_total_topic_count":0,"_bbp_total_reply_count":0,"_bbp_voice_count":0,"_bbp_anonymous_reply_count":0,"_bbp_topic_count_hidden":0,"_bbp_reply_count_hidden":0,"_bbp_forum_subforum_count":0,"footnotes":""},"categories":[311,1,312,29,309,436],"tags":[],"class_list":["post-16738","post","type-post","status-publish","format-standard","has-post-thumbnail","hentry","category-erasmus","category-general","category-ka1","category-portada","category-programa-erasmus-2021-2027","category-sepie"],"post_mailing_queue_ids":[],"_links":{"self":[{"href":"https:\/\/projectes.xtec.cat\/internacional\/wp-json\/wp\/v2\/posts\/16738","targetHints":{"allow":["GET"]}}],"collection":[{"href":"https:\/\/projectes.xtec.cat\/internacional\/wp-json\/wp\/v2\/posts"}],"about":[{"href":"https:\/\/projectes.xtec.cat\/internacional\/wp-json\/wp\/v2\/types\/post"}],"author":[{"embeddable":true,"href":"https:\/\/projectes.xtec.cat\/internacional\/wp-json\/wp\/v2\/users\/1"}],"replies":[{"embeddable":true,"href":"https:\/\/projectes.xtec.cat\/internacional\/wp-json\/wp\/v2\/comments?post=16738"}],"version-history":[{"count":1,"href":"https:\/\/projectes.xtec.cat\/internacional\/wp-json\/wp\/v2\/posts\/16738\/revisions"}],"predecessor-version":[{"id":16740,"href":"https:\/\/projectes.xtec.cat\/internacional\/wp-json\/wp\/v2\/posts\/16738\/revisions\/16740"}],"wp:featuredmedia":[{"embeddable":true,"href":"https:\/\/projectes.xtec.cat\/internacional\/wp-json\/wp\/v2\/media\/16739"}],"wp:attachment":[{"href":"https:\/\/projectes.xtec.cat\/internacional\/wp-json\/wp\/v2\/media?parent=16738"}],"wp:term":[{"taxonomy":"category","embeddable":true,"href":"https:\/\/projectes.xtec.cat\/internacional\/wp-json\/wp\/v2\/categories?post=16738"},{"taxonomy":"post_tag","embeddable":true,"href":"https:\/\/projectes.xtec.cat\/internacional\/wp-json\/wp\/v2\/tags?post=16738"}],"curies":[{"name":"wp","href":"https:\/\/api.w.org\/{rel}","templated":true}]}}