{"id":16813,"date":"2025-05-20T16:33:59","date_gmt":"2025-05-20T14:33:59","guid":{"rendered":"https:\/\/projectes.xtec.cat\/internacional\/?p=16813"},"modified":"2025-05-20T16:33:59","modified_gmt":"2025-05-20T14:33:59","slug":"fomenta-el-pensament-critic-dins-laula-a-traves-detwinning","status":"publish","type":"post","link":"https:\/\/projectes.xtec.cat\/internacional\/general\/fomenta-el-pensament-critic-dins-laula-a-traves-detwinning\/","title":{"rendered":"Fomenta el pensament cr\u00edtic dins l&#8217;aula a trav\u00e9s d&#8217;eTwinning!"},"content":{"rendered":"<p><a style=\"font-weight: bold; font-family: inherit; font-size: 1em;\" href=\"https:\/\/projectes.xtec.cat\/internacional\/wp-content\/uploads\/usu1767\/2025\/05\/eTwinning-Schools-y-FP_Pensamiento-Critico-2ok-2-2.jpg\"><img loading=\"lazy\" decoding=\"async\" class=\" wp-image-16829 aligncenter\" src=\"https:\/\/projectes.xtec.cat\/internacional\/wp-content\/uploads\/usu1767\/2025\/05\/eTwinning-Schools-y-FP_Pensamiento-Critico-2ok-2-2-1024x328.jpg\" alt=\"\" width=\"842\" height=\"270\" srcset=\"https:\/\/projectes.xtec.cat\/internacional\/wp-content\/uploads\/usu1767\/2025\/05\/eTwinning-Schools-y-FP_Pensamiento-Critico-2ok-2-2-1024x328.jpg 1024w, https:\/\/projectes.xtec.cat\/internacional\/wp-content\/uploads\/usu1767\/2025\/05\/eTwinning-Schools-y-FP_Pensamiento-Critico-2ok-2-2-300x96.jpg 300w, https:\/\/projectes.xtec.cat\/internacional\/wp-content\/uploads\/usu1767\/2025\/05\/eTwinning-Schools-y-FP_Pensamiento-Critico-2ok-2-2-768x246.jpg 768w, https:\/\/projectes.xtec.cat\/internacional\/wp-content\/uploads\/usu1767\/2025\/05\/eTwinning-Schools-y-FP_Pensamiento-Critico-2ok-2-2.jpg 1080w\" sizes=\"auto, (max-width: 842px) 100vw, 842px\" \/><\/a><\/p>\n<p><span style=\"font-family: inherit; font-size: 1em;\">T&#8217;agradaria saber com treballar habilitats importants per la vida di\u00e0ria de l&#8217;alumnat i pel seu m\u00f3n professional a trav\u00e9s de projectes eTwinning? Ara tens l&#8217;oportunitat amb el Webinar que et presentem.<\/span><\/p>\n<p>Els grups eTwinning Schools i l&#8217;FP organitzen una <strong>taula rodona<\/strong> sobre <strong>eTwinning i el pensament cr\u00edtic<\/strong> en la que participaran tres ponents que compartiran i presentaran <strong>bones pr\u00e0ctiques<\/strong> en la plataforma eTwinning.<\/p>\n<h5><strong>Ponents\u00a0<\/strong><\/h5>\n<p>Isabel Mart\u00ednez (IES Isaac Alb\u00e9niz), el Carlos Chavarren (CIP FP Lumbier IIP) i la Cristina Gonz\u00e1lez (Institut Escola d&#8217;Hoteleria i Turisme de Barcelona), tots ells procedents de centres educatius que s\u00f3n eTwinning Schools, de Secund\u00e0ria i Formaci\u00f3 Professional<\/p>\n<h5><strong>Com es desenvolupar\u00e0 el Webinar?<\/strong><\/h5>\n<p>La idea seria anar responent, en format de xerrada, les q\u00fcestions que s&#8217;aniran plantejant, totes elles relacionades amb el pensament cr\u00edtic i el que es pot extreure&#8217;n a partir dels projectes eTwinning. Aqu\u00ed et deixem l&#8217;<a href=\"https:\/\/videoconferenciasintef.webex.com\/wbxmjs\/joinservice\/sites\/videoconferenciasintef-es\/meeting\/download\/f75cbcdb2722422f87ec3782a9ff755c?siteurl=videoconferenciasintef-es&amp;MTID=m93e57b5dcced4e16c82af7c4927197e3\" target=\"_blank\" rel=\"noopener\">enlla\u00e7 al Webinar.<\/a><\/p>\n<h5><strong>Quan?<\/strong><\/h5>\n<p>Dimecres, <strong>21 de maig de 2025<\/strong>, a les <strong>16:30 h<\/strong> (CET)<\/p>\n<p>Anima&#8217;t i uneix-te a la taula rodona!<\/p>\n","protected":false},"excerpt":{"rendered":"<p><a style=\"font-weight: bold; font-family: inherit; font-size: 1em;\" href=\"https:\/\/projectes.xtec.cat\/internacional\/wp-content\/uploads\/usu1767\/2025\/05\/eTwinning-Schools-y-FP_Pensamiento-Critico-2ok-2-2.jpg\"><\/a><br \/>\nT&#8217;agradaria saber com treballar habilitats importants per la vida di\u00e0ria de l&#8217;alumnat i pel seu m\u00f3n professional a trav\u00e9s de projectes eTwinning? Ara tens l&#8217;oportunitat amb el Webinar que et presentem.<br \/>\nEls grups eTwinning Schools i l&#8217;FP organitzen una&hellip;  <a href=\"https:\/\/projectes.xtec.cat\/internacional\/general\/fomenta-el-pensament-critic-dins-laula-a-traves-detwinning\/\" title=\"Read Fomenta el pensament cr\u00edtic dins l&#8217;aula a trav\u00e9s d&#8217;eTwinning!\">Llegeix m\u00e9s\u00bb<\/a><\/p>\n","protected":false},"author":1,"featured_media":16829,"comment_status":"open","ping_status":"closed","sticky":false,"template":"","format":"standard","meta":{"_bbp_topic_count":0,"_bbp_reply_count":0,"_bbp_total_topic_count":0,"_bbp_total_reply_count":0,"_bbp_voice_count":0,"_bbp_anonymous_reply_count":0,"_bbp_topic_count_hidden":0,"_bbp_reply_count_hidden":0,"_bbp_forum_subforum_count":0,"footnotes":""},"categories":[295,1,367,29,76],"tags":[],"class_list":["post-16813","post","type-post","status-publish","format-standard","has-post-thumbnail","hentry","category-etwinning","category-general","category-noticies-etwinning-etwinning","category-portada","category-recursos"],"post_mailing_queue_ids":[],"_links":{"self":[{"href":"https:\/\/projectes.xtec.cat\/internacional\/wp-json\/wp\/v2\/posts\/16813","targetHints":{"allow":["GET"]}}],"collection":[{"href":"https:\/\/projectes.xtec.cat\/internacional\/wp-json\/wp\/v2\/posts"}],"about":[{"href":"https:\/\/projectes.xtec.cat\/internacional\/wp-json\/wp\/v2\/types\/post"}],"author":[{"embeddable":true,"href":"https:\/\/projectes.xtec.cat\/internacional\/wp-json\/wp\/v2\/users\/1"}],"replies":[{"embeddable":true,"href":"https:\/\/projectes.xtec.cat\/internacional\/wp-json\/wp\/v2\/comments?post=16813"}],"version-history":[{"count":6,"href":"https:\/\/projectes.xtec.cat\/internacional\/wp-json\/wp\/v2\/posts\/16813\/revisions"}],"predecessor-version":[{"id":16833,"href":"https:\/\/projectes.xtec.cat\/internacional\/wp-json\/wp\/v2\/posts\/16813\/revisions\/16833"}],"wp:featuredmedia":[{"embeddable":true,"href":"https:\/\/projectes.xtec.cat\/internacional\/wp-json\/wp\/v2\/media\/16829"}],"wp:attachment":[{"href":"https:\/\/projectes.xtec.cat\/internacional\/wp-json\/wp\/v2\/media?parent=16813"}],"wp:term":[{"taxonomy":"category","embeddable":true,"href":"https:\/\/projectes.xtec.cat\/internacional\/wp-json\/wp\/v2\/categories?post=16813"},{"taxonomy":"post_tag","embeddable":true,"href":"https:\/\/projectes.xtec.cat\/internacional\/wp-json\/wp\/v2\/tags?post=16813"}],"curies":[{"name":"wp","href":"https:\/\/api.w.org\/{rel}","templated":true}]}}