{"id":16893,"date":"2025-05-22T11:31:12","date_gmt":"2025-05-22T09:31:12","guid":{"rendered":"https:\/\/projectes.xtec.cat\/internacional\/?p=16893"},"modified":"2025-05-22T11:31:12","modified_gmt":"2025-05-22T09:31:12","slug":"formacio-destiu-per-a-docents-examinadors-correctors-del-delf-scolaire-de-frances","status":"publish","type":"post","link":"https:\/\/projectes.xtec.cat\/internacional\/general\/formacio-destiu-per-a-docents-examinadors-correctors-del-delf-scolaire-de-frances\/","title":{"rendered":"Formaci\u00f3 d&#8217;estiu per a docents examinadors\/correctors del DELF Scolaire de franc\u00e8s"},"content":{"rendered":"<p><a href=\"https:\/\/tuit.cat\/6PoNs\" target=\"_blank\" rel=\"noopener\"><img loading=\"lazy\" decoding=\"async\" class=\"wp-image-16895 aligncenter\" src=\"https:\/\/projectes.xtec.cat\/internacional\/wp-content\/uploads\/usu1767\/2025\/05\/FormacioDELFEstiu.png\" alt=\"\" width=\"604\" height=\"153\" srcset=\"https:\/\/projectes.xtec.cat\/internacional\/wp-content\/uploads\/usu1767\/2025\/05\/FormacioDELFEstiu.png 868w, https:\/\/projectes.xtec.cat\/internacional\/wp-content\/uploads\/usu1767\/2025\/05\/FormacioDELFEstiu-300x76.png 300w, https:\/\/projectes.xtec.cat\/internacional\/wp-content\/uploads\/usu1767\/2025\/05\/FormacioDELFEstiu-768x195.png 768w\" sizes=\"auto, (max-width: 604px) 100vw, 604px\" \/><\/a><\/p>\n<p data-start=\"228\" data-end=\"496\">S\u2019obre el per\u00edode d\u2019inscripci\u00f3 per al curs de formaci\u00f3 d&#8217;estiu dirigit a <strong>docents de franc\u00e8s<\/strong> que vulguin obtenir la <strong data-start=\"335\" data-end=\"400\">certificaci\u00f3 com a examinadors i correctors del DELF Scolaire<\/strong>, el diploma oficial atorgat pel Ministeri d\u2019Educaci\u00f3 franc\u00e8s i <strong data-start=\"464\" data-end=\"495\">reconegut internacionalment<\/strong>.<\/p>\n<p data-start=\"498\" data-end=\"867\">La formaci\u00f3 combina\u00a0aportacions te\u00f2riques i pr\u00e0ctiques, i ser\u00e0 impartida per formadors\/es de les <strong data-start=\"626\" data-end=\"671\">Aliances Franceses de Granollers i Girona<\/strong> o de l\u2019<strong data-start=\"679\" data-end=\"713\">Institut Fran\u00e7ais de Barcelona<\/strong>, professionals de refer\u00e8ncia en l&#8217;\u00e0mbit del franc\u00e8s com a llengua estrangera. Els continguts abasten tots els nivells del <strong data-start=\"789\" data-end=\"866\">Marc Com\u00fa Europeu de Refer\u00e8ncia per a les Lleng\u00fces (MCERL), de l\u2019A1 al B2<\/strong>.<\/p>\n<h5 data-start=\"498\" data-end=\"867\">Quan?<\/h5>\n<p data-start=\"498\" data-end=\"867\">DE l&#8217; <strong>1 al 4 de juliol de 2025<\/strong>, de 10:00 h a 18:00 h.<\/p>\n<h5 data-start=\"498\" data-end=\"867\">On?<\/h5>\n<ul>\n<li style=\"list-style-type: none;\">\n<ul>\n<li data-start=\"498\" data-end=\"867\"><strong>Alliance Fran\u00e7aise de Granollers<\/strong>, c\/ Corr\u00f3, 22 (Granollers)<\/li>\n<li data-start=\"498\" data-end=\"867\"><strong>Institut Fran\u00e7ais de Barcelona<\/strong>, c\/ Moi\u00e0, 8 (Barcelona)<\/li>\n<\/ul>\n<\/li>\n<\/ul>\n<p data-start=\"869\" data-end=\"1050\">Aqu\u00ed pots trobar tota la <a href=\"https:\/\/aplicacions.gestioeducativa.gencat.cat\/ords\/pls\/soloas\/pk_for_mod_ins.p_for_pre_cons_activitats?p_totes=N&amp;p_paginar=N&amp;p_any=&amp;p_tipus_act=FR02&amp;p_totes=N\" target=\"_blank\" rel=\"noopener\">informaci\u00f3 i la inscripci\u00f3<\/a> a la formaci\u00f3.<\/p>\n<p data-start=\"1308\" data-end=\"1356\">\n","protected":false},"excerpt":{"rendered":"<p><a href=\"https:\/\/tuit.cat\/6PoNs\" target=\"_blank\" rel=\"noopener\"><\/a><br \/>\nS\u2019obre el per\u00edode d\u2019inscripci\u00f3 per al curs de formaci\u00f3 d&#8217;estiu dirigit a docents de franc\u00e8s que vulguin obtenir la certificaci\u00f3 com a examinadors i correctors del DELF Scolaire, el diploma oficial atorgat pel Ministeri d\u2019Educaci\u00f3 franc\u00e8s i reconegut internacionalment.<br \/>\nLa formaci\u00f3 combina\u00a0aportacions te\u00f2riques&hellip;  <a href=\"https:\/\/projectes.xtec.cat\/internacional\/general\/formacio-destiu-per-a-docents-examinadors-correctors-del-delf-scolaire-de-frances\/\" title=\"Read Formaci\u00f3 d&#8217;estiu per a docents examinadors\/correctors del DELF Scolaire de franc\u00e8s\">Llegeix m\u00e9s\u00bb<\/a><\/p>\n","protected":false},"author":1,"featured_media":16895,"comment_status":"open","ping_status":"closed","sticky":false,"template":"","format":"standard","meta":{"_bbp_topic_count":0,"_bbp_reply_count":0,"_bbp_total_topic_count":0,"_bbp_total_reply_count":0,"_bbp_voice_count":0,"_bbp_anonymous_reply_count":0,"_bbp_topic_count_hidden":0,"_bbp_reply_count_hidden":0,"_bbp_forum_subforum_count":0,"footnotes":""},"categories":[393,154,1,380,379,460,29,76],"tags":[],"class_list":["post-16893","post","type-post","status-publish","format-standard","has-post-thumbnail","hentry","category-accions-de-frances","category-formacio","category-general","category-institut-francais-de-barcelone","category-noticies-de-frances","category-noticies-formacio-frances","category-portada","category-recursos"],"post_mailing_queue_ids":[],"_links":{"self":[{"href":"https:\/\/projectes.xtec.cat\/internacional\/wp-json\/wp\/v2\/posts\/16893","targetHints":{"allow":["GET"]}}],"collection":[{"href":"https:\/\/projectes.xtec.cat\/internacional\/wp-json\/wp\/v2\/posts"}],"about":[{"href":"https:\/\/projectes.xtec.cat\/internacional\/wp-json\/wp\/v2\/types\/post"}],"author":[{"embeddable":true,"href":"https:\/\/projectes.xtec.cat\/internacional\/wp-json\/wp\/v2\/users\/1"}],"replies":[{"embeddable":true,"href":"https:\/\/projectes.xtec.cat\/internacional\/wp-json\/wp\/v2\/comments?post=16893"}],"version-history":[{"count":3,"href":"https:\/\/projectes.xtec.cat\/internacional\/wp-json\/wp\/v2\/posts\/16893\/revisions"}],"predecessor-version":[{"id":16897,"href":"https:\/\/projectes.xtec.cat\/internacional\/wp-json\/wp\/v2\/posts\/16893\/revisions\/16897"}],"wp:featuredmedia":[{"embeddable":true,"href":"https:\/\/projectes.xtec.cat\/internacional\/wp-json\/wp\/v2\/media\/16895"}],"wp:attachment":[{"href":"https:\/\/projectes.xtec.cat\/internacional\/wp-json\/wp\/v2\/media?parent=16893"}],"wp:term":[{"taxonomy":"category","embeddable":true,"href":"https:\/\/projectes.xtec.cat\/internacional\/wp-json\/wp\/v2\/categories?post=16893"},{"taxonomy":"post_tag","embeddable":true,"href":"https:\/\/projectes.xtec.cat\/internacional\/wp-json\/wp\/v2\/tags?post=16893"}],"curies":[{"name":"wp","href":"https:\/\/api.w.org\/{rel}","templated":true}]}}