{"id":16978,"date":"2025-05-27T13:42:22","date_gmt":"2025-05-27T11:42:22","guid":{"rendered":"https:\/\/projectes.xtec.cat\/internacional\/?p=16978"},"modified":"2025-05-27T13:42:22","modified_gmt":"2025-05-27T11:42:22","slug":"torna-lesdeveniment-internacional-erasmus-i-etwinning-per-a-la-inclusio-i-educacio-especial","status":"publish","type":"post","link":"https:\/\/projectes.xtec.cat\/internacional\/general\/torna-lesdeveniment-internacional-erasmus-i-etwinning-per-a-la-inclusio-i-educacio-especial\/","title":{"rendered":"Torna l&#8217;esdeveniment Internacional Erasmus+ i eTwinning per a la Inclusi\u00f3 i Educaci\u00f3 Especial!"},"content":{"rendered":"<p><a href=\"https:\/\/projectes.xtec.cat\/internacional\/wp-content\/uploads\/usu1767\/2025\/05\/webinarInclusio.png\"><img loading=\"lazy\" decoding=\"async\" class=\" wp-image-16985 aligncenter\" src=\"https:\/\/projectes.xtec.cat\/internacional\/wp-content\/uploads\/usu1767\/2025\/05\/webinarInclusio.png\" alt=\"\" width=\"685\" height=\"350\" srcset=\"https:\/\/projectes.xtec.cat\/internacional\/wp-content\/uploads\/usu1767\/2025\/05\/webinarInclusio.png 791w, https:\/\/projectes.xtec.cat\/internacional\/wp-content\/uploads\/usu1767\/2025\/05\/webinarInclusio-300x153.png 300w, https:\/\/projectes.xtec.cat\/internacional\/wp-content\/uploads\/usu1767\/2025\/05\/webinarInclusio-768x392.png 768w\" sizes=\"auto, (max-width: 685px) 100vw, 685px\" \/><\/a><\/p>\n<p>Treballes en un centre educatiu comprom\u00e8s amb la <strong>inclusi\u00f3<\/strong> i l&#8217;<strong>atenci\u00f3 de necessitats especials<\/strong>? Et presentem una oportunitat per connectar amb escoles d&#8217;arreu d&#8217;Europa!<\/p>\n<p data-start=\"232\" data-end=\"401\">L&#8217;Ag\u00e8ncia Nacional Erasmus+ dels Pa\u00efsos Baixos i l&#8217;Organitzaci\u00f3 Nacional de Suport eTwinning, juntament amb el Consell del Sector per a l&#8217;Educaci\u00f3 Especialitzada i el Centre de Suport Educatiu per a l&#8217; Educaci\u00f3 a Mida, organitzen una trobada <strong>virtual<\/strong> \u00fanica dedicada a la<strong> recerca de socis per a projectes Erasmus+ i eTwinning<\/strong>, centrat en l&#8217;<strong>educaci\u00f3 inclusiva<\/strong> i les <strong>necessitats educatives especials<\/strong>.<\/p>\n<p data-start=\"403\" data-end=\"811\">Despr\u00e9s de l&#8217;\u00e8xit de l&#8217;edici\u00f3 passada, aquest esdeveniment torna per a facilitar la col\u00b7laboraci\u00f3 entre almenys 20 centres educatius neerlandesos i participants de m\u00e9s de 5 pa\u00efsos europeus, incloent-hi Espanya, Alemanya, Portugal i B\u00e8lgica.<\/p>\n<h5 data-start=\"813\" data-end=\"1043\"><strong>Per qu\u00e8 participar?<\/strong><\/h5>\n<ul>\n<li style=\"list-style-type: none;\">\n<ul>\n<li data-start=\"1045\" data-end=\"1069\"><strong>Connecta<\/strong> amb escoles europees que comparteixen el teu comprom\u00eds amb la inclusi\u00f3.<\/li>\n<li data-start=\"1045\" data-end=\"1069\"><strong>Descobreix<\/strong> noves idees i pr\u00e0ctiques per a enriquir el teu treball educatiu.<\/li>\n<li data-start=\"1045\" data-end=\"1069\"><strong>Accedeix<\/strong> a oportunitats exclusives per a desenvolupar projectes internacionals.<\/li>\n<\/ul>\n<\/li>\n<\/ul>\n<h5><strong>Detalls de l&#8217;esdeveniment<\/strong><\/h5>\n<ul>\n<li style=\"list-style-type: none;\">\n<ul>\n<li><strong>Data<\/strong>: <strong>5 de juny<\/strong> de 2025<\/li>\n<li><strong>Horari<\/strong>: 15:30 &#8211; 17:30 h (CEST)<\/li>\n<li><strong>Modalitat<\/strong>: Online (via Microsoft Teams)<\/li>\n<li><strong>Destinataris<\/strong>: Centres d&#8217;educaci\u00f3 prim\u00e0ria i secund\u00e0ria interessats en Erasmus+ i eTwinning<\/li>\n<li><strong>Tem\u00e0tica<\/strong>: Inclusi\u00f3, necessitats especials i educaci\u00f3 especial<\/li>\n<li><strong>Idioma<\/strong>: Angl\u00e8s<\/li>\n<li><strong>Format<\/strong>: presentaci\u00f3 de bones pr\u00e0ctiques i rondes de &#8220;speed dating&#8221; per a con\u00e8ixer potencials socis<\/li>\n<li><strong>Termini d&#8217;inscripci\u00f3<\/strong>: fins al<strong> 31 de maig<\/strong>, en el seg\u00fcent <a href=\"https:\/\/forma.administracionelectronica.gob.es\/form\/open\/corp\/4d30390a-3c2e-43d1-8d97-e1c83b35c457\/SjJf\" target=\"_blank\" rel=\"noopener\">formulari<\/a>.<\/li>\n<\/ul>\n<\/li>\n<\/ul>\n<p><strong>Places limitades!<\/strong> Nom\u00e9s <strong>5 centres<\/strong> educatius espanyols podran participar-hi, i les inscripcions s&#8217;assignaran per ordre d&#8217;arribada.<\/p>\n<p>No deixis passar aquesta oportunitat d&#8217;impulsar l&#8217;educaci\u00f3 inclusiva i ampliar la teva xarxa de col\u00b7laboraci\u00f3 europea!<\/p>\n<p data-start=\"1444\" data-end=\"1554\">\n","protected":false},"excerpt":{"rendered":"<p><a href=\"https:\/\/projectes.xtec.cat\/internacional\/wp-content\/uploads\/usu1767\/2025\/05\/webinarInclusio.png\"><\/a><br \/>\nTreballes en un centre educatiu comprom\u00e8s amb la inclusi\u00f3 i l&#8217;atenci\u00f3 de necessitats especials? Et presentem una oportunitat per connectar amb escoles d&#8217;arreu d&#8217;Europa!<br \/>\nL&#8217;Ag\u00e8ncia Nacional Erasmus+ dels Pa\u00efsos Baixos i l&#8217;Organitzaci\u00f3 Nacional de Suport eTwinning, juntament amb el Consell del Sector per a l&#8217;Educaci\u00f3&hellip;  <a href=\"https:\/\/projectes.xtec.cat\/internacional\/general\/torna-lesdeveniment-internacional-erasmus-i-etwinning-per-a-la-inclusio-i-educacio-especial\/\" title=\"Read Torna l&#8217;esdeveniment Internacional Erasmus+ i eTwinning per a la Inclusi\u00f3 i Educaci\u00f3 Especial!\">Llegeix m\u00e9s\u00bb<\/a><\/p>\n","protected":false},"author":1,"featured_media":16985,"comment_status":"open","ping_status":"closed","sticky":false,"template":"","format":"standard","meta":{"_bbp_topic_count":0,"_bbp_reply_count":0,"_bbp_total_topic_count":0,"_bbp_total_reply_count":0,"_bbp_voice_count":0,"_bbp_anonymous_reply_count":0,"_bbp_topic_count_hidden":0,"_bbp_reply_count_hidden":0,"_bbp_forum_subforum_count":0,"footnotes":""},"categories":[311,295,154,1,461,367,457,458,29,309,76],"tags":[],"class_list":["post-16978","post","type-post","status-publish","format-standard","has-post-thumbnail","hentry","category-erasmus","category-etwinning","category-formacio","category-general","category-noticies-erasmus","category-noticies-etwinning-etwinning","category-noticies-formacio-erasmus","category-noticies-formacio-etwinning","category-portada","category-programa-erasmus-2021-2027","category-recursos"],"post_mailing_queue_ids":[],"_links":{"self":[{"href":"https:\/\/projectes.xtec.cat\/internacional\/wp-json\/wp\/v2\/posts\/16978","targetHints":{"allow":["GET"]}}],"collection":[{"href":"https:\/\/projectes.xtec.cat\/internacional\/wp-json\/wp\/v2\/posts"}],"about":[{"href":"https:\/\/projectes.xtec.cat\/internacional\/wp-json\/wp\/v2\/types\/post"}],"author":[{"embeddable":true,"href":"https:\/\/projectes.xtec.cat\/internacional\/wp-json\/wp\/v2\/users\/1"}],"replies":[{"embeddable":true,"href":"https:\/\/projectes.xtec.cat\/internacional\/wp-json\/wp\/v2\/comments?post=16978"}],"version-history":[{"count":6,"href":"https:\/\/projectes.xtec.cat\/internacional\/wp-json\/wp\/v2\/posts\/16978\/revisions"}],"predecessor-version":[{"id":16987,"href":"https:\/\/projectes.xtec.cat\/internacional\/wp-json\/wp\/v2\/posts\/16978\/revisions\/16987"}],"wp:featuredmedia":[{"embeddable":true,"href":"https:\/\/projectes.xtec.cat\/internacional\/wp-json\/wp\/v2\/media\/16985"}],"wp:attachment":[{"href":"https:\/\/projectes.xtec.cat\/internacional\/wp-json\/wp\/v2\/media?parent=16978"}],"wp:term":[{"taxonomy":"category","embeddable":true,"href":"https:\/\/projectes.xtec.cat\/internacional\/wp-json\/wp\/v2\/categories?post=16978"},{"taxonomy":"post_tag","embeddable":true,"href":"https:\/\/projectes.xtec.cat\/internacional\/wp-json\/wp\/v2\/tags?post=16978"}],"curies":[{"name":"wp","href":"https:\/\/api.w.org\/{rel}","templated":true}]}}