{"id":17003,"date":"2025-05-29T07:34:37","date_gmt":"2025-05-29T05:34:37","guid":{"rendered":"https:\/\/projectes.xtec.cat\/internacional\/?p=17003"},"modified":"2025-05-29T07:34:37","modified_gmt":"2025-05-29T05:34:37","slug":"dues-decades-de-comenius-erum-a-linstitut-vall-dhebron-una-celebracio-especial","status":"publish","type":"post","link":"https:\/\/projectes.xtec.cat\/internacional\/general\/dues-decades-de-comenius-erum-a-linstitut-vall-dhebron-una-celebracio-especial\/","title":{"rendered":"Dues d\u00e8cades de Comenius ERUM a l&#8217;Institut Vall d&#8217;Hebron: una celebraci\u00f3 especial"},"content":{"rendered":"<p><a href=\"https:\/\/projectes.xtec.cat\/internacional\/wp-content\/uploads\/usu1767\/2025\/05\/erum-20-years.jpg\"><img loading=\"lazy\" decoding=\"async\" class=\"wp-image-17020 alignleft\" src=\"https:\/\/projectes.xtec.cat\/internacional\/wp-content\/uploads\/usu1767\/2025\/05\/erum-20-years.jpg\" alt=\"\" width=\"253\" height=\"344\" srcset=\"https:\/\/projectes.xtec.cat\/internacional\/wp-content\/uploads\/usu1767\/2025\/05\/erum-20-years.jpg 510w, https:\/\/projectes.xtec.cat\/internacional\/wp-content\/uploads\/usu1767\/2025\/05\/erum-20-years-220x300.jpg 220w\" sizes=\"auto, (max-width: 253px) 100vw, 253px\" \/><\/a><\/p>\n<p>L&#8217;Institut Vall d&#8217;Hebron de Barcelona commemorar\u00e0 el <strong>20\u00e8 aniversari del projecte Comenius ERUM<\/strong> amb una trobada del professorat europeu implicat, que tindr\u00e0 lloc del <strong>6 al 8 de juny de 2025.\u00a0<\/strong>Aquest esdeveniment \u00e9s una oportunitat per refor\u00e7ar <span style=\"font-family: inherit; font-size: 1em;\">els<\/span><strong style=\"font-family: inherit; font-size: 1em;\">\u00a0vincles<\/strong><span style=\"font-family: inherit; font-size: 1em;\"> entre les institucions educatives europees i per continuar <\/span>promovent<strong style=\"font-family: inherit; font-size: 1em;\"> la cooperaci\u00f3 internacional<\/strong><span style=\"font-family: inherit; font-size: 1em;\"> en mat\u00e8ria d&#8217;educaci\u00f3 ambiental i sostenibilitat.<\/span><\/p>\n<h4><strong>El projecte<\/strong><\/h4>\n<p>Amb el t\u00edtol <strong><em>ERUM 2007: Las energ\u00edas renovables (Su utilizaci\u00f3n en mi casa en 2007)<\/em><\/strong>, el projecte va ser una iniciativa educativa que va involucrar escoles de quatre pa\u00efsos europeus: <strong style=\"font-family: inherit; font-size: 1em;\">Heinrich-Emanuel-Merck-Schule<\/strong><span style=\"font-family: inherit; font-size: 1em;\"> (Darmstadt, Alemanya), com a coordinador del projecte, i l&#8217;<\/span><strong style=\"font-family: inherit; font-size: 1em;\">Institut Vall d&#8217;Hebron<\/strong><span style=\"font-family: inherit; font-size: 1em;\"> (Barcelona, Espanya), <\/span><strong style=\"font-family: inherit; font-size: 1em;\">Lyc\u00e9e Auguste Loubati\u00e8res<\/strong><span style=\"font-family: inherit; font-size: 1em;\"> (Agde, Fran\u00e7a) i <\/span><strong style=\"font-family: inherit; font-size: 1em;\">Istanbul Atat\u00fcrk Fen Lisesi<\/strong><span style=\"font-family: inherit; font-size: 1em;\"> (Istanbul, Turquia), com a associats.<\/span><\/p>\n<p>&nbsp;<\/p>\n<p>El professorat que hi va participar van ser: Hans-J\u00fcrgen Bauer, Christine Michel i Renate Dreesen (Deutschland); Manuel L\u00f3pez Naval, Ana Pomar, Carmen Garc\u00eda i Sergio Vivas (Barcelona); David Cantero i Jean-Luc Ryaux (France): Ne\u015fe Marmara i Akif Ba\u015fak (T\u00fcrkiye).<\/p>\n<p>El projecte va tenir com a objectiu principal sensibilitzar els estudiants sobre la import\u00e0ncia de les energies renovables i la seva aplicaci\u00f3 en la vida quotidiana, especialment en l&#8217;\u00e0mbit dom\u00e8stic.<\/p>\n<h4><strong>Programa cultural<\/strong><\/h4>\n<p>Per celebrar aquesta efem\u00e8ride s&#8217;han organitzat diferents activitats:<\/p>\n<ul>\n<li><strong>Acte principal<\/strong>: dissabte 7 de juny, a partir de les 13:00 h<\/li>\n<li>Visita al <strong>barri g\u00f2tic de Barcelona<\/strong>, dissabte 7 de juny (per la tarda)<\/li>\n<li>Visita a la <strong>Fundaci\u00f3 Joan Mir\u00f3<\/strong>, diumenge 8 de juny (al mat\u00ed)<\/li>\n<li><strong>Passeig pel litoral barcelon\u00ed<\/strong>, diumenge 8 de juny (al migdia)<\/li>\n<\/ul>\n<p>Amb aquesta celebraci\u00f3, l&#8217;Institut Vall d&#8217;Hebron reafirma el seu comprom\u00eds amb la formaci\u00f3 en valors globals i la conscienciaci\u00f3 sobre la import\u00e0ncia de les energies renovables en la construcci\u00f3 d&#8217;un futur m\u00e9s sostenible.<\/p>\n<p>Enhorabona a tot l&#8217;alumnat i professorat participant!<\/p>\n<p style=\"margin: 0in; font-family: Calibri; font-size: 11.0pt;\">\n","protected":false},"excerpt":{"rendered":"<p><a href=\"https:\/\/projectes.xtec.cat\/internacional\/wp-content\/uploads\/usu1767\/2025\/05\/erum-20-years.jpg\"><\/a><br \/>\nL&#8217;Institut Vall d&#8217;Hebron de Barcelona commemorar\u00e0 el 20\u00e8 aniversari del projecte Comenius ERUM amb una trobada del professorat europeu implicat, que tindr\u00e0 lloc del 6 al 8 de juny de 2025.\u00a0Aquest esdeveniment \u00e9s una oportunitat per refor\u00e7ar els\u00a0vincles entre les institucions educatives europees i&hellip;  <a href=\"https:\/\/projectes.xtec.cat\/internacional\/general\/dues-decades-de-comenius-erum-a-linstitut-vall-dhebron-una-celebracio-especial\/\" title=\"Read Dues d\u00e8cades de Comenius ERUM a l&#8217;Institut Vall d&#8217;Hebron: una celebraci\u00f3 especial\">Llegeix m\u00e9s\u00bb<\/a><\/p>\n","protected":false},"author":1,"featured_media":17020,"comment_status":"open","ping_status":"closed","sticky":false,"template":"","format":"standard","meta":{"_bbp_topic_count":0,"_bbp_reply_count":0,"_bbp_total_topic_count":0,"_bbp_total_reply_count":0,"_bbp_voice_count":0,"_bbp_anonymous_reply_count":0,"_bbp_topic_count_hidden":0,"_bbp_reply_count_hidden":0,"_bbp_forum_subforum_count":0,"footnotes":""},"categories":[311,1,461,29],"tags":[],"class_list":["post-17003","post","type-post","status-publish","format-standard","has-post-thumbnail","hentry","category-erasmus","category-general","category-noticies-erasmus","category-portada"],"post_mailing_queue_ids":[],"_links":{"self":[{"href":"https:\/\/projectes.xtec.cat\/internacional\/wp-json\/wp\/v2\/posts\/17003","targetHints":{"allow":["GET"]}}],"collection":[{"href":"https:\/\/projectes.xtec.cat\/internacional\/wp-json\/wp\/v2\/posts"}],"about":[{"href":"https:\/\/projectes.xtec.cat\/internacional\/wp-json\/wp\/v2\/types\/post"}],"author":[{"embeddable":true,"href":"https:\/\/projectes.xtec.cat\/internacional\/wp-json\/wp\/v2\/users\/1"}],"replies":[{"embeddable":true,"href":"https:\/\/projectes.xtec.cat\/internacional\/wp-json\/wp\/v2\/comments?post=17003"}],"version-history":[{"count":6,"href":"https:\/\/projectes.xtec.cat\/internacional\/wp-json\/wp\/v2\/posts\/17003\/revisions"}],"predecessor-version":[{"id":17030,"href":"https:\/\/projectes.xtec.cat\/internacional\/wp-json\/wp\/v2\/posts\/17003\/revisions\/17030"}],"wp:featuredmedia":[{"embeddable":true,"href":"https:\/\/projectes.xtec.cat\/internacional\/wp-json\/wp\/v2\/media\/17020"}],"wp:attachment":[{"href":"https:\/\/projectes.xtec.cat\/internacional\/wp-json\/wp\/v2\/media?parent=17003"}],"wp:term":[{"taxonomy":"category","embeddable":true,"href":"https:\/\/projectes.xtec.cat\/internacional\/wp-json\/wp\/v2\/categories?post=17003"},{"taxonomy":"post_tag","embeddable":true,"href":"https:\/\/projectes.xtec.cat\/internacional\/wp-json\/wp\/v2\/tags?post=17003"}],"curies":[{"name":"wp","href":"https:\/\/api.w.org\/{rel}","templated":true}]}}