{"id":17064,"date":"2025-06-06T15:02:09","date_gmt":"2025-06-06T13:02:09","guid":{"rendered":"https:\/\/projectes.xtec.cat\/internacional\/?p=17064"},"modified":"2025-06-06T15:02:09","modified_gmt":"2025-06-06T13:02:09","slug":"2a-sessio-de-la-formacio-adrecada-a-centres-sollicitants-de-projectes-internacionals-erasmus-ka120-conv-2025","status":"publish","type":"post","link":"https:\/\/projectes.xtec.cat\/internacional\/general\/2a-sessio-de-la-formacio-adrecada-a-centres-sollicitants-de-projectes-internacionals-erasmus-ka120-conv-2025\/","title":{"rendered":"2a sessi\u00f3 de la Formaci\u00f3 adre\u00e7ada a centres sol\u00b7licitants de projectes internacionals Erasmus+ KA120. Conv.2025"},"content":{"rendered":"<p><a href=\"https:\/\/projectes.xtec.cat\/internacional\/wp-content\/uploads\/usu1767\/2025\/06\/Portada-scaled.jpg\"><img loading=\"lazy\" decoding=\"async\" class=\"wp-image-17079 aligncenter\" src=\"https:\/\/projectes.xtec.cat\/internacional\/wp-content\/uploads\/usu1767\/2025\/06\/Portada-1024x461.jpg\" alt=\"\" width=\"658\" height=\"296\" srcset=\"https:\/\/projectes.xtec.cat\/internacional\/wp-content\/uploads\/usu1767\/2025\/06\/Portada-1024x461.jpg 1024w, https:\/\/projectes.xtec.cat\/internacional\/wp-content\/uploads\/usu1767\/2025\/06\/Portada-300x135.jpg 300w, https:\/\/projectes.xtec.cat\/internacional\/wp-content\/uploads\/usu1767\/2025\/06\/Portada-768x346.jpg 768w, https:\/\/projectes.xtec.cat\/internacional\/wp-content\/uploads\/usu1767\/2025\/06\/Portada-1536x692.jpg 1536w, https:\/\/projectes.xtec.cat\/internacional\/wp-content\/uploads\/usu1767\/2025\/06\/Portada-2048x922.jpg 2048w\" sizes=\"auto, (max-width: 658px) 100vw, 658px\" \/><\/a><\/p>\n<p>El passat dimarts, 3 de juny, va tenir lloc la <strong>segona sessi\u00f3<\/strong> de la formaci\u00f3 adre\u00e7ada a <strong>centres sol\u00b7licitants de projectes internacionals Erasmus+ KA120 Convocat\u00f2ria 2025<\/strong>, organitzada per la Unitat de Projectes Internacionals (Servei de Lleng\u00fces Estrangeres i d\u2019Origen).\u00a0 Aquesta formaci\u00f3 est\u00e0 pensada per acompanyar als centres que volen participar en la propera convocat\u00f2ria de sol\u00b7licitud de projectes KA120 (Acreditacions) en els <strong>\u00e0mbits d\u2019Educaci\u00f3 Escolar i d&#8217;Educaci\u00f3 de Persones Adultes<\/strong>.<\/p>\n<p>Ha estat una jornada\u00a0<strong>presencial<\/strong>\u00a0amb<strong> 52 assistents<\/strong> que han participat en diverses din\u00e0miques col\u00b7laboratives per practicar, compartir i debatre q\u00fcestions com la recerca de la connexi\u00f3 dels objectius de l\u2019Acci\u00f3 KA1 del programa Erasmus+ (2024) amb els objectius del programa Erasmus+ (2024) i els estrat\u00e8gics del Departament (2024-2025)\u2026 En definitiva, la sessi\u00f3 ha perm\u00e8s una interacci\u00f3 molt interessant entre tots i una posada en com\u00fa molt enriquidora del projecte que es vol iniciar, aix\u00ed com compartir els dubtes que inevitablement sorgeixen, els quals es van poder abordar i tractar col\u00b7lectivament.<\/p>\n<p>Tamb\u00e9 s\u2019ha comptat amb la col\u00b7laboraci\u00f3 de la M\u00aa Dolors Mu\u00f1oz, cap d&#8217;estudis adjunta i coordinadora de la Comissi\u00f3 d&#8217;Internacionalitzaci\u00f3 Erasmus+ de l\u2019<strong>EOI de Reus<\/strong>, i la Cristina Larios, cap de Departament d&#8217;alemany i membre de la Comissi\u00f3 d&#8217;Internacionalitzaci\u00f3 Erasmus+ de l&#8217;EOI de Reus , que han compartir amb nosaltres la seva experi\u00e8ncia amb el projecte <strong>KA120 (Acreditaci\u00f3) convocat\u00f2ria 2024<\/strong>. Les persones assistents van trobar enriquidora la informaci\u00f3 facilitada, tant en l\u2019exposici\u00f3 com en el torn de preguntes.<\/p>\n<p>Les organitzadores agra\u00efm als assistents la seva atenci\u00f3 i l\u2019inter\u00e8s en el programa Erasmus+.<\/p>\n<p>La propera sessi\u00f3 de formaci\u00f3 est\u00e0 programada per al dia <strong>17 de juny de 2025<\/strong>.<\/p>\n<p>Animeu-vos i sigueu part\u00edcips en la internacionalitzaci\u00f3 del vostre centre!<\/p>\n\r\n\t<div class=\"slideshow_container slideshow_container_style-light\" style=\" \" data-slideshow-id=\"17068\" data-style-name=\"style-light\" data-style-version=\"2.3.1\" >\r\n\r\n\t\t\t\t\t<div class=\"slideshow_loading_icon\"><\/div>\r\n\t\t\r\n\t\t<div class=\"slideshow_content\" style=\"display: none;\">\r\n\r\n\t\t\t<div class=\"slideshow_view\">\r\n\t\t\t\t<div class=\"slideshow_slide slideshow_slide_image\">\r\n\t\t\t\t\t\t\t\t\t\t\t<img src=\"https:\/\/projectes.xtec.cat\/internacional\/wp-content\/uploads\/usu1767\/2025\/06\/20250603_112239-scaled.jpg\" alt=\"20250603_112239\" width=\"2560\" height=\"1153\" \/>\r\n\t\t\t\t\t\t\t\t\t\t<div class=\"slideshow_description_box slideshow_transparent\">\r\n\t\t\t\t\t\t<div class=\"slideshow_title\">20250603_112239<\/div>\t\t\t\t\t\t\t\t\t\t\t<\/div>\r\n\t\t\t\t<\/div>\r\n\r\n\t\t\t\t\t\t\r\n\t\t\t\t<div class=\"slideshow_slide slideshow_slide_image\">\r\n\t\t\t\t\t\t\t\t\t\t\t<img src=\"https:\/\/projectes.xtec.cat\/internacional\/wp-content\/uploads\/usu1767\/2025\/06\/20250603_123004-scaled.jpg\" alt=\"20250603_123004\" width=\"2560\" height=\"1421\" \/>\r\n\t\t\t\t\t\t\t\t\t\t<div class=\"slideshow_description_box slideshow_transparent\">\r\n\t\t\t\t\t\t<div class=\"slideshow_title\">20250603_123004<\/div>\t\t\t\t\t\t\t\t\t\t\t<\/div>\r\n\t\t\t\t<\/div>\r\n\r\n\t\t\t\t\t\t<div style=\"clear: both;\"><\/div><\/div><div class=\"slideshow_view\">\r\n\t\t\t\t<div class=\"slideshow_slide slideshow_slide_image\">\r\n\t\t\t\t\t\t\t\t\t\t\t<img src=\"https:\/\/projectes.xtec.cat\/internacional\/wp-content\/uploads\/usu1767\/2025\/06\/20250603_105138-scaled.jpg\" alt=\"20250603_105138\" width=\"2560\" height=\"1152\" \/>\r\n\t\t\t\t\t\t\t\t\t\t<div class=\"slideshow_description_box slideshow_transparent\">\r\n\t\t\t\t\t\t<div class=\"slideshow_title\">20250603_105138<\/div>\t\t\t\t\t\t\t\t\t\t\t<\/div>\r\n\t\t\t\t<\/div>\r\n\r\n\t\t\t\t\t\t\r\n\t\t\t\t<div class=\"slideshow_slide slideshow_slide_image\">\r\n\t\t\t\t\t\t\t\t\t\t\t<img src=\"https:\/\/projectes.xtec.cat\/internacional\/wp-content\/uploads\/usu1767\/2025\/06\/20250603_111305-scaled.jpg\" alt=\"20250603_111305\" width=\"2560\" height=\"1153\" \/>\r\n\t\t\t\t\t\t\t\t\t\t<div class=\"slideshow_description_box slideshow_transparent\">\r\n\t\t\t\t\t\t<div class=\"slideshow_title\">20250603_111305<\/div>\t\t\t\t\t\t\t\t\t\t\t<\/div>\r\n\t\t\t\t<\/div>\r\n\r\n\t\t\t\t\t\t<div style=\"clear: both;\"><\/div><\/div><div class=\"slideshow_view\">\r\n\t\t\t\t<div class=\"slideshow_slide slideshow_slide_image\">\r\n\t\t\t\t\t\t\t\t\t\t\t<img src=\"https:\/\/projectes.xtec.cat\/internacional\/wp-content\/uploads\/usu1767\/2025\/06\/20250603_105102-scaled.jpg\" alt=\"20250603_105102\" width=\"2560\" height=\"1535\" \/>\r\n\t\t\t\t\t\t\t\t\t\t<div class=\"slideshow_description_box slideshow_transparent\">\r\n\t\t\t\t\t\t<div class=\"slideshow_title\">20250603_105102<\/div>\t\t\t\t\t\t\t\t\t\t\t<\/div>\r\n\t\t\t\t<\/div>\r\n\r\n\t\t\t\t\t\t\r\n\t\t\t\t<div class=\"slideshow_slide slideshow_slide_image\">\r\n\t\t\t\t\t\t\t\t\t\t\t<img src=\"https:\/\/projectes.xtec.cat\/internacional\/wp-content\/uploads\/usu1767\/2025\/06\/20250603_105055-scaled.jpg\" alt=\"20250603_105055\" width=\"2560\" height=\"1353\" \/>\r\n\t\t\t\t\t\t\t\t\t\t<div class=\"slideshow_description_box slideshow_transparent\">\r\n\t\t\t\t\t\t<div class=\"slideshow_title\">20250603_105055<\/div>\t\t\t\t\t\t\t\t\t\t\t<\/div>\r\n\t\t\t\t<\/div>\r\n\r\n\t\t\t\t\t\t<div style=\"clear: both;\"><\/div><\/div><div class=\"slideshow_view\">\r\n\t\t\t\t<div class=\"slideshow_slide slideshow_slide_image\">\r\n\t\t\t\t\t\t\t\t\t\t\t<img src=\"https:\/\/projectes.xtec.cat\/internacional\/wp-content\/uploads\/usu1767\/2025\/06\/20250603_104909-scaled.jpg\" alt=\"20250603_104909\" width=\"2560\" height=\"1186\" \/>\r\n\t\t\t\t\t\t\t\t\t\t<div class=\"slideshow_description_box slideshow_transparent\">\r\n\t\t\t\t\t\t<div class=\"slideshow_title\">20250603_104909<\/div>\t\t\t\t\t\t\t\t\t\t\t<\/div>\r\n\t\t\t\t<\/div>\r\n\r\n\t\t\t\t\t\t\r\n\t\t\t\t<div class=\"slideshow_slide slideshow_slide_image\">\r\n\t\t\t\t\t\t\t\t\t\t\t<img src=\"https:\/\/projectes.xtec.cat\/internacional\/wp-content\/uploads\/usu1767\/2025\/06\/20250603_104841-scaled.jpg\" alt=\"20250603_104841\" width=\"2560\" height=\"1153\" \/>\r\n\t\t\t\t\t\t\t\t\t\t<div class=\"slideshow_description_box slideshow_transparent\">\r\n\t\t\t\t\t\t<div class=\"slideshow_title\">20250603_104841<\/div>\t\t\t\t\t\t\t\t\t\t\t<\/div>\r\n\t\t\t\t<\/div>\r\n\r\n\t\t\t\t\t\t<div style=\"clear: both;\"><\/div><\/div>\r\n\t\t<\/div>\r\n\r\n\t\t<div class=\"slideshow_controlPanel slideshow_transparent\" style=\"display: none;\"><ul><li class=\"slideshow_togglePlay\" data-play-text=\"Visualitza\" data-pause-text=\"Pausa\"><\/li><\/ul><\/div>\r\n\r\n\t\t<div class=\"slideshow_button slideshow_previous slideshow_transparent\" role=\"button\" data-previous-text=\"Anterior\" style=\"display: none;\"><\/div>\r\n\t\t<div class=\"slideshow_button slideshow_next slideshow_transparent\" role=\"button\" data-next-text=\"Seg\u00fcent\" style=\"display: none;\"><\/div>\r\n\r\n\t\t<div class=\"slideshow_pagination\" style=\"display: none;\" data-go-to-text=\"V\u00e9s a la diapositiva\"><div class=\"slideshow_pagination_center\"><\/div><\/div>\r\n\r\n\t\t<!-- WordPress Slideshow Version 2.3.1 -->\r\n\r\n\t\t\t<\/div>\r\n\r\n\n","protected":false},"excerpt":{"rendered":"<p><a href=\"https:\/\/projectes.xtec.cat\/internacional\/wp-content\/uploads\/usu1767\/2025\/06\/Portada-scaled.jpg\"><\/a><br \/>\nEl passat dimarts, 3 de juny, va tenir lloc la segona sessi\u00f3 de la formaci\u00f3 adre\u00e7ada a centres sol\u00b7licitants de projectes internacionals Erasmus+ KA120 Convocat\u00f2ria 2025, organitzada per la Unitat de Projectes Internacionals (Servei de Lleng\u00fces Estrangeres i d\u2019Origen).\u00a0 Aquesta formaci\u00f3 est\u00e0 pensada per&hellip;  <a href=\"https:\/\/projectes.xtec.cat\/internacional\/general\/2a-sessio-de-la-formacio-adrecada-a-centres-sollicitants-de-projectes-internacionals-erasmus-ka120-conv-2025\/\" title=\"Read 2a sessi\u00f3 de la Formaci\u00f3 adre\u00e7ada a centres sol\u00b7licitants de projectes internacionals Erasmus+ KA120. Conv.2025\">Llegeix m\u00e9s\u00bb<\/a><\/p>\n","protected":false},"author":1,"featured_media":17079,"comment_status":"open","ping_status":"open","sticky":false,"template":"","format":"standard","meta":{"_bbp_topic_count":0,"_bbp_reply_count":0,"_bbp_total_topic_count":0,"_bbp_total_reply_count":0,"_bbp_voice_count":0,"_bbp_anonymous_reply_count":0,"_bbp_topic_count_hidden":0,"_bbp_reply_count_hidden":0,"_bbp_forum_subforum_count":0,"footnotes":""},"categories":[311,154,1,312,461,457,29,309,76],"tags":[],"class_list":["post-17064","post","type-post","status-publish","format-standard","has-post-thumbnail","hentry","category-erasmus","category-formacio","category-general","category-ka1","category-noticies-erasmus","category-noticies-formacio-erasmus","category-portada","category-programa-erasmus-2021-2027","category-recursos"],"post_mailing_queue_ids":[],"_links":{"self":[{"href":"https:\/\/projectes.xtec.cat\/internacional\/wp-json\/wp\/v2\/posts\/17064","targetHints":{"allow":["GET"]}}],"collection":[{"href":"https:\/\/projectes.xtec.cat\/internacional\/wp-json\/wp\/v2\/posts"}],"about":[{"href":"https:\/\/projectes.xtec.cat\/internacional\/wp-json\/wp\/v2\/types\/post"}],"author":[{"embeddable":true,"href":"https:\/\/projectes.xtec.cat\/internacional\/wp-json\/wp\/v2\/users\/1"}],"replies":[{"embeddable":true,"href":"https:\/\/projectes.xtec.cat\/internacional\/wp-json\/wp\/v2\/comments?post=17064"}],"version-history":[{"count":6,"href":"https:\/\/projectes.xtec.cat\/internacional\/wp-json\/wp\/v2\/posts\/17064\/revisions"}],"predecessor-version":[{"id":17083,"href":"https:\/\/projectes.xtec.cat\/internacional\/wp-json\/wp\/v2\/posts\/17064\/revisions\/17083"}],"wp:featuredmedia":[{"embeddable":true,"href":"https:\/\/projectes.xtec.cat\/internacional\/wp-json\/wp\/v2\/media\/17079"}],"wp:attachment":[{"href":"https:\/\/projectes.xtec.cat\/internacional\/wp-json\/wp\/v2\/media?parent=17064"}],"wp:term":[{"taxonomy":"category","embeddable":true,"href":"https:\/\/projectes.xtec.cat\/internacional\/wp-json\/wp\/v2\/categories?post=17064"},{"taxonomy":"post_tag","embeddable":true,"href":"https:\/\/projectes.xtec.cat\/internacional\/wp-json\/wp\/v2\/tags?post=17064"}],"curies":[{"name":"wp","href":"https:\/\/api.w.org\/{rel}","templated":true}]}}