{"id":17148,"date":"2025-06-13T11:49:49","date_gmt":"2025-06-13T09:49:49","guid":{"rendered":"https:\/\/projectes.xtec.cat\/internacional\/?p=17148"},"modified":"2025-06-13T11:49:49","modified_gmt":"2025-06-13T09:49:49","slug":"jornada-concurs-deutsch-macht-spas-a-la-selva-del-camp","status":"publish","type":"post","link":"https:\/\/projectes.xtec.cat\/internacional\/general\/jornada-concurs-deutsch-macht-spas-a-la-selva-del-camp\/","title":{"rendered":"Jornada-concurs &#8220;Deutsch macht Spa\u00df&#8221; a La Selva del Camp"},"content":{"rendered":"<p><a href=\"https:\/\/projectes.xtec.cat\/internacional\/wp-content\/uploads\/usu1767\/2025\/06\/DeutschmachtSpass.png\"><img loading=\"lazy\" decoding=\"async\" class=\" wp-image-17150 aligncenter\" src=\"https:\/\/projectes.xtec.cat\/internacional\/wp-content\/uploads\/usu1767\/2025\/06\/DeutschmachtSpass.png\" alt=\"\" width=\"423\" height=\"298\" srcset=\"https:\/\/projectes.xtec.cat\/internacional\/wp-content\/uploads\/usu1767\/2025\/06\/DeutschmachtSpass.png 390w, https:\/\/projectes.xtec.cat\/internacional\/wp-content\/uploads\/usu1767\/2025\/06\/DeutschmachtSpass-300x212.png 300w\" sizes=\"auto, (max-width: 423px) 100vw, 423px\" \/><\/a><\/p>\n<p>El divendres, 6 de juny 2025, va tenir lloc la <strong>jornada-concurs d&#8217;alemany &#8220;Deutsch macht Spa\u00df&#8221;<\/strong> (l\u2019alemany \u00e9s divertit) organitzada per un grup de docents d&#8217;alemany de diferents centres del ST de Tarragona, que, mitjan\u00e7ant el format d&#8217;un seminari, es van plantejar l&#8217;objectiu de fer xarxa entre el professorat i l&#8217;alumnat.<\/p>\n<p>La Selva, a trav\u00e9s de l&#8217;<strong>institut Joan Puig i Ferreter<\/strong>, es va convertir en l&#8217;amfitriona del <strong>&#8220;Deutsch macht Spa\u00df&#8221;<\/strong>, una jornada l\u00fadica entre estudiants de tercer d&#8217;ESO del Camp de Tarragona que aprenen alemany com a <strong>segona llengua estrangera. <\/strong>La jornada va ser una adaptaci\u00f3 del conegut joc &#8220;trivial&#8221;, una forma l\u00fadica per als estudiants d&#8217;alemany com a 2a llengua estrangera per practicar els seus coneixements i, alhora, con\u00e8ixer altres estudiants d&#8217;alemany amb qui compartir experi\u00e8ncies i motivar-se encara m\u00e9s en l&#8217;aprenentatge de la llengua.<\/p>\n<p>Durant tot el mat\u00ed, l&#8217;envelat de l&#8217;Hort d&#8217;Igl\u00e9sies i el Casal Jove van transformar-se en el centre neur\u00e0lgic d&#8217;aquesta trobada que va congregar una representaci\u00f3 d&#8217;alumnat de l&#8217;i<strong>nstitut Marta Mata de Salou, els instituts Baix Camp i Gabriel Ferrater de Reus<\/strong> i, per descomptat, de l<strong>&#8216;institut Joan Puig i Ferreter.<\/strong><\/p>\n<p>Pots trobar m\u00e9s informaci\u00f3 sobre la jornada en el seg\u00fcent <a href=\"https:\/\/www.youtube.com\/watch?v=YWxvl5MxcAQ\" target=\"_blank\" rel=\"noopener\">v\u00eddeo<\/a>.<\/p>\n<p>Enhorabona per aquesta iniciativa!<\/p>\n","protected":false},"excerpt":{"rendered":"<p><a href=\"https:\/\/projectes.xtec.cat\/internacional\/wp-content\/uploads\/usu1767\/2025\/06\/DeutschmachtSpass.png\"><\/a><br \/>\nEl divendres, 6 de juny 2025, va tenir lloc la jornada-concurs d&#8217;alemany &#8220;Deutsch macht Spa\u00df&#8221; (l\u2019alemany \u00e9s divertit) organitzada per un grup de docents d&#8217;alemany de diferents centres del ST de Tarragona, que, mitjan\u00e7ant el format d&#8217;un seminari, es van plantejar l&#8217;objectiu de fer&hellip;  <a href=\"https:\/\/projectes.xtec.cat\/internacional\/general\/jornada-concurs-deutsch-macht-spas-a-la-selva-del-camp\/\" title=\"Read Jornada-concurs &#8220;Deutsch macht Spa\u00df&#8221; a La Selva del Camp\">Llegeix m\u00e9s\u00bb<\/a><\/p>\n","protected":false},"author":1,"featured_media":17150,"comment_status":"open","ping_status":"open","sticky":false,"template":"","format":"standard","meta":{"_bbp_topic_count":0,"_bbp_reply_count":0,"_bbp_total_topic_count":0,"_bbp_total_reply_count":0,"_bbp_voice_count":0,"_bbp_anonymous_reply_count":0,"_bbp_topic_count_hidden":0,"_bbp_reply_count_hidden":0,"_bbp_forum_subforum_count":0,"footnotes":""},"categories":[1,375,29,76],"tags":[],"class_list":["post-17148","post","type-post","status-publish","format-standard","has-post-thumbnail","hentry","category-general","category-noticies-dalemany","category-portada","category-recursos"],"post_mailing_queue_ids":[],"_links":{"self":[{"href":"https:\/\/projectes.xtec.cat\/internacional\/wp-json\/wp\/v2\/posts\/17148","targetHints":{"allow":["GET"]}}],"collection":[{"href":"https:\/\/projectes.xtec.cat\/internacional\/wp-json\/wp\/v2\/posts"}],"about":[{"href":"https:\/\/projectes.xtec.cat\/internacional\/wp-json\/wp\/v2\/types\/post"}],"author":[{"embeddable":true,"href":"https:\/\/projectes.xtec.cat\/internacional\/wp-json\/wp\/v2\/users\/1"}],"replies":[{"embeddable":true,"href":"https:\/\/projectes.xtec.cat\/internacional\/wp-json\/wp\/v2\/comments?post=17148"}],"version-history":[{"count":3,"href":"https:\/\/projectes.xtec.cat\/internacional\/wp-json\/wp\/v2\/posts\/17148\/revisions"}],"predecessor-version":[{"id":17152,"href":"https:\/\/projectes.xtec.cat\/internacional\/wp-json\/wp\/v2\/posts\/17148\/revisions\/17152"}],"wp:featuredmedia":[{"embeddable":true,"href":"https:\/\/projectes.xtec.cat\/internacional\/wp-json\/wp\/v2\/media\/17150"}],"wp:attachment":[{"href":"https:\/\/projectes.xtec.cat\/internacional\/wp-json\/wp\/v2\/media?parent=17148"}],"wp:term":[{"taxonomy":"category","embeddable":true,"href":"https:\/\/projectes.xtec.cat\/internacional\/wp-json\/wp\/v2\/categories?post=17148"},{"taxonomy":"post_tag","embeddable":true,"href":"https:\/\/projectes.xtec.cat\/internacional\/wp-json\/wp\/v2\/tags?post=17148"}],"curies":[{"name":"wp","href":"https:\/\/api.w.org\/{rel}","templated":true}]}}