{"id":17256,"date":"2025-07-17T10:53:34","date_gmt":"2025-07-17T08:53:34","guid":{"rendered":"https:\/\/projectes.xtec.cat\/internacional\/?p=17256"},"modified":"2025-07-17T10:53:34","modified_gmt":"2025-07-17T08:53:34","slug":"noticies-dinteres-en-la-newsletter-sepie-no-61","status":"publish","type":"post","link":"https:\/\/projectes.xtec.cat\/internacional\/general\/noticies-dinteres-en-la-newsletter-sepie-no-61\/","title":{"rendered":"Not\u00edcies d&#8217;inter\u00e8s en la Newsletter SEPIE n\u00ba 61"},"content":{"rendered":"<p><a href=\"https:\/\/projectes.xtec.cat\/internacional\/wp-content\/uploads\/usu1767\/2025\/07\/Newslettersepie61.png\"><img loading=\"lazy\" decoding=\"async\" class=\"wp-image-17257 aligncenter\" src=\"https:\/\/projectes.xtec.cat\/internacional\/wp-content\/uploads\/usu1767\/2025\/07\/Newslettersepie61.png\" alt=\"\" width=\"632\" height=\"217\" srcset=\"https:\/\/projectes.xtec.cat\/internacional\/wp-content\/uploads\/usu1767\/2025\/07\/Newslettersepie61.png 830w, https:\/\/projectes.xtec.cat\/internacional\/wp-content\/uploads\/usu1767\/2025\/07\/Newslettersepie61-300x103.png 300w, https:\/\/projectes.xtec.cat\/internacional\/wp-content\/uploads\/usu1767\/2025\/07\/Newslettersepie61-768x264.png 768w\" sizes=\"auto, (max-width: 632px) 100vw, 632px\" \/><\/a><\/p>\n<p>Des del SEPIE comparteixen amb tots nosaltres la informaci\u00f3 en format\u00a0<strong>butllet\u00ed digital<\/strong>, un recurs en el que podeu trobar tota la informaci\u00f3 sobre el programa Erasmus+ de la UE aix\u00ed com d\u2019altres iniciatives i projectes internacionals.<\/p>\n<p>La\u00a0<a href=\"http:\/\/www.sepie.es\/doc\/newsletter\/2025\/61\/sepie_61.html\" target=\"_blank\" rel=\"noopener\">Newsletter\u00a0<\/a>que us compartim \u00e9s una edici\u00f3 en la que se celebra 20 anys d&#8217;Europass, on tamb\u00e9 s&#8217;explica el paper fonamental del programa Erasmus+ en el suport a la innovaci\u00f3 educativa i la ciutadania europea, entre d\u2019altres not\u00edcies que poden ser del vostre inter\u00e8s.<\/p>\n<p>Podeu trobar molta m\u00e9s informaci\u00f3 accedint al seg\u00fcent\u00a0<a href=\"http:\/\/www.sepie.es\/comunicacion\/newsletter.html\">enlla\u00e7<\/a>.<\/p>\n<div class=\"addtoany_share_save_container addtoany_content addtoany_content_bottom\"><\/div>\n","protected":false},"excerpt":{"rendered":"<p><a href=\"https:\/\/projectes.xtec.cat\/internacional\/wp-content\/uploads\/usu1767\/2025\/07\/Newslettersepie61.png\"><\/a><br \/>\nDes del SEPIE comparteixen amb tots nosaltres la informaci\u00f3 en format\u00a0butllet\u00ed digital, un recurs en el que podeu trobar tota la informaci\u00f3 sobre el programa Erasmus+ de la UE aix\u00ed com d\u2019altres iniciatives i projectes internacionals.<br \/>\nLa\u00a0<a href=\"http:\/\/www.sepie.es\/doc\/newsletter\/2025\/61\/sepie_61.html\" target=\"_blank\" rel=\"noopener\">Newsletter\u00a0<\/a>que us compartim \u00e9s una edici\u00f3&hellip;  <a href=\"https:\/\/projectes.xtec.cat\/internacional\/general\/noticies-dinteres-en-la-newsletter-sepie-no-61\/\" title=\"Read Not\u00edcies d&#8217;inter\u00e8s en la Newsletter SEPIE n\u00ba 61\">Llegeix m\u00e9s\u00bb<\/a><\/p>\n","protected":false},"author":1,"featured_media":17257,"comment_status":"open","ping_status":"open","sticky":false,"template":"","format":"standard","meta":{"_bbp_topic_count":0,"_bbp_reply_count":0,"_bbp_total_topic_count":0,"_bbp_total_reply_count":0,"_bbp_voice_count":0,"_bbp_anonymous_reply_count":0,"_bbp_topic_count_hidden":0,"_bbp_reply_count_hidden":0,"_bbp_forum_subforum_count":0,"footnotes":""},"categories":[311,1,461,29,309,76,436],"tags":[],"class_list":["post-17256","post","type-post","status-publish","format-standard","has-post-thumbnail","hentry","category-erasmus","category-general","category-noticies-erasmus","category-portada","category-programa-erasmus-2021-2027","category-recursos","category-sepie"],"post_mailing_queue_ids":[],"_links":{"self":[{"href":"https:\/\/projectes.xtec.cat\/internacional\/wp-json\/wp\/v2\/posts\/17256","targetHints":{"allow":["GET"]}}],"collection":[{"href":"https:\/\/projectes.xtec.cat\/internacional\/wp-json\/wp\/v2\/posts"}],"about":[{"href":"https:\/\/projectes.xtec.cat\/internacional\/wp-json\/wp\/v2\/types\/post"}],"author":[{"embeddable":true,"href":"https:\/\/projectes.xtec.cat\/internacional\/wp-json\/wp\/v2\/users\/1"}],"replies":[{"embeddable":true,"href":"https:\/\/projectes.xtec.cat\/internacional\/wp-json\/wp\/v2\/comments?post=17256"}],"version-history":[{"count":6,"href":"https:\/\/projectes.xtec.cat\/internacional\/wp-json\/wp\/v2\/posts\/17256\/revisions"}],"predecessor-version":[{"id":17262,"href":"https:\/\/projectes.xtec.cat\/internacional\/wp-json\/wp\/v2\/posts\/17256\/revisions\/17262"}],"wp:featuredmedia":[{"embeddable":true,"href":"https:\/\/projectes.xtec.cat\/internacional\/wp-json\/wp\/v2\/media\/17257"}],"wp:attachment":[{"href":"https:\/\/projectes.xtec.cat\/internacional\/wp-json\/wp\/v2\/media?parent=17256"}],"wp:term":[{"taxonomy":"category","embeddable":true,"href":"https:\/\/projectes.xtec.cat\/internacional\/wp-json\/wp\/v2\/categories?post=17256"},{"taxonomy":"post_tag","embeddable":true,"href":"https:\/\/projectes.xtec.cat\/internacional\/wp-json\/wp\/v2\/tags?post=17256"}],"curies":[{"name":"wp","href":"https:\/\/api.w.org\/{rel}","templated":true}]}}