{"id":17449,"date":"2025-08-29T11:45:01","date_gmt":"2025-08-29T09:45:01","guid":{"rendered":"https:\/\/projectes.xtec.cat\/internacional\/?p=17449"},"modified":"2025-12-11T09:18:16","modified_gmt":"2025-12-11T08:18:16","slug":"comenca-el-curs-amb-activitats-de-formacio-i-cooperacio-tca","status":"publish","type":"post","link":"https:\/\/projectes.xtec.cat\/internacional\/general\/comenca-el-curs-amb-activitats-de-formacio-i-cooperacio-tca\/","title":{"rendered":"Comen\u00e7a el curs amb Activitats de Formaci\u00f3 i Cooperaci\u00f3 (TCA)"},"content":{"rendered":"<h2><a href=\"https:\/\/projectes.xtec.cat\/internacional\/wp-content\/uploads\/usu1767\/2025\/08\/TCAobertes.png\"><img loading=\"lazy\" decoding=\"async\" class=\"wp-image-17451 aligncenter\" src=\"https:\/\/projectes.xtec.cat\/internacional\/wp-content\/uploads\/usu1767\/2025\/08\/TCAobertes-1024x376.png\" alt=\"\" width=\"745\" height=\"274\" srcset=\"https:\/\/projectes.xtec.cat\/internacional\/wp-content\/uploads\/usu1767\/2025\/08\/TCAobertes-1024x376.png 1024w, https:\/\/projectes.xtec.cat\/internacional\/wp-content\/uploads\/usu1767\/2025\/08\/TCAobertes-300x110.png 300w, https:\/\/projectes.xtec.cat\/internacional\/wp-content\/uploads\/usu1767\/2025\/08\/TCAobertes-768x282.png 768w, https:\/\/projectes.xtec.cat\/internacional\/wp-content\/uploads\/usu1767\/2025\/08\/TCAobertes.png 1132w\" sizes=\"auto, (max-width: 745px) 100vw, 745px\" \/><\/a><\/h2>\n<h2>TCA: Blended Mobility within the context of Digital Pedagogy<\/h2>\n<p>Activitat dirigida a centres educatius dels sectors d&#8217;Educaci\u00f3 Escolar i Formaci\u00f3 Professional que siguin beneficiaris de projectes de mobilitat Erasmus+ (KA1). Seminari tem\u00e0tic que tracta d&#8217;explotar com la mobilitat combinada pot millorar la pedagogiai digital.<\/p>\n<p><strong>Informaci\u00f3 addicional:<\/strong><\/p>\n<ul>\n<li style=\"list-style-type: none;\">\n<ul>\n<li>Del\u00a0<strong>10 al 12 de desembre 2025<\/strong> a Tallin (Est\u00f2nia).<\/li>\n<li>Termini per presentar la sol\u00b7licitud: <strong>1 de setembre\u00a0de 2025.<\/strong><\/li>\n<\/ul>\n<\/li>\n<\/ul>\n<h2>TCA: Online Partner Finding Fair for Teachers vol.2<\/h2>\n<p>Aquesta activitat en l\u00ednia est\u00e0 dirigida a docents implicats en projectes de mobilitat Erasmus+ (KA1) del sector d&#8217;Educaci\u00f3 Escolar, amb alumnat d&#8217;entre 11 i 18 anys.<\/p>\n<p><strong>Informaci\u00f3 addicional:<\/strong><\/p>\n<ul>\n<li style=\"list-style-type: none;\">\n<ul>\n<li>Data i hora: <strong>29 de setembre<\/strong> de<strong> 15:00 h a 16:30 h<\/strong> (en l\u00ednia).<\/li>\n<li>Termini per presentar la sol\u00b7licitud: <strong>12 de setembre de 2025.<\/strong><\/li>\n<\/ul>\n<\/li>\n<\/ul>\n<ul>\n<li style=\"list-style-type: none;\"><\/li>\n<\/ul>\n<p>&nbsp;<\/p>\n<p>Pots trobar tota la informaci\u00f3 de la convocat\u00f2ria d\u2019aquestes TCA en la\u00a0<a href=\"http:\/\/www.sepie.es\/tca.html\" target=\"_blank\" rel=\"noopener\">p\u00e0gina web de SEPIE,<\/a>\u00a0i sobre les TCA en general en\u00a0<a href=\"https:\/\/salto-et.net\/\" target=\"_blank\" rel=\"noopener\">SALTO, Education &amp; Training<\/a>.<\/p>\n<p>No deixis passar aquesta oportunitat!<\/p>\n","protected":false},"excerpt":{"rendered":"<p><a href=\"https:\/\/projectes.xtec.cat\/internacional\/wp-content\/uploads\/usu1767\/2025\/08\/TCAobertes.png\"><\/a><br \/>\nTCA: Blended Mobility within the context of Digital Pedagogy<br \/>\nActivitat dirigida a centres educatius dels sectors d&#8217;Educaci\u00f3 Escolar i Formaci\u00f3 Professional que siguin beneficiaris de projectes de mobilitat Erasmus+ (KA1). Seminari tem\u00e0tic que tracta d&#8217;explotar com la mobilitat combinada pot millorar la pedagogiai digital.<br \/>\nInformaci\u00f3 addicional:<\/p>\n<ul>\n<li&hellip;  <a href=\"https:\/\/projectes.xtec.cat\/internacional\/general\/comenca-el-curs-amb-activitats-de-formacio-i-cooperacio-tca\/\" title=\"Read Comen\u00e7a el curs amb Activitats de Formaci\u00f3 i Cooperaci\u00f3 (TCA)\">Llegeix m\u00e9s\u00bb<\/a><\/p>\n","protected":false},"author":1,"featured_media":17451,"comment_status":"open","ping_status":"open","sticky":false,"template":"","format":"standard","meta":{"_bbp_topic_count":0,"_bbp_reply_count":0,"_bbp_total_topic_count":0,"_bbp_total_reply_count":0,"_bbp_voice_count":0,"_bbp_anonymous_reply_count":0,"_bbp_topic_count_hidden":0,"_bbp_reply_count_hidden":0,"_bbp_forum_subforum_count":0,"footnotes":""},"categories":[311,154,1,312,461,29,309,76,436,469],"tags":[],"class_list":["post-17449","post","type-post","status-publish","format-standard","has-post-thumbnail","hentry","category-erasmus","category-formacio","category-general","category-ka1","category-noticies-erasmus","category-portada","category-programa-erasmus-2021-2027","category-recursos","category-sepie","category-tca"],"post_mailing_queue_ids":[],"_links":{"self":[{"href":"https:\/\/projectes.xtec.cat\/internacional\/wp-json\/wp\/v2\/posts\/17449","targetHints":{"allow":["GET"]}}],"collection":[{"href":"https:\/\/projectes.xtec.cat\/internacional\/wp-json\/wp\/v2\/posts"}],"about":[{"href":"https:\/\/projectes.xtec.cat\/internacional\/wp-json\/wp\/v2\/types\/post"}],"author":[{"embeddable":true,"href":"https:\/\/projectes.xtec.cat\/internacional\/wp-json\/wp\/v2\/users\/1"}],"replies":[{"embeddable":true,"href":"https:\/\/projectes.xtec.cat\/internacional\/wp-json\/wp\/v2\/comments?post=17449"}],"version-history":[{"count":7,"href":"https:\/\/projectes.xtec.cat\/internacional\/wp-json\/wp\/v2\/posts\/17449\/revisions"}],"predecessor-version":[{"id":17457,"href":"https:\/\/projectes.xtec.cat\/internacional\/wp-json\/wp\/v2\/posts\/17449\/revisions\/17457"}],"wp:featuredmedia":[{"embeddable":true,"href":"https:\/\/projectes.xtec.cat\/internacional\/wp-json\/wp\/v2\/media\/17451"}],"wp:attachment":[{"href":"https:\/\/projectes.xtec.cat\/internacional\/wp-json\/wp\/v2\/media?parent=17449"}],"wp:term":[{"taxonomy":"category","embeddable":true,"href":"https:\/\/projectes.xtec.cat\/internacional\/wp-json\/wp\/v2\/categories?post=17449"},{"taxonomy":"post_tag","embeddable":true,"href":"https:\/\/projectes.xtec.cat\/internacional\/wp-json\/wp\/v2\/tags?post=17449"}],"curies":[{"name":"wp","href":"https:\/\/api.w.org\/{rel}","templated":true}]}}