{"id":17497,"date":"2025-09-01T15:29:06","date_gmt":"2025-09-01T13:29:06","guid":{"rendered":"https:\/\/projectes.xtec.cat\/internacional\/?p=17497"},"modified":"2025-09-01T15:34:35","modified_gmt":"2025-09-01T13:34:35","slug":"claus-per-participar-a-erasmus-convocatoria-2025-webinars-informatius-de-sepie","status":"publish","type":"post","link":"https:\/\/projectes.xtec.cat\/internacional\/general\/claus-per-participar-a-erasmus-convocatoria-2025-webinars-informatius-de-sepie\/","title":{"rendered":"Claus per participar a Erasmus+ convocat\u00f2ria 2025: webinars informatius de SEPIE"},"content":{"rendered":"<p><a href=\"https:\/\/projectes.xtec.cat\/internacional\/wp-content\/uploads\/usu1767\/2025\/09\/2_webinars-SEPIE.png\"><img loading=\"lazy\" decoding=\"async\" class=\"wp-image-17501 aligncenter\" src=\"https:\/\/projectes.xtec.cat\/internacional\/wp-content\/uploads\/usu1767\/2025\/09\/2_webinars-SEPIE.png\" alt=\"\" width=\"633\" height=\"318\" srcset=\"https:\/\/projectes.xtec.cat\/internacional\/wp-content\/uploads\/usu1767\/2025\/09\/2_webinars-SEPIE.png 778w, https:\/\/projectes.xtec.cat\/internacional\/wp-content\/uploads\/usu1767\/2025\/09\/2_webinars-SEPIE-300x151.png 300w, https:\/\/projectes.xtec.cat\/internacional\/wp-content\/uploads\/usu1767\/2025\/09\/2_webinars-SEPIE-768x386.png 768w\" sizes=\"auto, (max-width: 633px) 100vw, 633px\" \/><\/a><\/p>\n<p>SEPIE ha programat <strong data-start=\"719\" data-end=\"758\">dues sessions informatives en l\u00ednia<\/strong> adre\u00e7ades a centres dels \u00e0mbits d\u2019<strong data-start=\"793\" data-end=\"813\">educaci\u00f3 escolar<\/strong> i\/o <strong data-start=\"818\" data-end=\"850\">educaci\u00f3 de persones adultes<\/strong>, per orientar-los en la participaci\u00f3 a la convocat\u00f2ria Erasmus+ 2025.<\/p>\n<h4>Webinar: \u201cPresenta tu proyecto de corta duraci\u00f3n Erasmus KA122-ADU \u2013 Ronda 2\u201d<\/h4>\n<ul>\n<li style=\"list-style-type: none;\">\n<ul type=\"disc\">\n<li>Destinataris:<strong> \u00e0mbit d&#8217;Educaci\u00f3 de persones adultes. Convocat\u00f2ria 2025.<\/strong><\/li>\n<li>Data: <strong>5 de setembre<\/strong><\/li>\n<li>Enlla\u00e7 al programa: <a href=\"http:\/\/www.sepie.es\/doc\/comunicacion\/jornadas\/2025\/5_septiembre\/programa.pdf\" target=\"_blank\" rel=\"noopener\" data-saferedirecturl=\"https:\/\/www.google.com\/url?q=http:\/\/www.sepie.es\/doc\/comunicacion\/jornadas\/2025\/5_septiembre\/programa.pdf&amp;source=gmail&amp;ust=1756807360676000&amp;usg=AOvVaw0Fzh4xLJZN8C_m3HdpqwZl\">http:\/\/www.sepie.es\/doc\/<wbr \/>comunicacion\/jornadas\/2025\/5_<wbr \/>septiembre\/programa.pdf<\/a><u><\/u><u><\/u><\/li>\n<li>Enlla\u00e7 al formulari d&#8217;inscripci\u00f3: <a href=\"https:\/\/sepie.erasmusplus.gob.es\/comunica\/2025\/ka122_adu_r2\/\" target=\"_blank\" rel=\"noopener\" data-saferedirecturl=\"https:\/\/www.google.com\/url?q=https:\/\/sepie.erasmusplus.gob.es\/comunica\/2025\/ka122_adu_r2\/&amp;source=gmail&amp;ust=1756807360677000&amp;usg=AOvVaw01hA46xNcd2cfoE4jrDtMJ\">https:\/\/sepie.erasmusplus.gob.<wbr \/>es\/comunica\/2025\/ka122_adu_r2\/<\/a><u><\/u><u><\/u><\/li>\n<li>Termini d&#8217;inscripci\u00f3: <strong>3 de setembre a les 12 h<\/strong> (hora peninsular).<u><\/u><u><\/u><\/li>\n<\/ul>\n<\/li>\n<\/ul>\n<p><u><\/u>\u00a0<u><\/u><\/p>\n<h4>Jornada informativa per a sol\u00b7licitants de l&#8217;Acreditaci\u00f3 Erasmus+ (KA120) en els \u00e0mbits d&#8217;Educaci\u00f3 Escolar i d&#8217;Educaci\u00f3 de Persones Adultes. Convocat\u00f2ria Erasmus+ 2025<\/h4>\n<ul>\n<li style=\"list-style-type: none;\">\n<ul type=\"circle\">\n<li>Data: <strong>10 de setembre<\/strong><\/li>\n<li>Enlla\u00e7 al programa: <a href=\"http:\/\/www.sepie.es\/doc\/comunicacion\/jornadas\/2025\/10_septiembre_sch_adu\/programa.pdf\" target=\"_blank\" rel=\"noopener\" data-saferedirecturl=\"https:\/\/www.google.com\/url?q=http:\/\/www.sepie.es\/doc\/comunicacion\/jornadas\/2025\/10_septiembre_sch_adu\/programa.pdf&amp;source=gmail&amp;ust=1756807360677000&amp;usg=AOvVaw0QlzYX_ncl46zEfNlBqNtF\">http:\/\/www.sepie.es\/doc\/<wbr \/>comunicacion\/jornadas\/2025\/10_<wbr \/>septiembre_sch_adu\/programa.<wbr \/>pdf<\/a><u><\/u><u><\/u><\/li>\n<li>Enlla\u00e7 al formulari d&#8217;inscripci\u00f3: <a href=\"https:\/\/sepie.erasmusplus.gob.es\/comunica\/2025\/online_ka120_sch_adu\/\" target=\"_blank\" rel=\"noopener\" data-saferedirecturl=\"https:\/\/www.google.com\/url?q=https:\/\/sepie.erasmusplus.gob.es\/comunica\/2025\/online_ka120_sch_adu\/&amp;source=gmail&amp;ust=1756807360677000&amp;usg=AOvVaw0hzrtdSLINiow0BjmhjBoo\">https:\/\/sepie.erasmusplus.gob.<wbr \/>es\/comunica\/2025\/online_ka120_<wbr \/>sch_adu\/<\/a><u><\/u><u><\/u><\/li>\n<li>Termini d&#8217;inscripci\u00f3:\u00a0 <strong>8 de setembre a les 12 h <\/strong>(hora peninsular).<u><\/u><\/li>\n<\/ul>\n<\/li>\n<\/ul>\n<p>&nbsp;<\/p>\n<p>Aprofita aquests webinars per <strong data-start=\"1882\" data-end=\"1955\">resoldre dubtes, con\u00e8ixer els requisits i millorar la teva preparaci\u00f3<\/strong> per a la <strong>convocat\u00f2ria Erasmus+ 2025!<\/strong><\/p>\n","protected":false},"excerpt":{"rendered":"<p><a href=\"https:\/\/projectes.xtec.cat\/internacional\/wp-content\/uploads\/usu1767\/2025\/09\/2_webinars-SEPIE.png\"><\/a><br \/>\nSEPIE ha programat dues sessions informatives en l\u00ednia adre\u00e7ades a centres dels \u00e0mbits d\u2019educaci\u00f3 escolar i\/o educaci\u00f3 de persones adultes, per orientar-los en la participaci\u00f3 a la convocat\u00f2ria Erasmus+ 2025.<br \/>\nWebinar: \u201cPresenta tu proyecto de corta duraci\u00f3n Erasmus KA122-ADU \u2013 Ronda 2\u201d<\/p>\n<ul>\n<li style=\"list-style-type: none;\">\n<ul type=\"disc\">\n<li>Destinataris:&hellip;  <a href=\"https:\/\/projectes.xtec.cat\/internacional\/general\/claus-per-participar-a-erasmus-convocatoria-2025-webinars-informatius-de-sepie\/\" title=\"Read Claus per participar a Erasmus+ convocat\u00f2ria 2025: webinars informatius de SEPIE\">Llegeix m\u00e9s\u00bb<\/a><br \/>\n","protected":false},"author":1,"featured_media":17501,"comment_status":"open","ping_status":"open","sticky":false,"template":"","format":"standard","meta":{"_bbp_topic_count":0,"_bbp_reply_count":0,"_bbp_total_topic_count":0,"_bbp_total_reply_count":0,"_bbp_voice_count":0,"_bbp_anonymous_reply_count":0,"_bbp_topic_count_hidden":0,"_bbp_reply_count_hidden":0,"_bbp_forum_subforum_count":0,"footnotes":""},"categories":[311,154,1,312,461,29,309,76,436],"tags":[],"class_list":["post-17497","post","type-post","status-publish","format-standard","has-post-thumbnail","hentry","category-erasmus","category-formacio","category-general","category-ka1","category-noticies-erasmus","category-portada","category-programa-erasmus-2021-2027","category-recursos","category-sepie"],"post_mailing_queue_ids":[],"_links":{"self":[{"href":"https:\/\/projectes.xtec.cat\/internacional\/wp-json\/wp\/v2\/posts\/17497","targetHints":{"allow":["GET"]}}],"collection":[{"href":"https:\/\/projectes.xtec.cat\/internacional\/wp-json\/wp\/v2\/posts"}],"about":[{"href":"https:\/\/projectes.xtec.cat\/internacional\/wp-json\/wp\/v2\/types\/post"}],"author":[{"embeddable":true,"href":"https:\/\/projectes.xtec.cat\/internacional\/wp-json\/wp\/v2\/users\/1"}],"replies":[{"embeddable":true,"href":"https:\/\/projectes.xtec.cat\/internacional\/wp-json\/wp\/v2\/comments?post=17497"}],"version-history":[{"count":6,"href":"https:\/\/projectes.xtec.cat\/internacional\/wp-json\/wp\/v2\/posts\/17497\/revisions"}],"predecessor-version":[{"id":17507,"href":"https:\/\/projectes.xtec.cat\/internacional\/wp-json\/wp\/v2\/posts\/17497\/revisions\/17507"}],"wp:featuredmedia":[{"embeddable":true,"href":"https:\/\/projectes.xtec.cat\/internacional\/wp-json\/wp\/v2\/media\/17501"}],"wp:attachment":[{"href":"https:\/\/projectes.xtec.cat\/internacional\/wp-json\/wp\/v2\/media?parent=17497"}],"wp:term":[{"taxonomy":"category","embeddable":true,"href":"https:\/\/projectes.xtec.cat\/internacional\/wp-json\/wp\/v2\/categories?post=17497"},{"taxonomy":"post_tag","embeddable":true,"href":"https:\/\/projectes.xtec.cat\/internacional\/wp-json\/wp\/v2\/tags?post=17497"}],"curies":[{"name":"wp","href":"https:\/\/api.w.org\/{rel}","templated":true}]}}