{"id":17593,"date":"2025-09-23T19:03:13","date_gmt":"2025-09-23T17:03:13","guid":{"rendered":"https:\/\/projectes.xtec.cat\/internacional\/?p=17593"},"modified":"2025-09-23T19:03:13","modified_gmt":"2025-09-23T17:03:13","slug":"impuls-a-la-internacionalitzacio-educativa-amb-la-jornada-erasmus-a-huelva","status":"publish","type":"post","link":"https:\/\/projectes.xtec.cat\/internacional\/general\/impuls-a-la-internacionalitzacio-educativa-amb-la-jornada-erasmus-a-huelva\/","title":{"rendered":"Impuls a la internacionalitzaci\u00f3 educativa amb la Jornada Erasmus+ a Huelva!"},"content":{"rendered":"<p><a href=\"https:\/\/projectes.xtec.cat\/internacional\/wp-content\/uploads\/usu1767\/2025\/09\/11_Huelva3.png\"><img loading=\"lazy\" decoding=\"async\" class=\"wp-image-17605 aligncenter\" src=\"https:\/\/projectes.xtec.cat\/internacional\/wp-content\/uploads\/usu1767\/2025\/09\/11_Huelva3-1024x397.png\" alt=\"\" width=\"770\" height=\"298\" srcset=\"https:\/\/projectes.xtec.cat\/internacional\/wp-content\/uploads\/usu1767\/2025\/09\/11_Huelva3-1024x397.png 1024w, https:\/\/projectes.xtec.cat\/internacional\/wp-content\/uploads\/usu1767\/2025\/09\/11_Huelva3-300x116.png 300w, https:\/\/projectes.xtec.cat\/internacional\/wp-content\/uploads\/usu1767\/2025\/09\/11_Huelva3-768x298.png 768w, https:\/\/projectes.xtec.cat\/internacional\/wp-content\/uploads\/usu1767\/2025\/09\/11_Huelva3.png 1146w\" sizes=\"auto, (max-width: 770px) 100vw, 770px\" \/><\/a><\/p>\n<p>Del <strong>23 al 25 de setembre<\/strong>, la ciutat de Huelva es converteix en el punt de trobada de prop de 900 professionals de l&#8217;educaci\u00f3 escolar i d&#8217;adults en el marc de les <strong>Jornades Erasmus+ organitzades pel SEPIE<\/strong> (Servicio Espa\u00f1ol para la Internacionalizaci\u00f3n de la Educaci\u00f3n) en col\u00b7laboraci\u00f3 amb la Conselleria de Desenvolupament Educatiu i Formaci\u00f3 Professional de la Junta d&#8217;Andalusia, la Universitat de Huelva, l&#8217;Ajuntament de Huelva i la Delegaci\u00f3 Territorial de Desenvolupament Educatiu i Formaci\u00f3 Professional i d&#8217;Universitat, Investigaci\u00f3 i Innovaci\u00f3 de Huelva.<\/p>\n<h3>Erasmus+: transformant vides a trav\u00e9s de la mobilitat<\/h3>\n<p>Aquestes jornades tenen com a objectiu principal <strong>formar i orientar els centres educatius<\/strong> que han obtingut finan\u00e7ament en la <strong>convocat\u00f2ria Erasmus+ 2025<\/strong>, facilitant eines per a una gesti\u00f3 efica\u00e7 dels projectes i promovent un impacte real m\u00e9s enll\u00e0 de les aules. Els projectes Erasmus+ permetran a alumnes i professorat <strong>realitzar estades a l&#8217;estranger<\/strong> per aprendre, formar-se i compartir bones pr\u00e0ctiques, amb opcions d&#8217;acollida familiar i col\u00b7laboraci\u00f3 internacional entre centre.<\/p>\n<h3>Convocat\u00f2ria Erasmus + 2025 en xifres r\u00e8cord<\/h3>\n<ul>\n<li style=\"list-style-type: none;\">\n<ul>\n<li data-start=\"233\" data-end=\"514\"><strong>M\u00e9s de 72 milions d&#8217;euros<\/strong> destinats a mobilitats educatives (increment del 31% respecte al 2024 en educaci\u00f3 escolar).<\/li>\n<li data-start=\"233\" data-end=\"514\"><strong>1.946 projectes<\/strong> d&#8217;educaci\u00f3 escolar i <strong>298<\/strong> d&#8217;educaci\u00f3 d&#8217;adults.<\/li>\n<li data-start=\"233\" data-end=\"514\"><strong>46.805 mobilitats<\/strong> escolars i <strong>6.580<\/strong> en educaci\u00f3 d&#8217;adults previstes.<\/li>\n<\/ul>\n<\/li>\n<\/ul>\n<h3 data-start=\"1090\" data-end=\"1164\">Calendari de les jornades<\/h3>\n<ul>\n<li style=\"list-style-type: none;\">\n<ul>\n<li data-start=\"1090\" data-end=\"1164\"><strong>23-24 de setembre:<\/strong> Projectes acreditats (KA121), amb 600 participants.\n<ul>\n<li style=\"list-style-type: none;\">\n<ul>\n<li style=\"list-style-type: none;\">\n<ul style=\"list-style-type: disc;\">\n<li data-start=\"1090\" data-end=\"1164\"><a href=\"https:\/\/www.youtube.com\/live\/McmPuyEJWRQ?feature=share\" target=\"_blank\" rel=\"noopener\">Retransmissi\u00f3 en directe jornades KA121 (23 de setembre)<\/a><\/li>\n<li><a href=\"https:\/\/www.youtube.com\/live\/Z1Nl2zlGqwI\" target=\"_blank\" rel=\"noopener\">Retransmissi\u00f3 en directe jornades KA121 (24 de setembre)<\/a><\/li>\n<\/ul>\n<\/li>\n<\/ul>\n<\/li>\n<\/ul>\n<\/li>\n<li data-start=\"1090\" data-end=\"1164\"><strong>24-25 de setembre:<\/strong> Projectes de curta durada (KA122), amb 300 assistents.\n<ul>\n<li style=\"list-style-type: none;\">\n<ul>\n<li style=\"list-style-type: none;\">\n<ul style=\"list-style-type: disc;\">\n<li><a href=\"https:\/\/www.youtube.com\/live\/q-5HgGlJOdw?feature=share\" target=\"_blank\" rel=\"noopener\">Retransmissi\u00f3 en directe jornades KA122 (24 de setembre)<\/a><\/li>\n<li data-start=\"1090\" data-end=\"1164\"><a href=\"https:\/\/www.youtube.com\/live\/0YLXi0HOW5M\" target=\"_blank\" rel=\"noopener\">Retransmissi\u00f3 en directe jornades KA122 (25 de setembre)<\/a><\/li>\n<\/ul>\n<\/li>\n<\/ul>\n<\/li>\n<\/ul>\n<\/li>\n<li data-start=\"1090\" data-end=\"1164\"><strong>23 de setembre:<\/strong> Fira &#8220;<strong>Huelva connecta Europa<\/strong>&#8220;, amb bones pr\u00e0ctiques d&#8217;escoles locals.<\/li>\n<\/ul>\n<\/li>\n<\/ul>\n<p data-start=\"2145\" data-end=\"2228\">Pots seguir en directe totes les sessions en directe el canal de YouTube del SEPIE, aix\u00ed com tamb\u00e9 llegir la not\u00edcia sencera en la <a href=\"http:\/\/sepie.es\/doc\/comunicacion\/prensa\/2025\/ndp_huelva_ka121_y_ka122.pdf\" target=\"_blank\" rel=\"noopener\">nota de premsa<\/a>.<\/p>\n","protected":false},"excerpt":{"rendered":"<p><a href=\"https:\/\/projectes.xtec.cat\/internacional\/wp-content\/uploads\/usu1767\/2025\/09\/11_Huelva3.png\"><\/a><br \/>\nDel 23 al 25 de setembre, la ciutat de Huelva es converteix en el punt de trobada de prop de 900 professionals de l&#8217;educaci\u00f3 escolar i d&#8217;adults en el marc de les Jornades Erasmus+ organitzades pel SEPIE (Servicio Espa\u00f1ol para la Internacionalizaci\u00f3n de la&hellip;  <a href=\"https:\/\/projectes.xtec.cat\/internacional\/general\/impuls-a-la-internacionalitzacio-educativa-amb-la-jornada-erasmus-a-huelva\/\" title=\"Read Impuls a la internacionalitzaci\u00f3 educativa amb la Jornada Erasmus+ a Huelva!\">Llegeix m\u00e9s\u00bb<\/a><\/p>\n","protected":false},"author":1,"featured_media":17605,"comment_status":"open","ping_status":"open","sticky":false,"template":"","format":"standard","meta":{"_bbp_topic_count":0,"_bbp_reply_count":0,"_bbp_total_topic_count":0,"_bbp_total_reply_count":0,"_bbp_voice_count":0,"_bbp_anonymous_reply_count":0,"_bbp_topic_count_hidden":0,"_bbp_reply_count_hidden":0,"_bbp_forum_subforum_count":0,"footnotes":""},"categories":[311,1,312,461,29,309,76,436],"tags":[],"class_list":["post-17593","post","type-post","status-publish","format-standard","has-post-thumbnail","hentry","category-erasmus","category-general","category-ka1","category-noticies-erasmus","category-portada","category-programa-erasmus-2021-2027","category-recursos","category-sepie"],"post_mailing_queue_ids":[],"_links":{"self":[{"href":"https:\/\/projectes.xtec.cat\/internacional\/wp-json\/wp\/v2\/posts\/17593","targetHints":{"allow":["GET"]}}],"collection":[{"href":"https:\/\/projectes.xtec.cat\/internacional\/wp-json\/wp\/v2\/posts"}],"about":[{"href":"https:\/\/projectes.xtec.cat\/internacional\/wp-json\/wp\/v2\/types\/post"}],"author":[{"embeddable":true,"href":"https:\/\/projectes.xtec.cat\/internacional\/wp-json\/wp\/v2\/users\/1"}],"replies":[{"embeddable":true,"href":"https:\/\/projectes.xtec.cat\/internacional\/wp-json\/wp\/v2\/comments?post=17593"}],"version-history":[{"count":6,"href":"https:\/\/projectes.xtec.cat\/internacional\/wp-json\/wp\/v2\/posts\/17593\/revisions"}],"predecessor-version":[{"id":17609,"href":"https:\/\/projectes.xtec.cat\/internacional\/wp-json\/wp\/v2\/posts\/17593\/revisions\/17609"}],"wp:featuredmedia":[{"embeddable":true,"href":"https:\/\/projectes.xtec.cat\/internacional\/wp-json\/wp\/v2\/media\/17605"}],"wp:attachment":[{"href":"https:\/\/projectes.xtec.cat\/internacional\/wp-json\/wp\/v2\/media?parent=17593"}],"wp:term":[{"taxonomy":"category","embeddable":true,"href":"https:\/\/projectes.xtec.cat\/internacional\/wp-json\/wp\/v2\/categories?post=17593"},{"taxonomy":"post_tag","embeddable":true,"href":"https:\/\/projectes.xtec.cat\/internacional\/wp-json\/wp\/v2\/tags?post=17593"}],"curies":[{"name":"wp","href":"https:\/\/api.w.org\/{rel}","templated":true}]}}