{"id":17808,"date":"2025-11-06T09:21:23","date_gmt":"2025-11-06T08:21:23","guid":{"rendered":"https:\/\/projectes.xtec.cat\/internacional\/?p=17808"},"modified":"2025-11-06T10:14:22","modified_gmt":"2025-11-06T09:14:22","slug":"2a-sessio-de-la-formacio-adrecada-als-centres-sollicitants-de-projectes-erasmus-ka122-conv-2026","status":"publish","type":"post","link":"https:\/\/projectes.xtec.cat\/internacional\/general\/2a-sessio-de-la-formacio-adrecada-als-centres-sollicitants-de-projectes-erasmus-ka122-conv-2026\/","title":{"rendered":"2a sessi\u00f3 de la formaci\u00f3 adre\u00e7ada als centres sol\u00b7licitants de projectes Erasmus+ KA122 conv. 2026"},"content":{"rendered":"<p><a href=\"https:\/\/projectes.xtec.cat\/internacional\/wp-content\/uploads\/usu1767\/2025\/11\/Portada_S2KA122sol_convo26-1.jpg\"><img loading=\"lazy\" decoding=\"async\" class=\"alignnone size-large wp-image-17812\" src=\"https:\/\/projectes.xtec.cat\/internacional\/wp-content\/uploads\/usu1767\/2025\/11\/Portada_S2KA122sol_convo26-1-1024x621.jpg\" alt=\"\" width=\"1024\" height=\"621\" srcset=\"https:\/\/projectes.xtec.cat\/internacional\/wp-content\/uploads\/usu1767\/2025\/11\/Portada_S2KA122sol_convo26-1-1024x621.jpg 1024w, https:\/\/projectes.xtec.cat\/internacional\/wp-content\/uploads\/usu1767\/2025\/11\/Portada_S2KA122sol_convo26-1-300x182.jpg 300w, https:\/\/projectes.xtec.cat\/internacional\/wp-content\/uploads\/usu1767\/2025\/11\/Portada_S2KA122sol_convo26-1-768x466.jpg 768w, https:\/\/projectes.xtec.cat\/internacional\/wp-content\/uploads\/usu1767\/2025\/11\/Portada_S2KA122sol_convo26-1-1536x932.jpg 1536w, https:\/\/projectes.xtec.cat\/internacional\/wp-content\/uploads\/usu1767\/2025\/11\/Portada_S2KA122sol_convo26-1.jpg 1591w\" sizes=\"auto, (max-width: 1024px) 100vw, 1024px\" \/><\/a><\/p>\n<p>El dimarts, 4 de novembre, ha tingut lloc la <strong>segona sessi\u00f3<\/strong>\u00a0de formaci\u00f3 adre\u00e7ada a centres i serveis educatius sol\u00b7licitants de\u00a0<strong>projectes internacionals Erasmus+ KA122 Convocat\u00f2ria 2026<\/strong>, que organitzem des de la Unitat de Programes Internacionals (Servei de Lleng\u00fces Estrangeres i d\u2019Origen).\u00a0 Aquesta formaci\u00f3 est\u00e0 pensada per acompanyar als centres que volen participar en la propera convocat\u00f2ria de sol\u00b7licitud de projectes KA122 en l\u2019<strong>\u00e0mbit d\u2019Educaci\u00f3 Escolar i Educaci\u00f3 de Persones Adultes<\/strong>.<\/p>\n<p>En aquesta jornada\u00a0<strong>presencial<\/strong>\u00a0han assistit<strong> 67 docents, <\/strong>que han participat en diferents din\u00e0miques col\u00b7laboratives realcionades amb la gesti\u00f3 i la implementaci\u00f3 del projecte, incidint i treballant, en la import\u00e0ncia de fer un <strong>disseny de qualitat<\/strong>. La sessi\u00f3 ha perm\u00e8s una interacci\u00f3 molt interessant entre tots i una posada en com\u00fa molt enriquidora del projecte que es vol iniciar, aix\u00ed com compartir els dubtes que inevitablement sorgeixen en aquesta nova aventura.<\/p>\n<p>Les organitzadores agra\u00efm als assistents la seva atenci\u00f3 i l\u2019inter\u00e8s en el programa Erasmus+, i us recordem que la\u00a0<strong>tercera sessi\u00f3<\/strong> de formaci\u00f3 est\u00e0 programada pel dia <strong>2 de desembre de 2025<\/strong>.<\/p>\n<p>\u00c0nims amb la internacionalitzaci\u00f3 del vostre centre!<\/p>\n","protected":false},"excerpt":{"rendered":"<p><a href=\"https:\/\/projectes.xtec.cat\/internacional\/wp-content\/uploads\/usu1767\/2025\/11\/Portada_S2KA122sol_convo26-1.jpg\"><\/a><br \/>\nEl dimarts, 4 de novembre, ha tingut lloc la segona sessi\u00f3\u00a0de formaci\u00f3 adre\u00e7ada a centres i serveis educatius sol\u00b7licitants de\u00a0projectes internacionals Erasmus+ KA122 Convocat\u00f2ria 2026, que organitzem des de la Unitat de Programes Internacionals (Servei de Lleng\u00fces Estrangeres i d\u2019Origen).\u00a0 Aquesta formaci\u00f3 est\u00e0 pensada&hellip;  <a href=\"https:\/\/projectes.xtec.cat\/internacional\/general\/2a-sessio-de-la-formacio-adrecada-als-centres-sollicitants-de-projectes-erasmus-ka122-conv-2026\/\" title=\"Read 2a sessi\u00f3 de la formaci\u00f3 adre\u00e7ada als centres sol\u00b7licitants de projectes Erasmus+ KA122 conv. 2026\">Llegeix m\u00e9s\u00bb<\/a><\/p>\n","protected":false},"author":1,"featured_media":17812,"comment_status":"open","ping_status":"open","sticky":false,"template":"","format":"standard","meta":{"_bbp_topic_count":0,"_bbp_reply_count":0,"_bbp_total_topic_count":0,"_bbp_total_reply_count":0,"_bbp_voice_count":0,"_bbp_anonymous_reply_count":0,"_bbp_topic_count_hidden":0,"_bbp_reply_count_hidden":0,"_bbp_forum_subforum_count":0,"footnotes":""},"categories":[311,154,1,312,461,457,29,309,76],"tags":[],"class_list":["post-17808","post","type-post","status-publish","format-standard","has-post-thumbnail","hentry","category-erasmus","category-formacio","category-general","category-ka1","category-noticies-erasmus","category-noticies-formacio-erasmus","category-portada","category-programa-erasmus-2021-2027","category-recursos"],"post_mailing_queue_ids":[],"_links":{"self":[{"href":"https:\/\/projectes.xtec.cat\/internacional\/wp-json\/wp\/v2\/posts\/17808","targetHints":{"allow":["GET"]}}],"collection":[{"href":"https:\/\/projectes.xtec.cat\/internacional\/wp-json\/wp\/v2\/posts"}],"about":[{"href":"https:\/\/projectes.xtec.cat\/internacional\/wp-json\/wp\/v2\/types\/post"}],"author":[{"embeddable":true,"href":"https:\/\/projectes.xtec.cat\/internacional\/wp-json\/wp\/v2\/users\/1"}],"replies":[{"embeddable":true,"href":"https:\/\/projectes.xtec.cat\/internacional\/wp-json\/wp\/v2\/comments?post=17808"}],"version-history":[{"count":6,"href":"https:\/\/projectes.xtec.cat\/internacional\/wp-json\/wp\/v2\/posts\/17808\/revisions"}],"predecessor-version":[{"id":17832,"href":"https:\/\/projectes.xtec.cat\/internacional\/wp-json\/wp\/v2\/posts\/17808\/revisions\/17832"}],"wp:featuredmedia":[{"embeddable":true,"href":"https:\/\/projectes.xtec.cat\/internacional\/wp-json\/wp\/v2\/media\/17812"}],"wp:attachment":[{"href":"https:\/\/projectes.xtec.cat\/internacional\/wp-json\/wp\/v2\/media?parent=17808"}],"wp:term":[{"taxonomy":"category","embeddable":true,"href":"https:\/\/projectes.xtec.cat\/internacional\/wp-json\/wp\/v2\/categories?post=17808"},{"taxonomy":"post_tag","embeddable":true,"href":"https:\/\/projectes.xtec.cat\/internacional\/wp-json\/wp\/v2\/tags?post=17808"}],"curies":[{"name":"wp","href":"https:\/\/api.w.org\/{rel}","templated":true}]}}