{"id":17865,"date":"2025-11-11T10:27:52","date_gmt":"2025-11-11T09:27:52","guid":{"rendered":"https:\/\/projectes.xtec.cat\/internacional\/?p=17865"},"modified":"2025-11-11T10:27:52","modified_gmt":"2025-11-11T09:27:52","slug":"innovacio-i-cooperacio-la-forca-conjunta-detwinning-i-erasmus","status":"publish","type":"post","link":"https:\/\/projectes.xtec.cat\/internacional\/general\/innovacio-i-cooperacio-la-forca-conjunta-detwinning-i-erasmus\/","title":{"rendered":"Innovaci\u00f3 i cooperaci\u00f3: la for\u00e7a conjunta d&#8217;eTwinning i Erasmus+"},"content":{"rendered":"<p><a href=\"https:\/\/projectes.xtec.cat\/internacional\/wp-content\/uploads\/usu1767\/2025\/11\/26NOOC_sinE-et-1.png\"><img loading=\"lazy\" decoding=\"async\" class=\"wp-image-17869 aligncenter\" src=\"https:\/\/projectes.xtec.cat\/internacional\/wp-content\/uploads\/usu1767\/2025\/11\/26NOOC_sinE-et-1.png\" alt=\"\" width=\"649\" height=\"332\" srcset=\"https:\/\/projectes.xtec.cat\/internacional\/wp-content\/uploads\/usu1767\/2025\/11\/26NOOC_sinE-et-1.png 903w, https:\/\/projectes.xtec.cat\/internacional\/wp-content\/uploads\/usu1767\/2025\/11\/26NOOC_sinE-et-1-300x153.png 300w, https:\/\/projectes.xtec.cat\/internacional\/wp-content\/uploads\/usu1767\/2025\/11\/26NOOC_sinE-et-1-768x393.png 768w\" sizes=\"auto, (max-width: 649px) 100vw, 649px\" \/><\/a><\/p>\n<p>T&#8217;agradaria saber com <strong>connectar<\/strong> eTwinning amb Erasmus+ i poder, aix\u00ed, impulsar projectes educatius i generar noves oportunitats? En aquest NOOC obtindr\u00e0s les respostes.<\/p>\n<ul>\n<li style=\"list-style-type: none;\">\n<ul>\n<li><strong>Quan?<\/strong> 13 de novembre 2025.<\/li>\n<li><strong>A quina hora?<\/strong> a les 16:30 h.<\/li>\n<li><strong>Acc\u00e9s:<\/strong> https:\/\/run.gob.es\/pbwSinergias_etw_erasmus<\/li>\n<\/ul>\n<\/li>\n<\/ul>\n<p>Anima&#8217;t i troba la connexi\u00f3!<\/p>\n<p>&nbsp;<\/p>\n<p>&nbsp;<\/p>\n","protected":false},"excerpt":{"rendered":"<p><a href=\"https:\/\/projectes.xtec.cat\/internacional\/wp-content\/uploads\/usu1767\/2025\/11\/26NOOC_sinE-et-1.png\"><\/a><br \/>\nT&#8217;agradaria saber com connectar eTwinning amb Erasmus+ i poder, aix\u00ed, impulsar projectes educatius i generar noves oportunitats? En aquest NOOC obtindr\u00e0s les respostes.<\/p>\n<ul>\n<li style=\"list-style-type: none;\">\n<ul>\n<li>Quan? 13 de novembre 2025.<\/li>\n<li>A quina hora? a les 16:30 h.<\/li>\n<li>Acc\u00e9s: https:\/\/run.gob.es\/pbwSinergias_etw_erasmus<\/li>\n<\/ul>\n<\/li>\n<\/ul>\n<p>Anima&#8217;t i troba la connexi\u00f3!<br \/>\n&nbsp;<br \/>\n&nbsp;<\/p>\n","protected":false},"author":1,"featured_media":17868,"comment_status":"open","ping_status":"open","sticky":false,"template":"","format":"standard","meta":{"_bbp_topic_count":0,"_bbp_reply_count":0,"_bbp_total_topic_count":0,"_bbp_total_reply_count":0,"_bbp_voice_count":0,"_bbp_anonymous_reply_count":0,"_bbp_topic_count_hidden":0,"_bbp_reply_count_hidden":0,"_bbp_forum_subforum_count":0,"footnotes":""},"categories":[311,295,154,1,461,367,457,458,29,309,76],"tags":[],"class_list":["post-17865","post","type-post","status-publish","format-standard","has-post-thumbnail","hentry","category-erasmus","category-etwinning","category-formacio","category-general","category-noticies-erasmus","category-noticies-etwinning-etwinning","category-noticies-formacio-erasmus","category-noticies-formacio-etwinning","category-portada","category-programa-erasmus-2021-2027","category-recursos"],"post_mailing_queue_ids":[],"_links":{"self":[{"href":"https:\/\/projectes.xtec.cat\/internacional\/wp-json\/wp\/v2\/posts\/17865","targetHints":{"allow":["GET"]}}],"collection":[{"href":"https:\/\/projectes.xtec.cat\/internacional\/wp-json\/wp\/v2\/posts"}],"about":[{"href":"https:\/\/projectes.xtec.cat\/internacional\/wp-json\/wp\/v2\/types\/post"}],"author":[{"embeddable":true,"href":"https:\/\/projectes.xtec.cat\/internacional\/wp-json\/wp\/v2\/users\/1"}],"replies":[{"embeddable":true,"href":"https:\/\/projectes.xtec.cat\/internacional\/wp-json\/wp\/v2\/comments?post=17865"}],"version-history":[{"count":5,"href":"https:\/\/projectes.xtec.cat\/internacional\/wp-json\/wp\/v2\/posts\/17865\/revisions"}],"predecessor-version":[{"id":17873,"href":"https:\/\/projectes.xtec.cat\/internacional\/wp-json\/wp\/v2\/posts\/17865\/revisions\/17873"}],"wp:featuredmedia":[{"embeddable":true,"href":"https:\/\/projectes.xtec.cat\/internacional\/wp-json\/wp\/v2\/media\/17868"}],"wp:attachment":[{"href":"https:\/\/projectes.xtec.cat\/internacional\/wp-json\/wp\/v2\/media?parent=17865"}],"wp:term":[{"taxonomy":"category","embeddable":true,"href":"https:\/\/projectes.xtec.cat\/internacional\/wp-json\/wp\/v2\/categories?post=17865"},{"taxonomy":"post_tag","embeddable":true,"href":"https:\/\/projectes.xtec.cat\/internacional\/wp-json\/wp\/v2\/tags?post=17865"}],"curies":[{"name":"wp","href":"https:\/\/api.w.org\/{rel}","templated":true}]}}