{"id":18267,"date":"2025-12-04T09:47:51","date_gmt":"2025-12-04T08:47:51","guid":{"rendered":"https:\/\/projectes.xtec.cat\/internacional\/?p=18267"},"modified":"2025-12-04T09:47:51","modified_gmt":"2025-12-04T08:47:51","slug":"prepara-al-teu-alumnat-per-afrontar-examens-dalf-c1-i-c2","status":"publish","type":"post","link":"https:\/\/projectes.xtec.cat\/internacional\/general\/prepara-al-teu-alumnat-per-afrontar-examens-dalf-c1-i-c2\/","title":{"rendered":"Prepara al teu alumnat per afrontar ex\u00e0mens DALF C1 i C2!"},"content":{"rendered":"<p><a href=\"https:\/\/projectes.xtec.cat\/internacional\/wp-content\/uploads\/usu1767\/2025\/12\/38-DALF-1.png\"><img loading=\"lazy\" decoding=\"async\" class=\"wp-image-18276 aligncenter\" src=\"https:\/\/projectes.xtec.cat\/internacional\/wp-content\/uploads\/usu1767\/2025\/12\/38-DALF-1.png\" alt=\"\" width=\"492\" height=\"319\" srcset=\"https:\/\/projectes.xtec.cat\/internacional\/wp-content\/uploads\/usu1767\/2025\/12\/38-DALF-1.png 600w, https:\/\/projectes.xtec.cat\/internacional\/wp-content\/uploads\/usu1767\/2025\/12\/38-DALF-1-300x195.png 300w\" sizes=\"auto, (max-width: 492px) 100vw, 492px\" \/><\/a><\/p>\n<p>Ets docents i vols comprendre millor les expectatives dels ex\u00e0mens DALF C1 i C2?\u00a0 El Centre Nacional d&#8217;Ex\u00e0mens de l&#8217;Ambaixada de Fran\u00e7a a Espanya organitza un <strong>seminari web<\/strong> adre\u00e7at als professors que preparen els seus alumnes per als ex\u00e0mens DALF C1 i C2.<\/p>\n<h5 style=\"font-weight: 400;\"><strong>Informaci\u00f3<\/strong><\/h5>\n<ul>\n<li style=\"list-style-type: none;\">\n<ul>\n<li>Data: <strong>dimecres, 10 de desembre <\/strong><\/li>\n<li><span style=\"font-family: inherit; font-size: 1em;\">Horari: <\/span><strong style=\"font-family: inherit; font-size: 1em;\">17:30 h a 19:00 h<\/strong><\/li>\n<li><a href=\"https:\/\/events.teams.microsoft.com\/event\/e9173e52-9593-44eb-9896-2650544ebc83@4b33365c-6706-426c-b705-6ebc29d050f1\" target=\"_blank\" rel=\"noopener\">Enlla\u00e7 a la invitaci\u00f3 <\/a>\u00a0(inscripci\u00f3 obligat\u00f2ria)<\/li>\n<li>El seminari web ser\u00e0 enregistrat<\/li>\n<\/ul>\n<\/li>\n<\/ul>\n<p style=\"font-weight: 400;\">Anima&#8217;t!<\/p>\n<p>&nbsp;<\/p>\n","protected":false},"excerpt":{"rendered":"<p><a href=\"https:\/\/projectes.xtec.cat\/internacional\/wp-content\/uploads\/usu1767\/2025\/12\/38-DALF-1.png\"><\/a><br \/>\nEts docents i vols comprendre millor les expectatives dels ex\u00e0mens DALF C1 i C2?\u00a0 El Centre Nacional d&#8217;Ex\u00e0mens de l&#8217;Ambaixada de Fran\u00e7a a Espanya organitza un seminari web adre\u00e7at als professors que preparen els seus alumnes per als ex\u00e0mens DALF C1 i C2.<br \/>\nInformaci\u00f3<\/p>\n<ul>\n<li style=\"list-style-type:&hellip;  <a href=\"https:\/\/projectes.xtec.cat\/internacional\/general\/prepara-al-teu-alumnat-per-afrontar-examens-dalf-c1-i-c2\/\" title=\"Read Prepara al teu alumnat per afrontar ex\u00e0mens DALF C1 i C2!\">Llegeix m\u00e9s\u00bb<\/a><br \/>\n","protected":false},"author":1,"featured_media":18276,"comment_status":"open","ping_status":"open","sticky":false,"template":"","format":"standard","meta":{"_bbp_topic_count":0,"_bbp_reply_count":0,"_bbp_total_topic_count":0,"_bbp_total_reply_count":0,"_bbp_voice_count":0,"_bbp_anonymous_reply_count":0,"_bbp_topic_count_hidden":0,"_bbp_reply_count_hidden":0,"_bbp_forum_subforum_count":0,"footnotes":""},"categories":[154,1,380,379,460,29,76],"tags":[],"class_list":["post-18267","post","type-post","status-publish","format-standard","has-post-thumbnail","hentry","category-formacio","category-general","category-institut-francais-de-barcelone","category-noticies-de-frances","category-noticies-formacio-frances","category-portada","category-recursos"],"post_mailing_queue_ids":[],"_links":{"self":[{"href":"https:\/\/projectes.xtec.cat\/internacional\/wp-json\/wp\/v2\/posts\/18267","targetHints":{"allow":["GET"]}}],"collection":[{"href":"https:\/\/projectes.xtec.cat\/internacional\/wp-json\/wp\/v2\/posts"}],"about":[{"href":"https:\/\/projectes.xtec.cat\/internacional\/wp-json\/wp\/v2\/types\/post"}],"author":[{"embeddable":true,"href":"https:\/\/projectes.xtec.cat\/internacional\/wp-json\/wp\/v2\/users\/1"}],"replies":[{"embeddable":true,"href":"https:\/\/projectes.xtec.cat\/internacional\/wp-json\/wp\/v2\/comments?post=18267"}],"version-history":[{"count":7,"href":"https:\/\/projectes.xtec.cat\/internacional\/wp-json\/wp\/v2\/posts\/18267\/revisions"}],"predecessor-version":[{"id":18279,"href":"https:\/\/projectes.xtec.cat\/internacional\/wp-json\/wp\/v2\/posts\/18267\/revisions\/18279"}],"wp:featuredmedia":[{"embeddable":true,"href":"https:\/\/projectes.xtec.cat\/internacional\/wp-json\/wp\/v2\/media\/18276"}],"wp:attachment":[{"href":"https:\/\/projectes.xtec.cat\/internacional\/wp-json\/wp\/v2\/media?parent=18267"}],"wp:term":[{"taxonomy":"category","embeddable":true,"href":"https:\/\/projectes.xtec.cat\/internacional\/wp-json\/wp\/v2\/categories?post=18267"},{"taxonomy":"post_tag","embeddable":true,"href":"https:\/\/projectes.xtec.cat\/internacional\/wp-json\/wp\/v2\/tags?post=18267"}],"curies":[{"name":"wp","href":"https:\/\/api.w.org\/{rel}","templated":true}]}}