{"id":18355,"date":"2025-12-10T16:14:01","date_gmt":"2025-12-10T15:14:01","guid":{"rendered":"https:\/\/projectes.xtec.cat\/internacional\/?p=18355"},"modified":"2025-12-10T16:14:01","modified_gmt":"2025-12-10T15:14:01","slug":"tres-tca-clau-per-fer-un-salt-endavant-en-educacio-quina-tinteressa-mes","status":"publish","type":"post","link":"https:\/\/projectes.xtec.cat\/internacional\/general\/tres-tca-clau-per-fer-un-salt-endavant-en-educacio-quina-tinteressa-mes\/","title":{"rendered":"Tres TCA clau per fer un salt endavant en educaci\u00f3: quina t\u2019interessa m\u00e9s?"},"content":{"rendered":"<p><a href=\"https:\/\/projectes.xtec.cat\/internacional\/wp-content\/uploads\/usu1767\/2025\/12\/41-TCAs.png\"><img loading=\"lazy\" decoding=\"async\" class=\"wp-image-18359 aligncenter\" src=\"https:\/\/projectes.xtec.cat\/internacional\/wp-content\/uploads\/usu1767\/2025\/12\/41-TCAs-1024x609.png\" alt=\"\" width=\"683\" height=\"406\" srcset=\"https:\/\/projectes.xtec.cat\/internacional\/wp-content\/uploads\/usu1767\/2025\/12\/41-TCAs-1024x609.png 1024w, https:\/\/projectes.xtec.cat\/internacional\/wp-content\/uploads\/usu1767\/2025\/12\/41-TCAs-300x178.png 300w, https:\/\/projectes.xtec.cat\/internacional\/wp-content\/uploads\/usu1767\/2025\/12\/41-TCAs-768x456.png 768w, https:\/\/projectes.xtec.cat\/internacional\/wp-content\/uploads\/usu1767\/2025\/12\/41-TCAs.png 1393w\" sizes=\"auto, (max-width: 683px) 100vw, 683px\" \/><\/a><\/p>\n<p>Com pot el teu centre educatiu aprofitar les <strong>oportunitats d\u2019Erasmus+<\/strong> per <strong>transformar-se en un espai d\u2019aprenentatge orientat al futur, inclusiu i amb m\u00e9s benestar <\/strong>per a tota la comunitat?<br data-start=\"909\" data-end=\"912\" \/>El 2026 arriba carregat de propostes formadores pensades per impulsar la innovaci\u00f3 pedag\u00f2gica, refor\u00e7ar la inclusi\u00f3 i renovar la cultura escolar.<\/p>\n<h2>TCA &#8220;Skills for Future &#8211; Schools for Future&#8221;<\/h2>\n<p>Una oportunitat per mostrar com Erasmus+ pot arribar a ser el motor del desenvolupament escolar per a la transformaci\u00f3 dels centre en escenaris d&#8217;aprenentatges orientats al futur.<\/p>\n<p><strong>Informaci\u00f3:<\/strong><\/p>\n<ul>\n<li style=\"list-style-type: none;\">\n<ul style=\"list-style-type: disc;\">\n<li>Del\u00a0<strong>27 al 29 d&#8217;abril de 2026<\/strong> a Frankfurt (Alemanya).<\/li>\n<li>Termini per presentar la sol\u00b7licitud:\u00a0<strong>18 de gener de 2026.<\/strong><\/li>\n<li>Enlla\u00e7 a la <a href=\"http:\/\/www.sepie.es\/doc\/convocatoria\/2025\/TCA\/mas_informacion_frankfurt.pdf\" target=\"_blank\" rel=\"noopener\">infografia<\/a> amb tota la informaci\u00f3.<\/li>\n<\/ul>\n<\/li>\n<\/ul>\n<h2>TCA &#8220;Collaborating for Inclusion: Best Practices for Erasmus+ Adult Education Mobilities Involving Learners with Disabilities&#8221;<\/h2>\n<p>Activitat destinada a organitzacions de l&#8217;\u00e0mbit de l&#8217;Educaci\u00f3 de Persones Adultes que treballen amb persones amb necessitats educatives especials, incloses aquelles entitats que imparteixen programes d&#8217;aprenentatge formal, no formal i informal.<\/p>\n<p><strong>Informaci\u00f3:<\/strong><\/p>\n<ul>\n<li style=\"list-style-type: none;\">\n<ul style=\"list-style-type: disc;\">\n<li>Sessi\u00f3 <strong>en l\u00ednia<\/strong> el <strong>12 de mar\u00e7 de 2026<\/strong> (15:00 h CET).<\/li>\n<li>Sessi\u00f3 <strong>presencial<\/strong> del <strong>23 al 27 de mar\u00e7 de 2026<\/strong> a Dubl\u00edn (Irlanda).<\/li>\n<li>Termini per presentar la sol\u00b7licitud: <strong>3 de febrer de 2026.<\/strong><\/li>\n<li>Enlla\u00e7 a la <a href=\"http:\/\/www.sepie.es\/doc\/convocatoria\/2025\/TCA\/mas_informacion_dublin.pdf\" target=\"_blank\" rel=\"noopener\">infografia <\/a>amb tota la informaci\u00f3.<\/li>\n<\/ul>\n<\/li>\n<\/ul>\n<h2>TCA &#8220;Fostering Well-being and Inclusion through School culture&#8221;<\/h2>\n<p>Aquesta TCA t\u00e9 l&#8217;objectiu global d&#8217;analitzar com \u00e9s el benestar escolar mitjan\u00e7ant la participaci\u00f3 activa de tota la comunitat educativa, tot relacionant-se amb l&#8217;aprenentatge i la inclusi\u00f3.<\/p>\n<p><strong>Informaci\u00f3:<\/strong><\/p>\n<ul>\n<li style=\"list-style-type: none;\">\n<ul style=\"list-style-type: disc;\">\n<li>Del<strong> 3 al 6 de maig de 2026<\/strong> a Porvoo (Finl\u00e0ndia).<\/li>\n<li>Termini per presentar la sol\u00b7licitud: <strong>26 de gener de 2026.<\/strong><\/li>\n<li>Enlla\u00e7 a la <a href=\"http:\/\/www.sepie.es\/doc\/convocatoria\/2025\/TCA\/mas_informacion_porvoo.pdf\" target=\"_blank\" rel=\"noopener\">infografia <\/a>amb tota la informaci\u00f3.<\/li>\n<\/ul>\n<\/li>\n<\/ul>\n<p>Pots trobar tota la informaci\u00f3 de la convocat\u00f2ria d\u2019aquestes i d\u2019altres TCA en la\u00a0<a href=\"http:\/\/www.sepie.es\/tca.html\" target=\"_blank\" rel=\"noopener\">p\u00e0gina web de SEPIE,<\/a>\u00a0i informaci\u00f3 general sobre les TCA\u00a0 en\u00a0<a href=\"https:\/\/salto-et.net\/\" target=\"_blank\" rel=\"noopener\">SALTO, Education &amp; Training<\/a>.<\/p>\n<p>Aprofita aquesta oportunitat!<\/p>\n","protected":false},"excerpt":{"rendered":"<p><a href=\"https:\/\/projectes.xtec.cat\/internacional\/wp-content\/uploads\/usu1767\/2025\/12\/41-TCAs.png\"><\/a><br \/>\nCom pot el teu centre educatiu aprofitar les oportunitats d\u2019Erasmus+ per transformar-se en un espai d\u2019aprenentatge orientat al futur, inclusiu i amb m\u00e9s benestar per a tota la comunitat?El 2026 arriba carregat de propostes formadores pensades per impulsar la innovaci\u00f3 pedag\u00f2gica, refor\u00e7ar la inclusi\u00f3&hellip;  <a href=\"https:\/\/projectes.xtec.cat\/internacional\/general\/tres-tca-clau-per-fer-un-salt-endavant-en-educacio-quina-tinteressa-mes\/\" title=\"Read Tres TCA clau per fer un salt endavant en educaci\u00f3: quina t\u2019interessa m\u00e9s?\">Llegeix m\u00e9s\u00bb<\/a><\/p>\n","protected":false},"author":1,"featured_media":18359,"comment_status":"open","ping_status":"open","sticky":false,"template":"","format":"standard","meta":{"_bbp_topic_count":0,"_bbp_reply_count":0,"_bbp_total_topic_count":0,"_bbp_total_reply_count":0,"_bbp_voice_count":0,"_bbp_anonymous_reply_count":0,"_bbp_topic_count_hidden":0,"_bbp_reply_count_hidden":0,"_bbp_forum_subforum_count":0,"footnotes":""},"categories":[311,154,1,461,457,454,29,309,76,436,469],"tags":[],"class_list":["post-18355","post","type-post","status-publish","format-standard","has-post-thumbnail","hentry","category-erasmus","category-formacio","category-general","category-noticies-erasmus","category-noticies-formacio-erasmus","category-noticies-formacions","category-portada","category-programa-erasmus-2021-2027","category-recursos","category-sepie","category-tca"],"post_mailing_queue_ids":[],"_links":{"self":[{"href":"https:\/\/projectes.xtec.cat\/internacional\/wp-json\/wp\/v2\/posts\/18355","targetHints":{"allow":["GET"]}}],"collection":[{"href":"https:\/\/projectes.xtec.cat\/internacional\/wp-json\/wp\/v2\/posts"}],"about":[{"href":"https:\/\/projectes.xtec.cat\/internacional\/wp-json\/wp\/v2\/types\/post"}],"author":[{"embeddable":true,"href":"https:\/\/projectes.xtec.cat\/internacional\/wp-json\/wp\/v2\/users\/1"}],"replies":[{"embeddable":true,"href":"https:\/\/projectes.xtec.cat\/internacional\/wp-json\/wp\/v2\/comments?post=18355"}],"version-history":[{"count":5,"href":"https:\/\/projectes.xtec.cat\/internacional\/wp-json\/wp\/v2\/posts\/18355\/revisions"}],"predecessor-version":[{"id":18364,"href":"https:\/\/projectes.xtec.cat\/internacional\/wp-json\/wp\/v2\/posts\/18355\/revisions\/18364"}],"wp:featuredmedia":[{"embeddable":true,"href":"https:\/\/projectes.xtec.cat\/internacional\/wp-json\/wp\/v2\/media\/18359"}],"wp:attachment":[{"href":"https:\/\/projectes.xtec.cat\/internacional\/wp-json\/wp\/v2\/media?parent=18355"}],"wp:term":[{"taxonomy":"category","embeddable":true,"href":"https:\/\/projectes.xtec.cat\/internacional\/wp-json\/wp\/v2\/categories?post=18355"},{"taxonomy":"post_tag","embeddable":true,"href":"https:\/\/projectes.xtec.cat\/internacional\/wp-json\/wp\/v2\/tags?post=18355"}],"curies":[{"name":"wp","href":"https:\/\/api.w.org\/{rel}","templated":true}]}}