{"id":18411,"date":"2025-12-17T11:59:48","date_gmt":"2025-12-17T10:59:48","guid":{"rendered":"https:\/\/projectes.xtec.cat\/internacional\/?p=18411"},"modified":"2025-12-17T11:59:48","modified_gmt":"2025-12-17T10:59:48","slug":"curs-de-frances-en-linia-per-a-docents-danl","status":"publish","type":"post","link":"https:\/\/projectes.xtec.cat\/internacional\/general\/curs-de-frances-en-linia-per-a-docents-danl\/","title":{"rendered":"Curs de franc\u00e8s en l\u00ednia per a docents d\u2019ANL"},"content":{"rendered":"<p><a href=\"https:\/\/projectes.xtec.cat\/internacional\/wp-content\/uploads\/usu1767\/2025\/12\/45-Cursfranc.png\"><img loading=\"lazy\" decoding=\"async\" class=\"alignnone size-full wp-image-18415\" src=\"https:\/\/projectes.xtec.cat\/internacional\/wp-content\/uploads\/usu1767\/2025\/12\/45-Cursfranc.png\" alt=\"\" width=\"935\" height=\"254\" srcset=\"https:\/\/projectes.xtec.cat\/internacional\/wp-content\/uploads\/usu1767\/2025\/12\/45-Cursfranc.png 935w, https:\/\/projectes.xtec.cat\/internacional\/wp-content\/uploads\/usu1767\/2025\/12\/45-Cursfranc-300x81.png 300w, https:\/\/projectes.xtec.cat\/internacional\/wp-content\/uploads\/usu1767\/2025\/12\/45-Cursfranc-768x209.png 768w\" sizes=\"auto, (max-width: 935px) 100vw, 935px\" \/><\/a><\/p>\n<p>Ets docent d\u2019<strong>Assignatures No Ling\u00fc\u00edstiques (ANL)<\/strong> o t&#8217;agradaria impartir mat\u00e8ries en franc\u00e8s? Ara tens l&#8217;oportunitat de participar en un curs de franc\u00e8s en l\u00ednia que organitza el Servei de Cooperaci\u00f3 Educativa i Ling\u00fc\u00edstica de l\u2019Ambaixada de Fran\u00e7a a Espanya.<\/p>\n<h5><strong>Informaci\u00f3<\/strong><\/h5>\n<ul>\n<li style=\"list-style-type: none;\">\n<ul>\n<li><span style=\"font-family: inherit; font-size: 1em;\"><strong>Durada<\/strong>: el curs es desenvolupar\u00e0 <\/span><strong style=\"font-family: inherit; font-size: 1em;\" data-start=\"411\" data-end=\"439\">de febrer a maig de 2026.<\/strong><\/li>\n<li>Proves de nivell durant el mes de gener 2026.<\/li>\n<li><strong style=\"font-family: inherit; font-size: 1em;\" data-start=\"444\" data-end=\"511\">Format virtual amb tutoria i recursos accessibles en tot moment.<\/strong><\/li>\n<li><span style=\"font-family: inherit; font-size: 1em;\"><strong>Destinataris:<\/strong> professorat amb <\/span><strong style=\"font-family: inherit; font-size: 1em;\" data-start=\"542\" data-end=\"560\">nivell B1 o B2.<\/strong><\/li>\n<li>Oferta de 5 places per a docents de Catalunya<\/li>\n<\/ul>\n<\/li>\n<\/ul>\n<h5 data-start=\"619\" data-end=\"849\"><strong>Inscripci\u00f3<\/strong><\/h5>\n<ul>\n<li style=\"list-style-type: none;\">\n<ul>\n<li data-start=\"619\" data-end=\"849\">Termini: oberta fins al <strong>18 de desembre de 2025.<\/strong><\/li>\n<li data-start=\"619\" data-end=\"849\">Caldr\u00e0 presentar CV carta de motivaci\u00f3 en franc\u00e8s i certificaci\u00f3 del nivell de llengua<span style=\"font-family: inherit; font-size: 1em;\">.<\/span><\/li>\n<\/ul>\n<\/li>\n<\/ul>\n<p data-start=\"619\" data-end=\"849\">Per a m\u00e9s informaci\u00f3, podeu consultar la demostraci\u00f3 del curs (<a href=\"http:\/\/demo.institutfrancais.es\/\" target=\"_blank\" rel=\"noopener\" data-saferedirecturl=\"https:\/\/www.google.com\/url?q=http:\/\/demo.institutfrancais.es\/&amp;source=gmail&amp;ust=1766054659689000&amp;usg=AOvVaw00xOq48CgArWRYY6tsYvwJ\">demo.institutfrancais.es<\/a>) o contactar amb\u00a0<a href=\"mailto:elise.busson@institutfrancais.es\" target=\"_blank\" rel=\"noopener\">elise.busson@institutfrancais.<wbr \/>es<\/a>.<\/p>\n<p data-start=\"619\" data-end=\"849\">\n","protected":false},"excerpt":{"rendered":"<p><a href=\"https:\/\/projectes.xtec.cat\/internacional\/wp-content\/uploads\/usu1767\/2025\/12\/45-Cursfranc.png\"><\/a><br \/>\nEts docent d\u2019Assignatures No Ling\u00fc\u00edstiques (ANL) o t&#8217;agradaria impartir mat\u00e8ries en franc\u00e8s? Ara tens l&#8217;oportunitat de participar en un curs de franc\u00e8s en l\u00ednia que organitza el Servei de Cooperaci\u00f3 Educativa i Ling\u00fc\u00edstica de l\u2019Ambaixada de Fran\u00e7a a Espanya.<br \/>\nInformaci\u00f3<\/p>\n<ul>\n<li style=\"list-style-type: none;\">\n<ul>\n<li>Durada: el curs es&hellip;  <a href=\"https:\/\/projectes.xtec.cat\/internacional\/general\/curs-de-frances-en-linia-per-a-docents-danl\/\" title=\"Read Curs de franc\u00e8s en l\u00ednia per a docents d\u2019ANL\">Llegeix m\u00e9s\u00bb<\/a><br \/>\n","protected":false},"author":1,"featured_media":18415,"comment_status":"open","ping_status":"open","sticky":false,"template":"","format":"standard","meta":{"_bbp_topic_count":0,"_bbp_reply_count":0,"_bbp_total_topic_count":0,"_bbp_total_reply_count":0,"_bbp_voice_count":0,"_bbp_anonymous_reply_count":0,"_bbp_topic_count_hidden":0,"_bbp_reply_count_hidden":0,"_bbp_forum_subforum_count":0,"footnotes":""},"categories":[393,154,1,460,29,76],"tags":[],"class_list":["post-18411","post","type-post","status-publish","format-standard","has-post-thumbnail","hentry","category-accions-de-frances","category-formacio","category-general","category-noticies-formacio-frances","category-portada","category-recursos"],"post_mailing_queue_ids":[],"_links":{"self":[{"href":"https:\/\/projectes.xtec.cat\/internacional\/wp-json\/wp\/v2\/posts\/18411","targetHints":{"allow":["GET"]}}],"collection":[{"href":"https:\/\/projectes.xtec.cat\/internacional\/wp-json\/wp\/v2\/posts"}],"about":[{"href":"https:\/\/projectes.xtec.cat\/internacional\/wp-json\/wp\/v2\/types\/post"}],"author":[{"embeddable":true,"href":"https:\/\/projectes.xtec.cat\/internacional\/wp-json\/wp\/v2\/users\/1"}],"replies":[{"embeddable":true,"href":"https:\/\/projectes.xtec.cat\/internacional\/wp-json\/wp\/v2\/comments?post=18411"}],"version-history":[{"count":5,"href":"https:\/\/projectes.xtec.cat\/internacional\/wp-json\/wp\/v2\/posts\/18411\/revisions"}],"predecessor-version":[{"id":18417,"href":"https:\/\/projectes.xtec.cat\/internacional\/wp-json\/wp\/v2\/posts\/18411\/revisions\/18417"}],"wp:featuredmedia":[{"embeddable":true,"href":"https:\/\/projectes.xtec.cat\/internacional\/wp-json\/wp\/v2\/media\/18415"}],"wp:attachment":[{"href":"https:\/\/projectes.xtec.cat\/internacional\/wp-json\/wp\/v2\/media?parent=18411"}],"wp:term":[{"taxonomy":"category","embeddable":true,"href":"https:\/\/projectes.xtec.cat\/internacional\/wp-json\/wp\/v2\/categories?post=18411"},{"taxonomy":"post_tag","embeddable":true,"href":"https:\/\/projectes.xtec.cat\/internacional\/wp-json\/wp\/v2\/tags?post=18411"}],"curies":[{"name":"wp","href":"https:\/\/api.w.org\/{rel}","templated":true}]}}