{"id":18418,"date":"2025-12-18T11:50:07","date_gmt":"2025-12-18T10:50:07","guid":{"rendered":"https:\/\/projectes.xtec.cat\/internacional\/?p=18418"},"modified":"2025-12-18T11:50:07","modified_gmt":"2025-12-18T10:50:07","slug":"tagradaria-collaborar-amb-un-centre-de-franca-en-un-projecte-erasmus","status":"publish","type":"post","link":"https:\/\/projectes.xtec.cat\/internacional\/general\/tagradaria-collaborar-amb-un-centre-de-franca-en-un-projecte-erasmus\/","title":{"rendered":"T\u2019agradaria col\u00b7laborar amb un centre de Fran\u00e7a en un projecte Erasmus+?"},"content":{"rendered":"<p data-start=\"202\" data-end=\"472\"><a href=\"https:\/\/projectes.xtec.cat\/internacional\/wp-content\/uploads\/usu1767\/2025\/12\/46-cooperaMarsella.png\"><img loading=\"lazy\" decoding=\"async\" class=\"wp-image-18421 aligncenter\" src=\"https:\/\/projectes.xtec.cat\/internacional\/wp-content\/uploads\/usu1767\/2025\/12\/46-cooperaMarsella-1024x305.png\" alt=\"\" width=\"689\" height=\"205\" srcset=\"https:\/\/projectes.xtec.cat\/internacional\/wp-content\/uploads\/usu1767\/2025\/12\/46-cooperaMarsella-1024x305.png 1024w, https:\/\/projectes.xtec.cat\/internacional\/wp-content\/uploads\/usu1767\/2025\/12\/46-cooperaMarsella-300x89.png 300w, https:\/\/projectes.xtec.cat\/internacional\/wp-content\/uploads\/usu1767\/2025\/12\/46-cooperaMarsella-768x229.png 768w, https:\/\/projectes.xtec.cat\/internacional\/wp-content\/uploads\/usu1767\/2025\/12\/46-cooperaMarsella-1536x457.png 1536w, https:\/\/projectes.xtec.cat\/internacional\/wp-content\/uploads\/usu1767\/2025\/12\/46-cooperaMarsella.png 1807w\" sizes=\"auto, (max-width: 689px) 100vw, 689px\" \/><\/a><\/p>\n<p data-start=\"202\" data-end=\"472\">El <strong>Coll\u00e8ge du Vieux Port,<\/strong> de Marsella, busca un <strong>institut de Barcelona<\/strong> per establir una col\u00b7laboraci\u00f3 dins d\u2019un projecte <strong data-start=\"316\" data-end=\"328\">Erasmus+<\/strong> que realitza alumnat de 3r d&#8217;ESO vinculat a la tem\u00e0tica <strong>&#8220;Mar&#8221;.<\/strong>\u00a0 La idea seria treballar aspectes relacionats amb la cultura mar\u00edtima des d\u2019una vessant cient\u00edfica, t\u00e8cnica i cultural.<\/p>\n<p data-start=\"474\" data-end=\"821\">La mobilitat escolar inclour\u00e0 <strong data-start=\"504\" data-end=\"529\">un viatge a Barcelona<\/strong>, ciutat escollida per la seva relaci\u00f3 amb el mar, el port i la seva riquesa cultural. El projecte preveu <strong data-start=\"635\" data-end=\"675\">activitats conjuntes entre l\u2019alumnat<\/strong>, tant a l\u2019aula com a l\u2019exterior, aix\u00ed com <strong data-start=\"718\" data-end=\"749\">intercanvis previs en l\u00ednia<\/strong> i la possibilitat de <strong data-start=\"771\" data-end=\"820\">reciprocitat amb una futura visita a Marsella<\/strong>.<\/p>\n<p data-start=\"823\" data-end=\"971\">El centre franc\u00e8s est\u00e0 obert a adaptar les activitats i convida els centres interessats a <strong data-start=\"913\" data-end=\"970\">posar-s\u2019hi en contacte per concretar la col\u00b7laboraci\u00f3<\/strong>.<\/p>\n<p data-start=\"823\" data-end=\"971\">Podeu trobar m\u00e9s informaci\u00f3 en el seg\u00fcent <a href=\"https:\/\/drive.google.com\/file\/d\/1h_pw-f1L44Sf70X0zJ75ruydXEy1N3qA\/view?usp=sharing\" target=\"_blank\" rel=\"noopener\">enlla\u00e7<\/a>.<\/p>\n","protected":false},"excerpt":{"rendered":"<p><a href=\"https:\/\/projectes.xtec.cat\/internacional\/wp-content\/uploads\/usu1767\/2025\/12\/46-cooperaMarsella.png\"><\/a><br \/>\nEl Coll\u00e8ge du Vieux Port, de Marsella, busca un institut de Barcelona per establir una col\u00b7laboraci\u00f3 dins d\u2019un projecte Erasmus+ que realitza alumnat de 3r d&#8217;ESO vinculat a la tem\u00e0tica &#8220;Mar&#8221;.\u00a0 La idea seria treballar aspectes relacionats amb la cultura mar\u00edtima des d\u2019una vessant&hellip;  <a href=\"https:\/\/projectes.xtec.cat\/internacional\/general\/tagradaria-collaborar-amb-un-centre-de-franca-en-un-projecte-erasmus\/\" title=\"Read T\u2019agradaria col\u00b7laborar amb un centre de Fran\u00e7a en un projecte Erasmus+?\">Llegeix m\u00e9s\u00bb<\/a><\/p>\n","protected":false},"author":1,"featured_media":18421,"comment_status":"open","ping_status":"open","sticky":false,"template":"","format":"standard","meta":{"_bbp_topic_count":0,"_bbp_reply_count":0,"_bbp_total_topic_count":0,"_bbp_total_reply_count":0,"_bbp_voice_count":0,"_bbp_anonymous_reply_count":0,"_bbp_topic_count_hidden":0,"_bbp_reply_count_hidden":0,"_bbp_forum_subforum_count":0,"footnotes":""},"categories":[437,311,1,461,29],"tags":[],"class_list":["post-18418","post","type-post","status-publish","format-standard","has-post-thumbnail","hentry","category-coopera","category-erasmus","category-general","category-noticies-erasmus","category-portada"],"post_mailing_queue_ids":[],"_links":{"self":[{"href":"https:\/\/projectes.xtec.cat\/internacional\/wp-json\/wp\/v2\/posts\/18418","targetHints":{"allow":["GET"]}}],"collection":[{"href":"https:\/\/projectes.xtec.cat\/internacional\/wp-json\/wp\/v2\/posts"}],"about":[{"href":"https:\/\/projectes.xtec.cat\/internacional\/wp-json\/wp\/v2\/types\/post"}],"author":[{"embeddable":true,"href":"https:\/\/projectes.xtec.cat\/internacional\/wp-json\/wp\/v2\/users\/1"}],"replies":[{"embeddable":true,"href":"https:\/\/projectes.xtec.cat\/internacional\/wp-json\/wp\/v2\/comments?post=18418"}],"version-history":[{"count":6,"href":"https:\/\/projectes.xtec.cat\/internacional\/wp-json\/wp\/v2\/posts\/18418\/revisions"}],"predecessor-version":[{"id":18427,"href":"https:\/\/projectes.xtec.cat\/internacional\/wp-json\/wp\/v2\/posts\/18418\/revisions\/18427"}],"wp:featuredmedia":[{"embeddable":true,"href":"https:\/\/projectes.xtec.cat\/internacional\/wp-json\/wp\/v2\/media\/18421"}],"wp:attachment":[{"href":"https:\/\/projectes.xtec.cat\/internacional\/wp-json\/wp\/v2\/media?parent=18418"}],"wp:term":[{"taxonomy":"category","embeddable":true,"href":"https:\/\/projectes.xtec.cat\/internacional\/wp-json\/wp\/v2\/categories?post=18418"},{"taxonomy":"post_tag","embeddable":true,"href":"https:\/\/projectes.xtec.cat\/internacional\/wp-json\/wp\/v2\/tags?post=18418"}],"curies":[{"name":"wp","href":"https:\/\/api.w.org\/{rel}","templated":true}]}}