{"id":18469,"date":"2025-12-19T13:25:35","date_gmt":"2025-12-19T12:25:35","guid":{"rendered":"https:\/\/projectes.xtec.cat\/internacional\/?p=18469"},"modified":"2025-12-19T13:30:57","modified_gmt":"2025-12-19T12:30:57","slug":"oberta-la-convocatoria-del-projecte-cete-2026-2027","status":"publish","type":"post","link":"https:\/\/projectes.xtec.cat\/internacional\/general\/oberta-la-convocatoria-del-projecte-cete-2026-2027\/","title":{"rendered":"Oberta la convocat\u00f2ria del projecte CETE+ 2026-2027"},"content":{"rendered":"<p><span style=\"font-family: inherit; font-size: 1em;\"><a href=\"https:\/\/projectes.xtec.cat\/internacional\/wp-content\/uploads\/usu1767\/2025\/12\/Captura-de-pantalla-2025-12-19-132801.jpg\"><img loading=\"lazy\" decoding=\"async\" class=\"size-full wp-image-18487 aligncenter\" src=\"https:\/\/projectes.xtec.cat\/internacional\/wp-content\/uploads\/usu1767\/2025\/12\/Captura-de-pantalla-2025-12-19-132801.jpg\" alt=\"\" width=\"753\" height=\"273\" srcset=\"https:\/\/projectes.xtec.cat\/internacional\/wp-content\/uploads\/usu1767\/2025\/12\/Captura-de-pantalla-2025-12-19-132801.jpg 753w, https:\/\/projectes.xtec.cat\/internacional\/wp-content\/uploads\/usu1767\/2025\/12\/Captura-de-pantalla-2025-12-19-132801-300x109.jpg 300w\" sizes=\"auto, (max-width: 753px) 100vw, 753px\" \/><\/a><\/span><\/p>\n<div><\/div>\n<div class=\"card\">\n<p>&nbsp;<\/p>\n<p>El<strong> Departament d\u2019Educaci\u00f3 i Formaci\u00f3 Professional<\/strong> ha obert la convocat\u00f2ria perqu\u00e8 <strong>centres d\u2019educaci\u00f3 b\u00e0sica (prim\u00e0ria i secund\u00e0ria) i Centres de Recursos Pedag\u00f2gics (CRP)<\/strong> puguin participar en el projecte <strong>Erasmus + CETE+ <\/strong>(Consorci Europeu per a la Transformaci\u00f3 Educativa) \u00a0en les <strong>convocat\u00f2ries 2026 i 2027. \u200b<\/strong><\/p>\n<p><strong>CETE+<\/strong> \u00e9s una<strong> oportunitat \u00fanica<\/strong> pels centres que vulguin internacionalitzar-se i aprendre de pr\u00e0ctiques educatives d\u2019arreu d\u2019Europa, fent observacions d\u2019aula en contextos internacionals, amb l\u2019objectiu d&#8217;aprofundir en el desplegament dels sis vectors d&#8217;educaci\u00f3 que articulen el nou curr\u00edculum:<\/p>\n<ul>\n<li>l&#8217;enfocament competencial<\/li>\n<li>la qualitat de l&#8217;educaci\u00f3 ling\u00fc\u00edstica<\/li>\n<li>la universalitat del curr\u00edculum<\/li>\n<li>la incorporaci\u00f3 de la coeducaci\u00f3<\/li>\n<li>el benestar emocional<\/li>\n<li>la promoci\u00f3 d&#8217;una ciutadania democr\u00e0tica, cr\u00edtica, compromesa i amb consci\u00e8ncia global.<\/li>\n<\/ul>\n<p>\ud83c\udfaf <strong>Qui hi pot participar?<\/strong><\/p>\n<\/div>\n<p><strong>Centres educatius d&#8217;educaci\u00f3 b\u00e0sica (prim\u00e0ria i secund\u00e0ria):<\/strong><\/p>\n<ul>\n<li>\u200bQue no hagin obtingut\u00a0pr\u00e8viament\u00a0finan\u00e7ament Erasmus+ o aquest\u00a0hagi estat puntual.<\/li>\n<li>Que participen o han sol\u00b7licitat participar, durant el curs 2025-2026, en algun dels seg\u00fcents programes o iniciatives:\n<ul>\n<li>\u200bPrograma de Biblioteques Escolars<\/li>\n<li>Programa SHINE per a la millora de resultats en llengua anglesa<\/li>\n<li>Programa de Lleng\u00fces i Cultures d&#8217;origen<\/li>\n<\/ul>\n<\/li>\n<\/ul>\n<p><strong>Centres de Recur\u200bsos Pedag\u00f2gics (CRP):<\/strong><\/p>\n<ul>\n<li>Gestionats i finan\u00e7ats \u00edntegrament amb fons p\u00fablics.<\/li>\n<li>Vinculats a alguna de les iniciatives anteriorment esmentades.<\/li>\n<li>Que no hagin obtingut\u00a0pr\u00e8viament\u00a0finan\u00e7ament Erasmus+ o aquest\u00a0hagi estat puntual\u200b.<\/li>\n<li>Referents territorials per a l&#8217;acompanyament dels centres implicats.<\/li>\n<\/ul>\n<p>Les sol\u00b7licituds s\u2019han de tramitar exclusivament per <strong>eValisa <\/strong>i el termini de presentaci\u00f3 \u00e9s el<strong> 20 de gener de 2026.<\/strong><\/p>\n<p>Consulta tota la informaci\u00f3 i accedeix a la sol\u00b7licitud <a href=\"https:\/\/espai.educacio.gencat.cat\/Centres\/Projectes-educatius\/Erasmus\/CETE-PLUS\/Pagines\/default.aspx\"><strong>aqu\u00ed<\/strong><\/a><\/p>\n","protected":false},"excerpt":{"rendered":"<p><a href=\"https:\/\/projectes.xtec.cat\/internacional\/wp-content\/uploads\/usu1767\/2025\/12\/Captura-de-pantalla-2025-12-19-132801.jpg\"><\/a><\/p>\n<p>&nbsp;<br \/>\nEl Departament d\u2019Educaci\u00f3 i Formaci\u00f3 Professional ha obert la convocat\u00f2ria perqu\u00e8 centres d\u2019educaci\u00f3 b\u00e0sica (prim\u00e0ria i secund\u00e0ria) i Centres de Recursos Pedag\u00f2gics (CRP) puguin participar en el projecte Erasmus + CETE+ (Consorci Europeu per a la Transformaci\u00f3 Educativa) \u00a0en les convocat\u00f2ries 2026 i 2027.&hellip;  <a href=\"https:\/\/projectes.xtec.cat\/internacional\/general\/oberta-la-convocatoria-del-projecte-cete-2026-2027\/\" title=\"Read Oberta la convocat\u00f2ria del projecte CETE+ 2026-2027\">Llegeix m\u00e9s\u00bb<\/a><\/p>\n","protected":false},"author":1,"featured_media":18487,"comment_status":"open","ping_status":"open","sticky":false,"template":"","format":"standard","meta":{"_bbp_topic_count":0,"_bbp_reply_count":0,"_bbp_total_topic_count":0,"_bbp_total_reply_count":0,"_bbp_voice_count":0,"_bbp_anonymous_reply_count":0,"_bbp_topic_count_hidden":0,"_bbp_reply_count_hidden":0,"_bbp_forum_subforum_count":0,"footnotes":""},"categories":[311,1,312,461,29,309,436],"tags":[],"class_list":["post-18469","post","type-post","status-publish","format-standard","has-post-thumbnail","hentry","category-erasmus","category-general","category-ka1","category-noticies-erasmus","category-portada","category-programa-erasmus-2021-2027","category-sepie"],"post_mailing_queue_ids":[],"_links":{"self":[{"href":"https:\/\/projectes.xtec.cat\/internacional\/wp-json\/wp\/v2\/posts\/18469","targetHints":{"allow":["GET"]}}],"collection":[{"href":"https:\/\/projectes.xtec.cat\/internacional\/wp-json\/wp\/v2\/posts"}],"about":[{"href":"https:\/\/projectes.xtec.cat\/internacional\/wp-json\/wp\/v2\/types\/post"}],"author":[{"embeddable":true,"href":"https:\/\/projectes.xtec.cat\/internacional\/wp-json\/wp\/v2\/users\/1"}],"replies":[{"embeddable":true,"href":"https:\/\/projectes.xtec.cat\/internacional\/wp-json\/wp\/v2\/comments?post=18469"}],"version-history":[{"count":6,"href":"https:\/\/projectes.xtec.cat\/internacional\/wp-json\/wp\/v2\/posts\/18469\/revisions"}],"predecessor-version":[{"id":18489,"href":"https:\/\/projectes.xtec.cat\/internacional\/wp-json\/wp\/v2\/posts\/18469\/revisions\/18489"}],"wp:featuredmedia":[{"embeddable":true,"href":"https:\/\/projectes.xtec.cat\/internacional\/wp-json\/wp\/v2\/media\/18487"}],"wp:attachment":[{"href":"https:\/\/projectes.xtec.cat\/internacional\/wp-json\/wp\/v2\/media?parent=18469"}],"wp:term":[{"taxonomy":"category","embeddable":true,"href":"https:\/\/projectes.xtec.cat\/internacional\/wp-json\/wp\/v2\/categories?post=18469"},{"taxonomy":"post_tag","embeddable":true,"href":"https:\/\/projectes.xtec.cat\/internacional\/wp-json\/wp\/v2\/tags?post=18469"}],"curies":[{"name":"wp","href":"https:\/\/api.w.org\/{rel}","templated":true}]}}