{"id":18688,"date":"2026-02-19T08:28:30","date_gmt":"2026-02-19T07:28:30","guid":{"rendered":"https:\/\/projectes.xtec.cat\/internacional\/?p=18688"},"modified":"2026-02-19T08:28:30","modified_gmt":"2026-02-19T07:28:30","slug":"resolucio-definitiva-desdeveniments-de-formacio-etwinning-2026-consulta-el-teu-resultat","status":"publish","type":"post","link":"https:\/\/projectes.xtec.cat\/internacional\/general\/resolucio-definitiva-desdeveniments-de-formacio-etwinning-2026-consulta-el-teu-resultat\/","title":{"rendered":"Resoluci\u00f3 definitiva d&#8217;Esdeveniments de Formaci\u00f3 eTwinning 2026: consulta el teu resultat!"},"content":{"rendered":"<p><a href=\"https:\/\/projectes.xtec.cat\/internacional\/wp-content\/uploads\/usu1767\/2026\/02\/60-ResolucioDefinEventosFormacionet.png\"><img loading=\"lazy\" decoding=\"async\" class=\"alignnone wp-image-18691\" src=\"https:\/\/projectes.xtec.cat\/internacional\/wp-content\/uploads\/usu1767\/2026\/02\/60-ResolucioDefinEventosFormacionet-1024x301.png\" alt=\"\" width=\"713\" height=\"209\" srcset=\"https:\/\/projectes.xtec.cat\/internacional\/wp-content\/uploads\/usu1767\/2026\/02\/60-ResolucioDefinEventosFormacionet-1024x301.png 1024w, https:\/\/projectes.xtec.cat\/internacional\/wp-content\/uploads\/usu1767\/2026\/02\/60-ResolucioDefinEventosFormacionet-300x88.png 300w, https:\/\/projectes.xtec.cat\/internacional\/wp-content\/uploads\/usu1767\/2026\/02\/60-ResolucioDefinEventosFormacionet-768x226.png 768w, https:\/\/projectes.xtec.cat\/internacional\/wp-content\/uploads\/usu1767\/2026\/02\/60-ResolucioDefinEventosFormacionet.png 1125w\" sizes=\"auto, (max-width: 713px) 100vw, 713px\" \/><\/a><\/p>\n<p>El dilluns 16 de febrer es va publicar la <a href=\"https:\/\/www.educacionfpydeportes.gob.es\/dam\/jcr:7826e5a0-1d52-439f-814e-fc60166a517a\/resoluci-n-definitiva-publicaci-n.pdf\" target=\"_blank\" rel=\"noopener\">Resoluci\u00f3 definitiva d&#8217;Esdeveniments de Formaci\u00f3 eTwinning 2026<\/a>, en la que s&#8217;inclouen els seg\u00fcents llistats:<\/p>\n<ul>\n<li style=\"list-style-type: none;\">\n<ul>\n<li>Llistat definitiu de candidats amb esdeveniment assignat i ordenats per esdeveniment i baremaci\u00f3.<\/li>\n<li>Llistat definitiu de candidats en llista d&#8217;espera en ordre de baremaci\u00f3.<\/li>\n<li>Llistat definitiu de candidats que no obtenen assignaci\u00f3 d&#8217;esdeveniments i no formen part de les llistes d&#8217;espera.<\/li>\n<li>Llistat de persones candidates excloses indicant el motiu d&#8217;exclusi\u00f3<\/li>\n<\/ul>\n<\/li>\n<\/ul>\n<p>Podeu accedir a tota la informaci\u00f3 en el seg\u00fcent <a href=\"https:\/\/www.educacionfpydeportes.gob.es\/servicios-al-ciudadano\/catalogo\/general\/20\/203149\/ficha\/203149-2026.html\" target=\"_blank\" rel=\"noopener\">enlla\u00e7.<\/a><\/p>\n<h4><strong>Si s\u00f3c candidat\/a seleccionat qu\u00e8 haig de fer?<\/strong><\/h4>\n<p>Els\/les candidats\/es seleccionats teniu termini fins dilluns <strong>23 de febrer<\/strong>\u00a0per acceptar o renunciar a la pla\u00e7a assignada, i ho heu de fer exclusivament a trav\u00e9s de la <a href=\"https:\/\/sede.educacion.gob.es\/sede\/login\/inicio.jjsp?idConvocatoria=2402\" target=\"_blank\" rel=\"noopener\">Seu Electr\u00f2nica<\/a> del Ministeri, adjuntant l&#8217;<strong>Annex V d&#8217;Aceptaci\u00f3\/Ren\u00fancia<\/strong> signat electr\u00f2nicament. De no fer-ho dins del termini establert, s&#8217;entendr\u00e0 l&#8217;acceptaci\u00f3 de la persona sol\u00b7licitant.<\/p>\n<p>Recorda revisar el teu estat amb atenci\u00f3 i completar el tr\u00e0mit dins del termini establert per assegurar la teva pla\u00e7a!<\/p>\n","protected":false},"excerpt":{"rendered":"<p><a href=\"https:\/\/projectes.xtec.cat\/internacional\/wp-content\/uploads\/usu1767\/2026\/02\/60-ResolucioDefinEventosFormacionet.png\"><\/a><br \/>\nEl dilluns 16 de febrer es va publicar la <a href=\"https:\/\/www.educacionfpydeportes.gob.es\/dam\/jcr:7826e5a0-1d52-439f-814e-fc60166a517a\/resoluci-n-definitiva-publicaci-n.pdf\" target=\"_blank\" rel=\"noopener\">Resoluci\u00f3 definitiva d&#8217;Esdeveniments de Formaci\u00f3 eTwinning 2026<\/a>, en la que s&#8217;inclouen els seg\u00fcents llistats:<\/p>\n<ul>\n<li style=\"list-style-type: none;\">\n<ul>\n<li>Llistat definitiu de candidats amb esdeveniment assignat i ordenats per esdeveniment i baremaci\u00f3.<\/li>\n<li>Llistat definitiu de candidats en&hellip;  <a href=\"https:\/\/projectes.xtec.cat\/internacional\/general\/resolucio-definitiva-desdeveniments-de-formacio-etwinning-2026-consulta-el-teu-resultat\/\" title=\"Read Resoluci\u00f3 definitiva d&#8217;Esdeveniments de Formaci\u00f3 eTwinning 2026: consulta el teu resultat!\">Llegeix m\u00e9s\u00bb<\/a><br \/>\n","protected":false},"author":1,"featured_media":18691,"comment_status":"open","ping_status":"open","sticky":false,"template":"","format":"standard","meta":{"_bbp_topic_count":0,"_bbp_reply_count":0,"_bbp_total_topic_count":0,"_bbp_total_reply_count":0,"_bbp_voice_count":0,"_bbp_anonymous_reply_count":0,"_bbp_topic_count_hidden":0,"_bbp_reply_count_hidden":0,"_bbp_forum_subforum_count":0,"footnotes":""},"categories":[295,1,367,458,29,76],"tags":[],"class_list":["post-18688","post","type-post","status-publish","format-standard","has-post-thumbnail","hentry","category-etwinning","category-general","category-noticies-etwinning-etwinning","category-noticies-formacio-etwinning","category-portada","category-recursos"],"post_mailing_queue_ids":[],"_links":{"self":[{"href":"https:\/\/projectes.xtec.cat\/internacional\/wp-json\/wp\/v2\/posts\/18688","targetHints":{"allow":["GET"]}}],"collection":[{"href":"https:\/\/projectes.xtec.cat\/internacional\/wp-json\/wp\/v2\/posts"}],"about":[{"href":"https:\/\/projectes.xtec.cat\/internacional\/wp-json\/wp\/v2\/types\/post"}],"author":[{"embeddable":true,"href":"https:\/\/projectes.xtec.cat\/internacional\/wp-json\/wp\/v2\/users\/1"}],"replies":[{"embeddable":true,"href":"https:\/\/projectes.xtec.cat\/internacional\/wp-json\/wp\/v2\/comments?post=18688"}],"version-history":[{"count":6,"href":"https:\/\/projectes.xtec.cat\/internacional\/wp-json\/wp\/v2\/posts\/18688\/revisions"}],"predecessor-version":[{"id":18694,"href":"https:\/\/projectes.xtec.cat\/internacional\/wp-json\/wp\/v2\/posts\/18688\/revisions\/18694"}],"wp:featuredmedia":[{"embeddable":true,"href":"https:\/\/projectes.xtec.cat\/internacional\/wp-json\/wp\/v2\/media\/18691"}],"wp:attachment":[{"href":"https:\/\/projectes.xtec.cat\/internacional\/wp-json\/wp\/v2\/media?parent=18688"}],"wp:term":[{"taxonomy":"category","embeddable":true,"href":"https:\/\/projectes.xtec.cat\/internacional\/wp-json\/wp\/v2\/categories?post=18688"},{"taxonomy":"post_tag","embeddable":true,"href":"https:\/\/projectes.xtec.cat\/internacional\/wp-json\/wp\/v2\/tags?post=18688"}],"curies":[{"name":"wp","href":"https:\/\/api.w.org\/{rel}","templated":true}]}}