{"id":18914,"date":"2026-04-28T11:37:18","date_gmt":"2026-04-28T09:37:18","guid":{"rendered":"https:\/\/projectes.xtec.cat\/internacional\/?p=18914"},"modified":"2026-04-28T11:37:18","modified_gmt":"2026-04-28T09:37:18","slug":"estem-de-celebracio-amb-etwinning-schools-2026-2027","status":"publish","type":"post","link":"https:\/\/projectes.xtec.cat\/internacional\/general\/estem-de-celebracio-amb-etwinning-schools-2026-2027\/","title":{"rendered":"Estem de celebraci\u00f3 amb eTwinning schools 2026-2027!"},"content":{"rendered":"<p><a href=\"https:\/\/projectes.xtec.cat\/internacional\/wp-content\/uploads\/usu1767\/2026\/04\/Imatge-noticia-1.png\"><img loading=\"lazy\" decoding=\"async\" class=\"size-full wp-image-18979 aligncenter\" src=\"https:\/\/projectes.xtec.cat\/internacional\/wp-content\/uploads\/usu1767\/2026\/04\/Imatge-noticia-1.png\" alt=\"\" width=\"598\" height=\"388\" srcset=\"https:\/\/projectes.xtec.cat\/internacional\/wp-content\/uploads\/usu1767\/2026\/04\/Imatge-noticia-1.png 598w, https:\/\/projectes.xtec.cat\/internacional\/wp-content\/uploads\/usu1767\/2026\/04\/Imatge-noticia-1-300x195.png 300w\" sizes=\"auto, (max-width: 598px) 100vw, 598px\" \/><\/a><\/p>\n<p>Ja s\u2019ha publicat el llistat de centres reconeguts amb el\u00a0<strong>Segell de Centre eTwinning 2026-2027<\/strong>. Aquest reconeixement destaca als centres amb participaci\u00f3 activa en eTwinning, promovent la seguretat en l\u00ednia, la innovaci\u00f3, la inclusi\u00f3 i el lideratge compartit.<\/p>\n<p>En\u00a0<a href=\"https:\/\/school-education.ec.europa.eu\/en\/etwinning\/labels\/etwinning-school-label\/winners-list?search_api_fulltext=SPAIN&amp;period=2026-2027\" target=\"_blank\" rel=\"noopener\">ESEP\u00a0<\/a>i en el\u00a0<a href=\"https:\/\/etwinning.es\/estamos-de-celebracion\/\" target=\"_blank\" rel=\"noopener\">Portal Nacional eTwinning SNA<\/a> podeu trobar el llistat dels centres acreditats com a <strong>Centre eTwinning 2026-2027.\u00a0 <\/strong>Del total dels 124 centres espanyols premiats, 19 s\u00f3n de Catalunya:<\/p>\n<p><a href=\"https:\/\/projectes.xtec.cat\/internacional\/wp-content\/uploads\/usu1767\/2026\/04\/Imatge-per-al-nodes_llistat-centres-2.png\"><img loading=\"lazy\" decoding=\"async\" class=\"size-full wp-image-18974 aligncenter\" src=\"https:\/\/projectes.xtec.cat\/internacional\/wp-content\/uploads\/usu1767\/2026\/04\/Imatge-per-al-nodes_llistat-centres-2.png\" alt=\"\" width=\"858\" height=\"570\" srcset=\"https:\/\/projectes.xtec.cat\/internacional\/wp-content\/uploads\/usu1767\/2026\/04\/Imatge-per-al-nodes_llistat-centres-2.png 858w, https:\/\/projectes.xtec.cat\/internacional\/wp-content\/uploads\/usu1767\/2026\/04\/Imatge-per-al-nodes_llistat-centres-2-300x199.png 300w, https:\/\/projectes.xtec.cat\/internacional\/wp-content\/uploads\/usu1767\/2026\/04\/Imatge-per-al-nodes_llistat-centres-2-768x510.png 768w\" sizes=\"auto, (max-width: 858px) 100vw, 858px\" \/><\/a><\/p>\n<p>Volem felicitar a tots aquests centres que han obtingut aquest reconeixement per a l\u2019excel\u00b7lent tasca duta a terme a\u00a0<span class=\"hiddenSpellError\">eTwinning<\/span>. Rebeu la nostra m\u00e9s\u00a0sincera\u00a0enhorabona!<\/p>\n","protected":false},"excerpt":{"rendered":"<p><a href=\"https:\/\/projectes.xtec.cat\/internacional\/wp-content\/uploads\/usu1767\/2026\/04\/Imatge-noticia-1.png\"><\/a><br \/>\nJa s\u2019ha publicat el llistat de centres reconeguts amb el\u00a0Segell de Centre eTwinning 2026-2027. Aquest reconeixement destaca als centres amb participaci\u00f3 activa en eTwinning, promovent la seguretat en l\u00ednia, la innovaci\u00f3, la inclusi\u00f3 i el lideratge compartit.<br \/>\nEn\u00a0<a href=\"https:\/\/school-education.ec.europa.eu\/en\/etwinning\/labels\/etwinning-school-label\/winners-list?search_api_fulltext=SPAIN&amp;period=2026-2027\" target=\"_blank\" rel=\"noopener\">ESEP\u00a0<\/a>i en el\u00a0<a href=\"https:\/\/etwinning.es\/estamos-de-celebracion\/\" target=\"_blank\"&hellip;  <a href=\"https:\/\/projectes.xtec.cat\/internacional\/general\/estem-de-celebracio-amb-etwinning-schools-2026-2027\/\" title=\"Read Estem de celebraci\u00f3 amb eTwinning schools 2026-2027!\">Llegeix m\u00e9s\u00bb<\/a><\/p>\n","protected":false},"author":1,"featured_media":18979,"comment_status":"open","ping_status":"open","sticky":false,"template":"","format":"standard","meta":{"_bbp_topic_count":0,"_bbp_reply_count":0,"_bbp_total_topic_count":0,"_bbp_total_reply_count":0,"_bbp_voice_count":0,"_bbp_anonymous_reply_count":0,"_bbp_topic_count_hidden":0,"_bbp_reply_count_hidden":0,"_bbp_forum_subforum_count":0,"footnotes":""},"categories":[295,1,367,29,365],"tags":[],"class_list":["post-18914","post","type-post","status-publish","format-standard","has-post-thumbnail","hentry","category-etwinning","category-general","category-noticies-etwinning-etwinning","category-portada","category-premis"],"post_mailing_queue_ids":[],"_links":{"self":[{"href":"https:\/\/projectes.xtec.cat\/internacional\/wp-json\/wp\/v2\/posts\/18914","targetHints":{"allow":["GET"]}}],"collection":[{"href":"https:\/\/projectes.xtec.cat\/internacional\/wp-json\/wp\/v2\/posts"}],"about":[{"href":"https:\/\/projectes.xtec.cat\/internacional\/wp-json\/wp\/v2\/types\/post"}],"author":[{"embeddable":true,"href":"https:\/\/projectes.xtec.cat\/internacional\/wp-json\/wp\/v2\/users\/1"}],"replies":[{"embeddable":true,"href":"https:\/\/projectes.xtec.cat\/internacional\/wp-json\/wp\/v2\/comments?post=18914"}],"version-history":[{"count":7,"href":"https:\/\/projectes.xtec.cat\/internacional\/wp-json\/wp\/v2\/posts\/18914\/revisions"}],"predecessor-version":[{"id":18984,"href":"https:\/\/projectes.xtec.cat\/internacional\/wp-json\/wp\/v2\/posts\/18914\/revisions\/18984"}],"wp:featuredmedia":[{"embeddable":true,"href":"https:\/\/projectes.xtec.cat\/internacional\/wp-json\/wp\/v2\/media\/18979"}],"wp:attachment":[{"href":"https:\/\/projectes.xtec.cat\/internacional\/wp-json\/wp\/v2\/media?parent=18914"}],"wp:term":[{"taxonomy":"category","embeddable":true,"href":"https:\/\/projectes.xtec.cat\/internacional\/wp-json\/wp\/v2\/categories?post=18914"},{"taxonomy":"post_tag","embeddable":true,"href":"https:\/\/projectes.xtec.cat\/internacional\/wp-json\/wp\/v2\/tags?post=18914"}],"curies":[{"name":"wp","href":"https:\/\/api.w.org\/{rel}","templated":true}]}}