{"id":18916,"date":"2026-04-29T10:04:35","date_gmt":"2026-04-29T08:04:35","guid":{"rendered":"https:\/\/projectes.xtec.cat\/internacional\/?p=18916"},"modified":"2026-04-29T10:04:35","modified_gmt":"2026-04-29T08:04:35","slug":"erasmus-en-accio-enfortim-vincles-educatius-amb-sollentuna","status":"publish","type":"post","link":"https:\/\/projectes.xtec.cat\/internacional\/general\/erasmus-en-accio-enfortim-vincles-educatius-amb-sollentuna\/","title":{"rendered":"Erasmus+ en acci\u00f3: enfortim vincles educatius amb Sollentuna!"},"content":{"rendered":"<p><a href=\"https:\/\/projectes.xtec.cat\/internacional\/wp-content\/uploads\/usu1767\/2026\/04\/PORTADA1.png\"><img loading=\"lazy\" decoding=\"async\" class=\"wp-image-19004 aligncenter\" src=\"https:\/\/projectes.xtec.cat\/internacional\/wp-content\/uploads\/usu1767\/2026\/04\/PORTADA1.png\" alt=\"\" width=\"510\" height=\"352\" srcset=\"https:\/\/projectes.xtec.cat\/internacional\/wp-content\/uploads\/usu1767\/2026\/04\/PORTADA1.png 925w, https:\/\/projectes.xtec.cat\/internacional\/wp-content\/uploads\/usu1767\/2026\/04\/PORTADA1-300x207.png 300w, https:\/\/projectes.xtec.cat\/internacional\/wp-content\/uploads\/usu1767\/2026\/04\/PORTADA1-768x531.png 768w\" sizes=\"auto, (max-width: 510px) 100vw, 510px\" \/><\/a><\/p>\n<p>Els dies 20 i 21 d&#8217;abril vam rebre la visita de la Katherina Petrisson, t\u00e8cnica de Sollentuna kommun (Su\u00e8cia), organisme que gestiona iniciatives per fomentar la dimensi\u00f3 europea als centres educatius de Sollentuna. El seu projecte Erasmus+ va incloure activitats d&#8217;<strong>aprenentatge per observaci\u00f3<\/strong> a l&#8217;Institut Josep Puig i Cadafach (Matar\u00f3).\u00a0L&#8217;objectiu de la visita va consistir en con\u00e8ixer de primera m\u00e0 el sistema educatiu catal\u00e0 i com es treballa la tem\u00e0tica mem\u00f2ria hist\u00f2rica i democr\u00e0tica dins les aules.<\/p>\n<p>El primer dia va ser acollida al Departament d\u2019Educaci\u00f3 I Formaci\u00f3 Professional per presentar-li el funcionament del nostre sistema educatiu i el tractament de la mem\u00f2ria hist\u00f2rica i democr\u00e0tica, alhora que vam poder dur a terme activitats de reflexi\u00f3 conjunta sobre l\u2019experi\u00e8ncia viscuda.<\/p>\n<p>El segon dia l&#8217;estada va ser a l&#8217;Institut Josep Puig i Cadafach, on es van compartir experi\u00e8ncies educatives i metodologies innovadores amb una mirada internacional. El centre va organitzar diverses activitats, comen\u00e7ant amb una proposta cultural vinculada als castells i compartida amb alumnat internacional que estaven de visita (intercanvi en un programa Erasmus+). A continuaci\u00f3 vam assistir a una classe de ci\u00e8ncies socials amb el docent i cap del departament, Xavi Rosa, i alumnat de 4t d&#8217;ESO, sessi\u00f3 en la que es va explicar l&#8217;activitat que iniciaven, la <em data-start=\"706\" data-end=\"726\">Ruta Stolpersteine, <\/em>una combinaci\u00f3 de treball dins l&#8217;aula i experi\u00e8ncia directa en el territori. En una reuni\u00f3 a posteriori, el Xavi va explicar i compartir, tamb\u00e9, diferents metodologies actives i innovadores aplicades en col\u00b7laboraci\u00f3 amb altres mat\u00e8ries, incloent-hi projectes interdisciplinaris que motiven molt l&#8217;alumnat. La darrera activitat va ser l&#8217;observaci\u00f3 de la classe de &#8220;Ciutad\u00e0nia, pol\u00edtica i dret&#8221;, impartida per la professora L\u00eddia Segal\u00e8s amb alumnat de batxillerat. La visita ha perm\u00e8s una visi\u00f3 directa de pr\u00e0ctiques docents innovadores i posar en valor la diversitat d\u2019estrat\u00e8gies educatives del centre, aix\u00ed com l\u2019alt grau d\u2019implicaci\u00f3 del professorat i l\u2019alumnat.<\/p>\n<p data-start=\"1063\" data-end=\"1349\" data-is-last-node=\"\" data-is-only-node=\"\">Des del Servei de Lleng\u00fces Estrangeres i d&#8217;Origen volem agrair a l&#8217;Institut Josep Puig i Cadafach la seva implicaci\u00f3 i participaci\u00f3 en aquesta activitat d&#8217;observaci\u00f3.<\/p>\n<p data-start=\"1063\" data-end=\"1349\" data-is-last-node=\"\" data-is-only-node=\"\"><span style=\"font-family: inherit; font-size: 1em;\">L\u2019experi\u00e8ncia ha estat molt positiva i mostra la voluntat de donar continu\u00eftat a la nostra cooperaci\u00f3 Erasmus+ iniciada al mar\u00e7 de 2025,<strong> col\u00b7laboraci\u00f3 <\/strong><\/span><strong style=\"font-family: inherit; font-size: 1em;\">internacional<\/strong><span style=\"font-family: inherit; font-size: 1em;\"> que refor\u00e7a els vincles entre institucions educatives europees i promou l\u2019intercanvi de bones pr\u00e0ctiques pedag\u00f2giques en el marc del programa Erasmus+.<\/span><\/p>\n<section class=\"text-token-text-primary w-full focus:outline-none [--shadow-height:45px] has-data-writing-block:pointer-events-none has-data-writing-block:-mt-(--shadow-height) has-data-writing-block:pt-(--shadow-height) [&amp;:has([data-writing-block])&gt;*]:pointer-events-auto [content-visibility:auto] supports-[content-visibility:auto]:[contain-intrinsic-size:auto_100lvh] R6Vx5W_threadScrollVars scroll-mb-[calc(var(--scroll-root-safe-area-inset-bottom,0px)+var(--thread-response-height))] scroll-mt-[calc(var(--header-height)+min(200px,max(70px,20svh)))]\" dir=\"auto\" data-turn-id=\"request-693bbbb8-b074-832a-aeb4-71a7e9dc8d71-5\" data-testid=\"conversation-turn-174\" data-scroll-anchor=\"false\" data-turn=\"assistant\">\n<div class=\"text-base my-auto mx-auto pb-10 [--thread-content-margin:var(--thread-content-margin-xs,calc(var(--spacing)*4))] @w-sm\/main:[--thread-content-margin:var(--thread-content-margin-sm,calc(var(--spacing)*6))] @w-lg\/main:[--thread-content-margin:var(--thread-content-margin-lg,calc(var(--spacing)*16))] px-(--thread-content-margin)\">\n<div class=\"[--thread-content-max-width:40rem] @w-lg\/main:[--thread-content-max-width:48rem] mx-auto max-w-(--thread-content-max-width) flex-1 group\/turn-messages focus-visible:outline-hidden relative flex w-full min-w-0 flex-col agent-turn\">\n<div class=\"flex max-w-full flex-col gap-4 grow\">\n<div class=\"min-h-8 text-message relative flex w-full flex-col items-end gap-2 text-start break-words whitespace-normal outline-none keyboard-focused:focus-ring [.text-message+&amp;]:mt-1\" dir=\"auto\" tabindex=\"0\" data-message-author-role=\"assistant\" data-message-id=\"9be67312-4cd5-479d-80fc-a892da83e4b4\" data-message-model-slug=\"gpt-5-3\" data-turn-start-message=\"true\">\n<div class=\"flex w-full flex-col gap-1 empty:hidden\">\n<div class=\"markdown prose dark:prose-invert w-full wrap-break-word light markdown-new-styling\">\n<p>Volem agrair a tots i totes els participants la seva confian\u00e7a i col\u00b7laboraci\u00f3.<\/p>\n\r\n\t<div class=\"slideshow_container slideshow_container_style-light\" style=\" \" data-slideshow-id=\"18986\" data-style-name=\"style-light\" data-style-version=\"2.3.1\" >\r\n\r\n\t\t\t\t\t<div class=\"slideshow_loading_icon\"><\/div>\r\n\t\t\r\n\t\t<div class=\"slideshow_content\" style=\"display: none;\">\r\n\r\n\t\t\t<div class=\"slideshow_view\">\r\n\t\t\t\t<div class=\"slideshow_slide slideshow_slide_image\">\r\n\t\t\t\t\t\t\t\t\t\t\t<img src=\"https:\/\/projectes.xtec.cat\/internacional\/wp-content\/uploads\/usu1767\/2026\/04\/IMG_20260421_130413-scaled.jpg\" alt=\"IMG_20260421_130413\" width=\"2560\" height=\"1920\" \/>\r\n\t\t\t\t\t\t\t\t\t\t<div class=\"slideshow_description_box slideshow_transparent\">\r\n\t\t\t\t\t\t<div class=\"slideshow_title\">IMG_20260421_130413<\/div>\t\t\t\t\t\t\t\t\t\t\t<\/div>\r\n\t\t\t\t<\/div>\r\n\r\n\t\t\t\t\t\t\r\n\t\t\t\t<div class=\"slideshow_slide slideshow_slide_image\">\r\n\t\t\t\t\t\t\t\t\t\t\t<img src=\"https:\/\/projectes.xtec.cat\/internacional\/wp-content\/uploads\/usu1767\/2026\/04\/6-scaled.jpg\" alt=\"6\" width=\"2560\" height=\"1920\" \/>\r\n\t\t\t\t\t\t\t\t\t\t<div class=\"slideshow_description_box slideshow_transparent\">\r\n\t\t\t\t\t\t<div class=\"slideshow_title\">6<\/div>\t\t\t\t\t\t\t\t\t\t\t<\/div>\r\n\t\t\t\t<\/div>\r\n\r\n\t\t\t\t\t\t<div style=\"clear: both;\"><\/div><\/div><div class=\"slideshow_view\">\r\n\t\t\t\t<div class=\"slideshow_slide slideshow_slide_image\">\r\n\t\t\t\t\t\t\t\t\t\t\t<img src=\"https:\/\/projectes.xtec.cat\/internacional\/wp-content\/uploads\/usu1767\/2026\/04\/10-scaled.jpg\" alt=\"10\" width=\"2560\" height=\"1476\" \/>\r\n\t\t\t\t\t\t\t\t\t\t<div class=\"slideshow_description_box slideshow_transparent\">\r\n\t\t\t\t\t\t<div class=\"slideshow_title\">10<\/div>\t\t\t\t\t\t\t\t\t\t\t<\/div>\r\n\t\t\t\t<\/div>\r\n\r\n\t\t\t\t\t\t\r\n\t\t\t\t<div class=\"slideshow_slide slideshow_slide_image\">\r\n\t\t\t\t\t\t\t\t\t\t\t<img src=\"https:\/\/projectes.xtec.cat\/internacional\/wp-content\/uploads\/usu1767\/2026\/04\/4-scaled.jpg\" alt=\"4\" width=\"2560\" height=\"1920\" \/>\r\n\t\t\t\t\t\t\t\t\t\t<div class=\"slideshow_description_box slideshow_transparent\">\r\n\t\t\t\t\t\t<div class=\"slideshow_title\">4<\/div>\t\t\t\t\t\t\t\t\t\t\t<\/div>\r\n\t\t\t\t<\/div>\r\n\r\n\t\t\t\t\t\t<div style=\"clear: both;\"><\/div><\/div><div class=\"slideshow_view\">\r\n\t\t\t\t<div class=\"slideshow_slide slideshow_slide_image\">\r\n\t\t\t\t\t\t\t\t\t\t\t<img src=\"https:\/\/projectes.xtec.cat\/internacional\/wp-content\/uploads\/usu1767\/2026\/04\/8-scaled.jpg\" alt=\"8\" width=\"2560\" height=\"1786\" \/>\r\n\t\t\t\t\t\t\t\t\t\t<div class=\"slideshow_description_box slideshow_transparent\">\r\n\t\t\t\t\t\t<div class=\"slideshow_title\">8<\/div>\t\t\t\t\t\t\t\t\t\t\t<\/div>\r\n\t\t\t\t<\/div>\r\n\r\n\t\t\t\t\t\t\r\n\t\t\t\t<div class=\"slideshow_slide slideshow_slide_image\">\r\n\t\t\t\t\t\t\t\t\t\t\t<img src=\"https:\/\/projectes.xtec.cat\/internacional\/wp-content\/uploads\/usu1767\/2026\/04\/2-scaled.jpg\" alt=\"2\" width=\"2560\" height=\"1920\" \/>\r\n\t\t\t\t\t\t\t\t\t\t<div class=\"slideshow_description_box slideshow_transparent\">\r\n\t\t\t\t\t\t<div class=\"slideshow_title\">2<\/div>\t\t\t\t\t\t\t\t\t\t\t<\/div>\r\n\t\t\t\t<\/div>\r\n\r\n\t\t\t\t\t\t<div style=\"clear: both;\"><\/div><\/div><div class=\"slideshow_view\">\r\n\t\t\t\t<div class=\"slideshow_slide slideshow_slide_image\">\r\n\t\t\t\t\t\t\t\t\t\t\t<img src=\"https:\/\/projectes.xtec.cat\/internacional\/wp-content\/uploads\/usu1767\/2026\/04\/3-scaled.jpg\" alt=\"3\" width=\"2560\" height=\"1920\" \/>\r\n\t\t\t\t\t\t\t\t\t\t<div class=\"slideshow_description_box slideshow_transparent\">\r\n\t\t\t\t\t\t<div class=\"slideshow_title\">3<\/div>\t\t\t\t\t\t\t\t\t\t\t<\/div>\r\n\t\t\t\t<\/div>\r\n\r\n\t\t\t\t\t\t\r\n\t\t\t\t<div class=\"slideshow_slide slideshow_slide_image\">\r\n\t\t\t\t\t\t\t\t\t\t\t<img src=\"https:\/\/projectes.xtec.cat\/internacional\/wp-content\/uploads\/usu1767\/2026\/04\/1-scaled.jpg\" alt=\"1\" width=\"2560\" height=\"1359\" \/>\r\n\t\t\t\t\t\t\t\t\t\t<div class=\"slideshow_description_box slideshow_transparent\">\r\n\t\t\t\t\t\t<div class=\"slideshow_title\">1<\/div>\t\t\t\t\t\t\t\t\t\t\t<\/div>\r\n\t\t\t\t<\/div>\r\n\r\n\t\t\t\t\t\t<div style=\"clear: both;\"><\/div><\/div>\r\n\t\t<\/div>\r\n\r\n\t\t<div class=\"slideshow_controlPanel slideshow_transparent\" style=\"display: none;\"><ul><li class=\"slideshow_togglePlay\" data-play-text=\"Visualitza\" data-pause-text=\"Pausa\"><\/li><\/ul><\/div>\r\n\r\n\t\t<div class=\"slideshow_button slideshow_previous slideshow_transparent\" role=\"button\" data-previous-text=\"Anterior\" style=\"display: none;\"><\/div>\r\n\t\t<div class=\"slideshow_button slideshow_next slideshow_transparent\" role=\"button\" data-next-text=\"Seg\u00fcent\" style=\"display: none;\"><\/div>\r\n\r\n\t\t<div class=\"slideshow_pagination\" style=\"display: none;\" data-go-to-text=\"V\u00e9s a la diapositiva\"><div class=\"slideshow_pagination_center\"><\/div><\/div>\r\n\r\n\t\t<!-- WordPress Slideshow Version 2.3.1 -->\r\n\r\n\t\t\t<\/div>\r\n\r\n\n<p>&nbsp;<\/p>\n<\/div>\n<\/div>\n<\/div>\n<\/div>\n<\/div>\n<\/div>\n<\/section>\n","protected":false},"excerpt":{"rendered":"<p><a href=\"https:\/\/projectes.xtec.cat\/internacional\/wp-content\/uploads\/usu1767\/2026\/04\/PORTADA1.png\"><\/a><br \/>\nEls dies 20 i 21 d&#8217;abril vam rebre la visita de la Katherina Petrisson, t\u00e8cnica de Sollentuna kommun (Su\u00e8cia), organisme que gestiona iniciatives per fomentar la dimensi\u00f3 europea als centres educatius de Sollentuna. El seu projecte Erasmus+ va incloure activitats d&#8217;aprenentatge per observaci\u00f3 a&hellip;  <a href=\"https:\/\/projectes.xtec.cat\/internacional\/general\/erasmus-en-accio-enfortim-vincles-educatius-amb-sollentuna\/\" title=\"Read Erasmus+ en acci\u00f3: enfortim vincles educatius amb Sollentuna!\">Llegeix m\u00e9s\u00bb<\/a><\/p>\n","protected":false},"author":1,"featured_media":19004,"comment_status":"open","ping_status":"open","sticky":false,"template":"","format":"standard","meta":{"_bbp_topic_count":0,"_bbp_reply_count":0,"_bbp_total_topic_count":0,"_bbp_total_reply_count":0,"_bbp_voice_count":0,"_bbp_anonymous_reply_count":0,"_bbp_topic_count_hidden":0,"_bbp_reply_count_hidden":0,"_bbp_forum_subforum_count":0,"footnotes":""},"categories":[437,311,1,461,29,309],"tags":[],"class_list":["post-18916","post","type-post","status-publish","format-standard","has-post-thumbnail","hentry","category-coopera","category-erasmus","category-general","category-noticies-erasmus","category-portada","category-programa-erasmus-2021-2027"],"post_mailing_queue_ids":[],"_links":{"self":[{"href":"https:\/\/projectes.xtec.cat\/internacional\/wp-json\/wp\/v2\/posts\/18916","targetHints":{"allow":["GET"]}}],"collection":[{"href":"https:\/\/projectes.xtec.cat\/internacional\/wp-json\/wp\/v2\/posts"}],"about":[{"href":"https:\/\/projectes.xtec.cat\/internacional\/wp-json\/wp\/v2\/types\/post"}],"author":[{"embeddable":true,"href":"https:\/\/projectes.xtec.cat\/internacional\/wp-json\/wp\/v2\/users\/1"}],"replies":[{"embeddable":true,"href":"https:\/\/projectes.xtec.cat\/internacional\/wp-json\/wp\/v2\/comments?post=18916"}],"version-history":[{"count":7,"href":"https:\/\/projectes.xtec.cat\/internacional\/wp-json\/wp\/v2\/posts\/18916\/revisions"}],"predecessor-version":[{"id":19009,"href":"https:\/\/projectes.xtec.cat\/internacional\/wp-json\/wp\/v2\/posts\/18916\/revisions\/19009"}],"wp:featuredmedia":[{"embeddable":true,"href":"https:\/\/projectes.xtec.cat\/internacional\/wp-json\/wp\/v2\/media\/19004"}],"wp:attachment":[{"href":"https:\/\/projectes.xtec.cat\/internacional\/wp-json\/wp\/v2\/media?parent=18916"}],"wp:term":[{"taxonomy":"category","embeddable":true,"href":"https:\/\/projectes.xtec.cat\/internacional\/wp-json\/wp\/v2\/categories?post=18916"},{"taxonomy":"post_tag","embeddable":true,"href":"https:\/\/projectes.xtec.cat\/internacional\/wp-json\/wp\/v2\/tags?post=18916"}],"curies":[{"name":"wp","href":"https:\/\/api.w.org\/{rel}","templated":true}]}}