{"id":18955,"date":"2026-04-27T09:52:27","date_gmt":"2026-04-27T07:52:27","guid":{"rendered":"https:\/\/projectes.xtec.cat\/internacional\/?p=18955"},"modified":"2026-04-27T09:52:27","modified_gmt":"2026-04-27T07:52:27","slug":"dinamitza-la-teva-practica-docent-amb-la-universitat-destiu-de-linstitut-francais","status":"publish","type":"post","link":"https:\/\/projectes.xtec.cat\/internacional\/general\/dinamitza-la-teva-practica-docent-amb-la-universitat-destiu-de-linstitut-francais\/","title":{"rendered":"Dinamitza la teva pr\u00e0ctica docent amb la Universitat d&#8217;Estiu de l&#8217;Institut Fran\u00e7ais!"},"content":{"rendered":"<p><a href=\"https:\/\/projectes.xtec.cat\/internacional\/wp-content\/uploads\/usu1767\/2026\/04\/77-EstiuInsfranc.png\"><img loading=\"lazy\" decoding=\"async\" class=\" wp-image-18957 aligncenter\" src=\"https:\/\/projectes.xtec.cat\/internacional\/wp-content\/uploads\/usu1767\/2026\/04\/77-EstiuInsfranc-1024x299.png\" alt=\"\" width=\"887\" height=\"259\" srcset=\"https:\/\/projectes.xtec.cat\/internacional\/wp-content\/uploads\/usu1767\/2026\/04\/77-EstiuInsfranc-1024x299.png 1024w, https:\/\/projectes.xtec.cat\/internacional\/wp-content\/uploads\/usu1767\/2026\/04\/77-EstiuInsfranc-300x88.png 300w, https:\/\/projectes.xtec.cat\/internacional\/wp-content\/uploads\/usu1767\/2026\/04\/77-EstiuInsfranc-768x224.png 768w, https:\/\/projectes.xtec.cat\/internacional\/wp-content\/uploads\/usu1767\/2026\/04\/77-EstiuInsfranc-1536x449.png 1536w, https:\/\/projectes.xtec.cat\/internacional\/wp-content\/uploads\/usu1767\/2026\/04\/77-EstiuInsfranc.png 1873w\" sizes=\"auto, (max-width: 887px) 100vw, 887px\" \/><\/a><\/p>\n<p>Ets docent de franc\u00e8s i\/o de mat\u00e8ries no ling\u00fc\u00edstiques impartides en franc\u00e8s i vols dinamitzar la teva pr\u00e0ctica docent i refor\u00e7ar la motivaci\u00f3 de l&#8217;alumnat?<\/p>\n<p style=\"font-weight: 400;\">L\u2019Institut fran\u00e7ais d\u2019Espanya inclou la seva pr\u00f2xima Universitat d\u2019Estiu, que se celebrar\u00e0 al <strong>Liceu Franc\u00e8s de Madrid del 6 al 9 de juliol de 2026<\/strong>. El programa inclou diversos m\u00f2duls pr\u00e0ctics (FLE, ANL, Batxibac, expressi\u00f3 oral, eines digitals i creatives com el p\u00f2dcast, el teatre o la IA), cadascun amb una durada de 18 hores. En finalitzar, els participants rebran un certificat de participaci\u00f3.<\/p>\n<p style=\"font-weight: 400;\">Tamb\u00e9 podreu assistir a confer\u00e8ncies, activitats culturals i espais d\u2019intercanvi professional en un entorn din\u00e0mic i enriquidor.<\/p>\n<p style=\"font-weight: 400;\">En el seg\u00fcent enlla\u00e7 trobareu tota la informaci\u00f3, aix\u00ed com el formulari d\u2019inscripci\u00f3:\u00a0<a href=\"https:\/\/www.institutfrancais.es\/universidad-de-verano-2026\/\" data-saferedirecturl=\"https:\/\/www.google.com\/url?q=https:\/\/www.institutfrancais.es\/universidad-de-verano-2026\/&amp;source=gmail&amp;ust=1777355755237000&amp;usg=AOvVaw0h2_lD-XxB_rsx6SH8CLEq\"><em>Universidad de Verano 2026<\/em><\/a><br \/>\nInscripci\u00f3 directa:\u00a0<a href=\"https:\/\/forms.gle\/PbqSagQDpoqnm4a89\" data-saferedirecturl=\"https:\/\/www.google.com\/url?q=https:\/\/forms.gle\/PbqSagQDpoqnm4a89&amp;source=gmail&amp;ust=1777355755237000&amp;usg=AOvVaw3Le70EHvqiO3AcZXAy1ucd\">https:\/\/forms.gle\/PbqSagQDpoqnm4a89<\/a><\/p>\n<p>Una oportunitat m\u00e9s per internacionalitzar l&#8217;aula!<\/p>\n<p>&nbsp;<\/p>\n","protected":false},"excerpt":{"rendered":"<p><a href=\"https:\/\/projectes.xtec.cat\/internacional\/wp-content\/uploads\/usu1767\/2026\/04\/77-EstiuInsfranc.png\"><\/a><br \/>\nEts docent de franc\u00e8s i\/o de mat\u00e8ries no ling\u00fc\u00edstiques impartides en franc\u00e8s i vols dinamitzar la teva pr\u00e0ctica docent i refor\u00e7ar la motivaci\u00f3 de l&#8217;alumnat?<br \/>\nL\u2019Institut fran\u00e7ais d\u2019Espanya inclou la seva pr\u00f2xima Universitat d\u2019Estiu, que se celebrar\u00e0 al Liceu Franc\u00e8s de Madrid del 6 al&hellip;  <a href=\"https:\/\/projectes.xtec.cat\/internacional\/general\/dinamitza-la-teva-practica-docent-amb-la-universitat-destiu-de-linstitut-francais\/\" title=\"Read Dinamitza la teva pr\u00e0ctica docent amb la Universitat d&#8217;Estiu de l&#8217;Institut Fran\u00e7ais!\">Llegeix m\u00e9s\u00bb<\/a><\/p>\n","protected":false},"author":1,"featured_media":18957,"comment_status":"open","ping_status":"open","sticky":false,"template":"","format":"standard","meta":{"_bbp_topic_count":0,"_bbp_reply_count":0,"_bbp_total_topic_count":0,"_bbp_total_reply_count":0,"_bbp_voice_count":0,"_bbp_anonymous_reply_count":0,"_bbp_topic_count_hidden":0,"_bbp_reply_count_hidden":0,"_bbp_forum_subforum_count":0,"footnotes":""},"categories":[393,154,1,379,460,29,76],"tags":[],"class_list":["post-18955","post","type-post","status-publish","format-standard","has-post-thumbnail","hentry","category-accions-de-frances","category-formacio","category-general","category-noticies-de-frances","category-noticies-formacio-frances","category-portada","category-recursos"],"post_mailing_queue_ids":[],"_links":{"self":[{"href":"https:\/\/projectes.xtec.cat\/internacional\/wp-json\/wp\/v2\/posts\/18955","targetHints":{"allow":["GET"]}}],"collection":[{"href":"https:\/\/projectes.xtec.cat\/internacional\/wp-json\/wp\/v2\/posts"}],"about":[{"href":"https:\/\/projectes.xtec.cat\/internacional\/wp-json\/wp\/v2\/types\/post"}],"author":[{"embeddable":true,"href":"https:\/\/projectes.xtec.cat\/internacional\/wp-json\/wp\/v2\/users\/1"}],"replies":[{"embeddable":true,"href":"https:\/\/projectes.xtec.cat\/internacional\/wp-json\/wp\/v2\/comments?post=18955"}],"version-history":[{"count":6,"href":"https:\/\/projectes.xtec.cat\/internacional\/wp-json\/wp\/v2\/posts\/18955\/revisions"}],"predecessor-version":[{"id":18963,"href":"https:\/\/projectes.xtec.cat\/internacional\/wp-json\/wp\/v2\/posts\/18955\/revisions\/18963"}],"wp:featuredmedia":[{"embeddable":true,"href":"https:\/\/projectes.xtec.cat\/internacional\/wp-json\/wp\/v2\/media\/18957"}],"wp:attachment":[{"href":"https:\/\/projectes.xtec.cat\/internacional\/wp-json\/wp\/v2\/media?parent=18955"}],"wp:term":[{"taxonomy":"category","embeddable":true,"href":"https:\/\/projectes.xtec.cat\/internacional\/wp-json\/wp\/v2\/categories?post=18955"},{"taxonomy":"post_tag","embeddable":true,"href":"https:\/\/projectes.xtec.cat\/internacional\/wp-json\/wp\/v2\/tags?post=18955"}],"curies":[{"name":"wp","href":"https:\/\/api.w.org\/{rel}","templated":true}]}}