{"id":19355,"date":"2026-09-02T08:12:03","date_gmt":"2026-09-02T06:12:03","guid":{"rendered":"https:\/\/projectes.xtec.cat\/internacional\/?p=19355"},"modified":"2026-09-02T08:12:04","modified_gmt":"2026-09-02T06:12:04","slug":"llistes-definitives-sollicituds-erasmus-accions-ka2-conv-2026","status":"publish","type":"post","link":"https:\/\/projectes.xtec.cat\/internacional\/general\/llistes-definitives-sollicituds-erasmus-accions-ka2-conv-2026\/","title":{"rendered":"Llistes definitives sol\u00b7licituds Erasmus+ accions KA2 conv. 2026"},"content":{"rendered":"\n\n\n<p><a href=\"https:\/\/projectes.xtec.cat\/internacional\/wp-content\/uploads\/usu1767\/2026\/04\/68-LlistatKA1.png\"><img loading=\"lazy\" decoding=\"async\" class=\"alignnone size-large wp-image-18900\" src=\"https:\/\/projectes.xtec.cat\/internacional\/wp-content\/uploads\/usu1767\/2026\/04\/68-LlistatKA1-1024x391.png\" alt=\"\" width=\"1024\" height=\"391\" srcset=\"https:\/\/projectes.xtec.cat\/internacional\/wp-content\/uploads\/usu1767\/2026\/04\/68-LlistatKA1-1024x391.png 1024w, https:\/\/projectes.xtec.cat\/internacional\/wp-content\/uploads\/usu1767\/2026\/04\/68-LlistatKA1-300x115.png 300w, https:\/\/projectes.xtec.cat\/internacional\/wp-content\/uploads\/usu1767\/2026\/04\/68-LlistatKA1-768x293.png 768w, https:\/\/projectes.xtec.cat\/internacional\/wp-content\/uploads\/usu1767\/2026\/04\/68-LlistatKA1-1536x586.png 1536w, https:\/\/projectes.xtec.cat\/internacional\/wp-content\/uploads\/usu1767\/2026\/04\/68-LlistatKA1.png 1708w\" sizes=\"auto, (max-width: 1024px) 100vw, 1024px\" \/><\/a><\/p>\n\n\n\n<p>El Servei Espanyol per a la Internacionalitzaci\u00f3 de l\u2019Educaci\u00f3 (<a href=\"https:\/\/www.sepie.es\/\" data-type=\"link\" data-id=\"https:\/\/www.sepie.es\/\" target=\"_blank\" rel=\"noreferrer noopener\">SEPIE<\/a>) ha publicat resoluci\u00f3 i&nbsp;els<strong> llistats definitius<\/strong> de projectes <strong>seleccionats<\/strong>, en <strong>reserva <\/strong>i <strong>rebutjats <\/strong>de<strong> l\u2019Acci\u00f3 Clau 2 <\/strong>&#8211; Associacions per a la cooperaci\u00f3 &#8211; corresponents<strong> a la convocat\u00f2ria de propostes del programa Erasmus+ 2026<\/strong>.<\/p>\n\n\n\n<p><strong>Sector educaci\u00f3 escolar (SCH):<\/strong><\/p>\n\n\n\n<ul>\n<li><a href=\"https:\/\/www.sepie.es\/doc\/convocatoria\/2026\/resoluciones\/ka2\/definitiva\/agosto\/i1_fondosdefinitivo2026ka210schs.pdf\" target=\"_blank\" rel=\"noopener\">Sol\u00b7licituds seleccionades KA210-SCH<\/a><\/li>\n<li><a href=\"https:\/\/www.sepie.es\/doc\/convocatoria\/2026\/resoluciones\/ka2\/definitiva\/agosto\/i2_fondosdefinitivo2026ka210schw.pdf\" target=\"_blank\" rel=\"noopener\">Sol\u00b7licituds en reserva KA210-SCH<\/a><\/li>\n<li><a href=\"https:\/\/www.sepie.es\/doc\/convocatoria\/2026\/resoluciones\/ka2\/definitiva\/agosto\/i3_fondosdefinitivo2026ka210schr.pdf\" target=\"_blank\" rel=\"noopener\">Sol\u00b7licituds rebutjades KA210-SCH<\/a><\/li>\n<li><a href=\"https:\/\/www.sepie.es\/doc\/convocatoria\/2026\/resoluciones\/ka2\/definitiva\/agosto\/i4_fondosdefinitivo2026ka220schs.pdf\" target=\"_blank\" rel=\"noopener\">Sol\u00b7licituds seleccionades KA220-SCH<\/a><\/li>\n<li><a href=\"https:\/\/www.sepie.es\/doc\/convocatoria\/2026\/resoluciones\/ka2\/definitiva\/agosto\/i5_fondosdefinitivo2026ka220schw.pdf\" target=\"_blank\" rel=\"noopener\">Sol\u00b7licituds en reserva KA220-SCH<\/a><\/li>\n<li><a href=\"https:\/\/www.sepie.es\/doc\/convocatoria\/2026\/resoluciones\/ka2\/definitiva\/agosto\/i6_fondosdefinitivo2026ka220schr.pdf\" target=\"_blank\" rel=\"noopener\">Sol\u00b7licituds rebutjades KA220-SCH<\/a><\/li>\n<li><a href=\"https:\/\/www.sepie.es\/doc\/convocatoria\/2026\/resoluciones\/ka2\/definitiva\/agosto\/i7_fondosdefinitivo2026ka240schs.pdf\" target=\"_blank\" rel=\"noopener\">Sol\u00b7licituds seleccionades KA240-SCH<\/a><\/li>\n<li><a href=\"https:\/\/www.sepie.es\/doc\/convocatoria\/2026\/resoluciones\/ka2\/definitiva\/agosto\/i8_fondosdefinitivo2026ka240schr.pdf\" target=\"_blank\" rel=\"noopener\">Sol\u00b7licituds rebutjades KA240-SCH<\/a><\/li>\n<\/ul>\n\n\n\n<p><strong>Sector educaci\u00f3 persones adultes (ADU):<\/strong><\/p>\n\n\n\n<ul>\n<li><a href=\"https:\/\/www.sepie.es\/doc\/convocatoria\/2026\/resoluciones\/ka2\/definitiva\/agosto\/ii1_fondosdefinitivo2026ka210adus.pdf\" target=\"_blank\" rel=\"noopener\">Sol\u00b7licituds seleccionades KA210-ADU<\/a><\/li>\n<li><a href=\"https:\/\/www.sepie.es\/doc\/convocatoria\/2026\/resoluciones\/ka2\/definitiva\/agosto\/ii2_fondosdefinitivo2026ka210aduw.pdf\" target=\"_blank\" rel=\"noopener\">Sol\u00b7licituds en reserva KA210-ADU<\/a><\/li>\n<li><a href=\"https:\/\/www.sepie.es\/doc\/convocatoria\/2026\/resoluciones\/ka2\/definitiva\/agosto\/ii3_fondosdefinitivo2026ka210adur.pdf\" target=\"_blank\" rel=\"noopener\">Sol\u00b7licituds rebutjades KA210-ADU<\/a><\/li>\n<li><a href=\"https:\/\/www.sepie.es\/doc\/convocatoria\/2026\/resoluciones\/ka2\/definitiva\/agosto\/ii4_fondosdefinitivo2026ka220adus.pdf\" target=\"_blank\" rel=\"noopener\">Sol\u00b7licituds seleccionades KA220-ADU<\/a><\/li>\n<li><a href=\"https:\/\/www.sepie.es\/doc\/convocatoria\/2026\/resoluciones\/ka2\/definitiva\/agosto\/ii5_fondosdefinitivo2026ka220aduw.pdf\" target=\"_blank\" rel=\"noopener\">Sol\u00b7licituds en reserva KA220-ADU<\/a><\/li>\n<li><a href=\"https:\/\/www.sepie.es\/doc\/convocatoria\/2026\/resoluciones\/ka2\/definitiva\/agosto\/ii6_fondosdefinitivo2026ka220adur.pdf\" target=\"_blank\" rel=\"noopener\">Sol\u00b7licituds rebutjades KA220-ADU<\/a><\/li>\n<\/ul>\n\n\n\n<p>Podeu trobar tota la informaci\u00f3 en l&#8217;apartat de <a href=\"https:\/\/www.sepie.es\/convocatoria\/resoluciones.html\" target=\"_blank\" rel=\"noopener\">resolucions de la p\u00e0gina web de SEPIE<\/a>.<\/p>\n","protected":false},"excerpt":{"rendered":"<p><a href=\"https:\/\/projectes.xtec.cat\/internacional\/wp-content\/uploads\/usu1767\/2026\/04\/68-LlistatKA1.png\"><\/a><\/p>\n<p>El Servei Espanyol per a la Internacionalitzaci\u00f3 de l\u2019Educaci\u00f3 (<a href=\"https:\/\/www.sepie.es\/\" data-type=\"link\" data-id=\"https:\/\/www.sepie.es\/\" target=\"_blank\" rel=\"noreferrer noopener\">SEPIE<\/a>) ha publicat resoluci\u00f3 i&nbsp;els llistats definitius de projectes seleccionats, en reserva i rebutjats de l\u2019Acci\u00f3 Clau 2 &#8211; Associacions per a la cooperaci\u00f3 &#8211; corresponents a la convocat\u00f2ria&hellip;  <a href=\"https:\/\/projectes.xtec.cat\/internacional\/general\/llistes-definitives-sollicituds-erasmus-accions-ka2-conv-2026\/\" title=\"Read Llistes definitives sol\u00b7licituds Erasmus+ accions KA2 conv. 2026\">Llegeix m\u00e9s\u00bb<\/a><\/p>\n","protected":false},"author":1,"featured_media":18900,"comment_status":"open","ping_status":"open","sticky":false,"template":"","format":"standard","meta":{"_bbp_topic_count":0,"_bbp_reply_count":0,"_bbp_total_topic_count":0,"_bbp_total_reply_count":0,"_bbp_voice_count":0,"_bbp_anonymous_reply_count":0,"_bbp_topic_count_hidden":0,"_bbp_reply_count_hidden":0,"_bbp_forum_subforum_count":0,"footnotes":""},"categories":[311,1,318,461,29,309,436],"tags":[],"class_list":["post-19355","post","type-post","status-publish","format-standard","has-post-thumbnail","hentry","category-erasmus","category-general","category-ka2","category-noticies-erasmus","category-portada","category-programa-erasmus-2021-2027","category-sepie"],"post_mailing_queue_ids":[],"_links":{"self":[{"href":"https:\/\/projectes.xtec.cat\/internacional\/wp-json\/wp\/v2\/posts\/19355","targetHints":{"allow":["GET"]}}],"collection":[{"href":"https:\/\/projectes.xtec.cat\/internacional\/wp-json\/wp\/v2\/posts"}],"about":[{"href":"https:\/\/projectes.xtec.cat\/internacional\/wp-json\/wp\/v2\/types\/post"}],"author":[{"embeddable":true,"href":"https:\/\/projectes.xtec.cat\/internacional\/wp-json\/wp\/v2\/users\/1"}],"replies":[{"embeddable":true,"href":"https:\/\/projectes.xtec.cat\/internacional\/wp-json\/wp\/v2\/comments?post=19355"}],"version-history":[{"count":3,"href":"https:\/\/projectes.xtec.cat\/internacional\/wp-json\/wp\/v2\/posts\/19355\/revisions"}],"predecessor-version":[{"id":19358,"href":"https:\/\/projectes.xtec.cat\/internacional\/wp-json\/wp\/v2\/posts\/19355\/revisions\/19358"}],"wp:featuredmedia":[{"embeddable":true,"href":"https:\/\/projectes.xtec.cat\/internacional\/wp-json\/wp\/v2\/media\/18900"}],"wp:attachment":[{"href":"https:\/\/projectes.xtec.cat\/internacional\/wp-json\/wp\/v2\/media?parent=19355"}],"wp:term":[{"taxonomy":"category","embeddable":true,"href":"https:\/\/projectes.xtec.cat\/internacional\/wp-json\/wp\/v2\/categories?post=19355"},{"taxonomy":"post_tag","embeddable":true,"href":"https:\/\/projectes.xtec.cat\/internacional\/wp-json\/wp\/v2\/tags?post=19355"}],"curies":[{"name":"wp","href":"https:\/\/api.w.org\/{rel}","templated":true}]}}