{"id":8643,"date":"2020-02-19T16:15:57","date_gmt":"2020-02-19T15:15:57","guid":{"rendered":"http:\/\/projectes.xtec.cat\/internacional\/?p=8643"},"modified":"2020-05-28T11:08:48","modified_gmt":"2020-05-28T09:08:48","slug":"americana-film-fest","status":"publish","type":"post","link":"https:\/\/projectes.xtec.cat\/internacional\/general\/americana-film-fest\/","title":{"rendered":"Americana Film Fest"},"content":{"rendered":"<p><img loading=\"lazy\" decoding=\"async\" class=\"alignleft\" src=\"https:\/\/americanafilmfest.com\/wp-content\/uploads\/2020\/02\/Anuncia-data-presentaci%C3%B3_2.jpg\" width=\"415\" height=\"233\" \/><\/p>\n<p>Arriba una nova edici\u00f3 de l&#8217;<a href=\"https:\/\/americanafilmfest.com\/ca\/\" target=\"_blank\" rel=\"noopener noreferrer\">Americana Film Fest<\/a>, el festival de cinema independent nord-americ\u00e0, a Barcelona. El festival es divideix, b\u00e0sicament, en tres grans seccions: TOPS,amb els noms m\u00e9s consolidats i les pel\u00b7l\u00edcules que acumulen m\u00e9s premis,\u00a0 NEXT, cintes no tan conegudes de diferents g\u00e8neres, proced\u00e8ncies i intencions i DOCS, pel\u00b7l\u00edcules de g\u00e8nere documental. Aquest any ens conviden a veure <a href=\"https:\/\/www.filmaffinity.com\/es\/film812504.html\" target=\"_blank\" rel=\"noopener noreferrer\">Human nature<\/a>\u00a0i al debat posterior sobre modificaci\u00f3 gen\u00e8tica i bio\u00e8tica. Les sessions es faran els dies 3 i 4 de mar\u00e7 als cinemes Girona de Barcelona a les 10 del mat\u00ed. L&#8217;activitat est\u00e0 pensada per grups de 4t d&#8217;ESO i Batxillerat i \u00e9s gratu\u00efta. Si esteu interessats a anar-hi amb els vostres alumnes podeu escriure al correu auxiliars.conversa@xtec.cat<\/p>\n","protected":false},"excerpt":{"rendered":"<p>Arriba una nova edici\u00f3 de l&#8217;<a href=\"https:\/\/americanafilmfest.com\/ca\/\" target=\"_blank\" rel=\"noopener noreferrer\">Americana Film Fest<\/a>, el festival de cinema independent nord-americ\u00e0, a Barcelona. El festival es divideix, b\u00e0sicament, en tres grans seccions: TOPS,amb els noms m\u00e9s consolidats i les pel\u00b7l\u00edcules que acumulen m\u00e9s premis,\u00a0 NEXT, cintes no tan&hellip;  <a href=\"https:\/\/projectes.xtec.cat\/internacional\/general\/americana-film-fest\/\" title=\"Read Americana Film Fest\">Llegeix m\u00e9s\u00bb<\/a><\/p>\n","protected":false},"author":1,"featured_media":8645,"comment_status":"open","ping_status":"closed","sticky":false,"template":"","format":"standard","meta":{"_bbp_topic_count":0,"_bbp_reply_count":0,"_bbp_total_topic_count":0,"_bbp_total_reply_count":0,"_bbp_voice_count":0,"_bbp_anonymous_reply_count":0,"_bbp_topic_count_hidden":0,"_bbp_reply_count_hidden":0,"_bbp_forum_subforum_count":0,"footnotes":""},"categories":[308,1],"tags":[287],"class_list":["post-8643","post","type-post","status-publish","format-standard","has-post-thumbnail","hentry","category-accions-dentorn","category-general","tag-accions-dentorn"],"post_mailing_queue_ids":[],"_links":{"self":[{"href":"https:\/\/projectes.xtec.cat\/internacional\/wp-json\/wp\/v2\/posts\/8643","targetHints":{"allow":["GET"]}}],"collection":[{"href":"https:\/\/projectes.xtec.cat\/internacional\/wp-json\/wp\/v2\/posts"}],"about":[{"href":"https:\/\/projectes.xtec.cat\/internacional\/wp-json\/wp\/v2\/types\/post"}],"author":[{"embeddable":true,"href":"https:\/\/projectes.xtec.cat\/internacional\/wp-json\/wp\/v2\/users\/1"}],"replies":[{"embeddable":true,"href":"https:\/\/projectes.xtec.cat\/internacional\/wp-json\/wp\/v2\/comments?post=8643"}],"version-history":[{"count":3,"href":"https:\/\/projectes.xtec.cat\/internacional\/wp-json\/wp\/v2\/posts\/8643\/revisions"}],"predecessor-version":[{"id":9513,"href":"https:\/\/projectes.xtec.cat\/internacional\/wp-json\/wp\/v2\/posts\/8643\/revisions\/9513"}],"wp:featuredmedia":[{"embeddable":true,"href":"https:\/\/projectes.xtec.cat\/internacional\/wp-json\/wp\/v2\/media\/8645"}],"wp:attachment":[{"href":"https:\/\/projectes.xtec.cat\/internacional\/wp-json\/wp\/v2\/media?parent=8643"}],"wp:term":[{"taxonomy":"category","embeddable":true,"href":"https:\/\/projectes.xtec.cat\/internacional\/wp-json\/wp\/v2\/categories?post=8643"},{"taxonomy":"post_tag","embeddable":true,"href":"https:\/\/projectes.xtec.cat\/internacional\/wp-json\/wp\/v2\/tags?post=8643"}],"curies":[{"name":"wp","href":"https:\/\/api.w.org\/{rel}","templated":true}]}}