{"id":8834,"date":"2020-04-29T17:54:36","date_gmt":"2020-04-29T15:54:36","guid":{"rendered":"http:\/\/projectes.xtec.cat\/internacional\/?p=8834"},"modified":"2020-05-18T18:09:00","modified_gmt":"2020-05-18T16:09:00","slug":"actualitzacio-de-la-situacio-covid-19-i-erasmus","status":"publish","type":"post","link":"https:\/\/projectes.xtec.cat\/internacional\/general\/actualitzacio-de-la-situacio-covid-19-i-erasmus\/","title":{"rendered":"Actualitzaci\u00f3 de la situaci\u00f3 Covid-19 i Erasmus+"},"content":{"rendered":"<p>El Sepie ha publicat un nou comunicat sobre la situaci\u00f3 actual dels projectes Erasmus+ a tota Europa.<\/p>\n<p>Trobareu tota la informaci\u00f3 a <a href=\"http:\/\/sepie.es\/doc\/comunicacion\/prensa\/2020\/Coronavirus_29042020.pdf\" target=\"_blank\" rel=\"noopener noreferrer\">http:\/\/sepie.es\/doc\/comunicacion\/prensa\/2020\/Coronavirus_29042020.pdf<\/a><\/p>\n<p>&nbsp;<\/p>\n<p><a href=\"https:\/\/projectes.xtec.cat\/internacional\/wp-content\/uploads\/usu1767\/2020\/04\/Screen-Shot-2020-04-29-at-17.49.02.png\"><br \/>\n<img loading=\"lazy\" decoding=\"async\" class=\" wp-image-8837 aligncenter\" src=\"https:\/\/projectes.xtec.cat\/internacional\/wp-content\/uploads\/usu1767\/2020\/04\/Screen-Shot-2020-04-29-at-17.49.02-1024x663.png\" alt=\"\" width=\"716\" height=\"464\" srcset=\"https:\/\/projectes.xtec.cat\/internacional\/wp-content\/uploads\/usu1767\/2020\/04\/Screen-Shot-2020-04-29-at-17.49.02-1024x663.png 1024w, https:\/\/projectes.xtec.cat\/internacional\/wp-content\/uploads\/usu1767\/2020\/04\/Screen-Shot-2020-04-29-at-17.49.02-300x194.png 300w, https:\/\/projectes.xtec.cat\/internacional\/wp-content\/uploads\/usu1767\/2020\/04\/Screen-Shot-2020-04-29-at-17.49.02-768x497.png 768w, https:\/\/projectes.xtec.cat\/internacional\/wp-content\/uploads\/usu1767\/2020\/04\/Screen-Shot-2020-04-29-at-17.49.02.png 1674w\" sizes=\"auto, (max-width: 716px) 100vw, 716px\" \/><\/a><\/p>\n","protected":false},"excerpt":{"rendered":"<p>El Sepie ha publicat un nou comunicat sobre la situaci\u00f3 actual dels projectes Erasmus+ a tota Europa.<br \/>\nTrobareu tota la informaci\u00f3 a <a href=\"http:\/\/sepie.es\/doc\/comunicacion\/prensa\/2020\/Coronavirus_29042020.pdf\" target=\"_blank\" rel=\"noopener noreferrer\">http:\/\/sepie.es\/doc\/comunicacion\/prensa\/2020\/Coronavirus_29042020.pdf<\/a><br \/>\n&nbsp;<br \/>\n<a href=\"https:\/\/projectes.xtec.cat\/internacional\/wp-content\/uploads\/usu1767\/2020\/04\/Screen-Shot-2020-04-29-at-17.49.02.png\"><br \/>\n<\/a><\/p>\n","protected":false},"author":1,"featured_media":0,"comment_status":"open","ping_status":"closed","sticky":false,"template":"","format":"standard","meta":{"_bbp_topic_count":0,"_bbp_reply_count":0,"_bbp_total_topic_count":0,"_bbp_total_reply_count":0,"_bbp_voice_count":0,"_bbp_anonymous_reply_count":0,"_bbp_topic_count_hidden":0,"_bbp_reply_count_hidden":0,"_bbp_forum_subforum_count":0,"footnotes":""},"categories":[290,1,29],"tags":[292,294],"class_list":["post-8834","post","type-post","status-publish","format-standard","hentry","category-erasmus-i-el-covid-19","category-general","category-portada","tag-erasmus-i-el-covid-19","tag-sepie"],"post_mailing_queue_ids":[],"_links":{"self":[{"href":"https:\/\/projectes.xtec.cat\/internacional\/wp-json\/wp\/v2\/posts\/8834","targetHints":{"allow":["GET"]}}],"collection":[{"href":"https:\/\/projectes.xtec.cat\/internacional\/wp-json\/wp\/v2\/posts"}],"about":[{"href":"https:\/\/projectes.xtec.cat\/internacional\/wp-json\/wp\/v2\/types\/post"}],"author":[{"embeddable":true,"href":"https:\/\/projectes.xtec.cat\/internacional\/wp-json\/wp\/v2\/users\/1"}],"replies":[{"embeddable":true,"href":"https:\/\/projectes.xtec.cat\/internacional\/wp-json\/wp\/v2\/comments?post=8834"}],"version-history":[{"count":1,"href":"https:\/\/projectes.xtec.cat\/internacional\/wp-json\/wp\/v2\/posts\/8834\/revisions"}],"predecessor-version":[{"id":8840,"href":"https:\/\/projectes.xtec.cat\/internacional\/wp-json\/wp\/v2\/posts\/8834\/revisions\/8840"}],"wp:attachment":[{"href":"https:\/\/projectes.xtec.cat\/internacional\/wp-json\/wp\/v2\/media?parent=8834"}],"wp:term":[{"taxonomy":"category","embeddable":true,"href":"https:\/\/projectes.xtec.cat\/internacional\/wp-json\/wp\/v2\/categories?post=8834"},{"taxonomy":"post_tag","embeddable":true,"href":"https:\/\/projectes.xtec.cat\/internacional\/wp-json\/wp\/v2\/tags?post=8834"}],"curies":[{"name":"wp","href":"https:\/\/api.w.org\/{rel}","templated":true}]}}