{"id":9241,"date":"2020-05-13T12:43:11","date_gmt":"2020-05-13T10:43:11","guid":{"rendered":"http:\/\/projectes.xtec.cat\/internacional\/?p=9241"},"modified":"2020-07-08T11:55:16","modified_gmt":"2020-07-08T09:55:16","slug":"r4h-restaurant4homeless","status":"publish","type":"post","link":"https:\/\/projectes.xtec.cat\/internacional\/general\/r4h-restaurant4homeless\/","title":{"rendered":"R4H: Restaurant4Homeless"},"content":{"rendered":"<p><a href=\"https:\/\/projectes.xtec.cat\/internacional\/wp-content\/uploads\/usu1767\/2020\/05\/R4H-Stayathome.png\"><img loading=\"lazy\" decoding=\"async\" class=\"alignleft wp-image-9242 size-medium\" src=\"https:\/\/projectes.xtec.cat\/internacional\/wp-content\/uploads\/usu1767\/2020\/05\/R4H-Stayathome-231x300.png\" alt=\"Infografia amb informaci\u00f3 del projecte\" width=\"231\" height=\"300\" srcset=\"https:\/\/projectes.xtec.cat\/internacional\/wp-content\/uploads\/usu1767\/2020\/05\/R4H-Stayathome-231x300.png 231w, https:\/\/projectes.xtec.cat\/internacional\/wp-content\/uploads\/usu1767\/2020\/05\/R4H-Stayathome.png 409w\" sizes=\"auto, (max-width: 231px) 100vw, 231px\" \/><\/a><\/p>\n<p>&nbsp;<\/p>\n<p>La M.Isabel Vila Figueroa, docent de l\u2019<strong>Institut Ronda<\/strong> de <strong>Lleida<\/strong> ens proposa aquest projecte que est\u00e0 duent a terme amb el seu alumnat del\u00a0 CFGS d\u2019Integraci\u00f3 Social.<\/p>\n<p><em>&#8220;&#8230;activitats de reflexi\u00f3 orientades a com la COVID-19 est\u00e0 determinant la vida de les persones m\u00e9s vulnerables de la nostra societat.&#8221;<\/em><\/p>\n<p>&nbsp;<\/p>\n<p>&nbsp;<\/p>\n<p>&nbsp;<\/p>\n<p>&nbsp;<\/p>\n<p>\u201cDes del Cicle Formatiu de Grau Superior de l\u2019Institut Ronda, estem treballant en aquest projecte d\u2019inclusi\u00f3 social amb l\u2019objectiu de fer visible un col\u00b7lectiu que moltes vegades \u00e9s invisible, les persones sense sostre i sense casa,\u00a0 i\u00a0 promoure iniciatives encaminades a la seva\u00a0 inserci\u00f3 sociolaboral.<\/p>\n<p>El tema del projecte i l\u2019especial incid\u00e8ncia de la situaci\u00f3 actual en aquest grup d\u2019intervenci\u00f3, ens ha conduit a activitats de reflexi\u00f3 orientades a com la COVID-19 est\u00e0 determinant la vida de les persones m\u00e9s vulnerables de la nostra societat. Pensem que \u00e9s una bona manera de relacionar la nostra viv\u00e8ncia personal de la realitat actual amb la tem\u00e0tica de treball, connectar amb les emocions d\u2019aquestes persones, i relacionar-ho tot amb la proposta del projecte.<\/p>\n<p>Les compet\u00e8ncies treballades son:\u00a0 Comunicaci\u00f3 en llengua estrangera i llengua materna, compet\u00e8ncia digital, aprendre a aprendre, compet\u00e8ncies interpersonals, interculturals i socials, compet\u00e8ncia c\u00edvica, emprenedoria i expressi\u00f3 cultural.\u201d<\/p>\n<p>&nbsp;<\/p>\n<p>Twinspace del projecte: <a href=\"https:\/\/twinspace.etwinning.net\/92651\">https:\/\/twinspace.etwinning.net\/92651<\/a><\/p>\n","protected":false},"excerpt":{"rendered":"<p><a href=\"https:\/\/projectes.xtec.cat\/internacional\/wp-content\/uploads\/usu1767\/2020\/05\/R4H-Stayathome.png\"><\/a><br \/>\n&nbsp;<br \/>\nLa M.Isabel Vila Figueroa, docent de l\u2019Institut Ronda de Lleida ens proposa aquest projecte que est\u00e0 duent a terme amb el seu alumnat del\u00a0 CFGS d\u2019Integraci\u00f3 Social.<br \/>\n&#8220;&#8230;activitats de reflexi\u00f3 orientades a com la COVID-19 est\u00e0 determinant la vida de les persones m\u00e9s vulnerables de&hellip;  <a href=\"https:\/\/projectes.xtec.cat\/internacional\/general\/r4h-restaurant4homeless\/\" title=\"Read R4H: Restaurant4Homeless\">Llegeix m\u00e9s\u00bb<\/a><\/p>\n","protected":false},"author":1,"featured_media":9242,"comment_status":"open","ping_status":"closed","sticky":false,"template":"","format":"standard","meta":{"_bbp_topic_count":0,"_bbp_reply_count":0,"_bbp_total_topic_count":0,"_bbp_total_reply_count":0,"_bbp_voice_count":0,"_bbp_anonymous_reply_count":0,"_bbp_topic_count_hidden":0,"_bbp_reply_count_hidden":0,"_bbp_forum_subforum_count":0,"footnotes":""},"categories":[295,298,1,299],"tags":[301,302,300],"class_list":["post-9241","post","type-post","status-publish","format-standard","has-post-thumbnail","hentry","category-etwinning","category-etwinning-projectes-des-de-casa","category-general","category-projectes","tag-etwinning","tag-etwinning-projectes-des-de-casa","tag-joemquedoacasa"],"post_mailing_queue_ids":[],"_links":{"self":[{"href":"https:\/\/projectes.xtec.cat\/internacional\/wp-json\/wp\/v2\/posts\/9241","targetHints":{"allow":["GET"]}}],"collection":[{"href":"https:\/\/projectes.xtec.cat\/internacional\/wp-json\/wp\/v2\/posts"}],"about":[{"href":"https:\/\/projectes.xtec.cat\/internacional\/wp-json\/wp\/v2\/types\/post"}],"author":[{"embeddable":true,"href":"https:\/\/projectes.xtec.cat\/internacional\/wp-json\/wp\/v2\/users\/1"}],"replies":[{"embeddable":true,"href":"https:\/\/projectes.xtec.cat\/internacional\/wp-json\/wp\/v2\/comments?post=9241"}],"version-history":[{"count":4,"href":"https:\/\/projectes.xtec.cat\/internacional\/wp-json\/wp\/v2\/posts\/9241\/revisions"}],"predecessor-version":[{"id":9872,"href":"https:\/\/projectes.xtec.cat\/internacional\/wp-json\/wp\/v2\/posts\/9241\/revisions\/9872"}],"wp:featuredmedia":[{"embeddable":true,"href":"https:\/\/projectes.xtec.cat\/internacional\/wp-json\/wp\/v2\/media\/9242"}],"wp:attachment":[{"href":"https:\/\/projectes.xtec.cat\/internacional\/wp-json\/wp\/v2\/media?parent=9241"}],"wp:term":[{"taxonomy":"category","embeddable":true,"href":"https:\/\/projectes.xtec.cat\/internacional\/wp-json\/wp\/v2\/categories?post=9241"},{"taxonomy":"post_tag","embeddable":true,"href":"https:\/\/projectes.xtec.cat\/internacional\/wp-json\/wp\/v2\/tags?post=9241"}],"curies":[{"name":"wp","href":"https:\/\/api.w.org\/{rel}","templated":true}]}}