{"id":9262,"date":"2020-05-13T17:21:07","date_gmt":"2020-05-13T15:21:07","guid":{"rendered":"http:\/\/projectes.xtec.cat\/internacional\/?p=9262"},"modified":"2020-07-08T11:54:02","modified_gmt":"2020-07-08T09:54:02","slug":"climate-change-is-a-political-choice","status":"publish","type":"post","link":"https:\/\/projectes.xtec.cat\/internacional\/etwinning\/climate-change-is-a-political-choice\/","title":{"rendered":"Climate change is a political choice"},"content":{"rendered":"<p><a href=\"https:\/\/projectes.xtec.cat\/internacional\/wp-content\/uploads\/usu1767\/2020\/05\/unnamed.png\"><img loading=\"lazy\" decoding=\"async\" class=\"alignleft wp-image-9266 size-medium\" src=\"https:\/\/projectes.xtec.cat\/internacional\/wp-content\/uploads\/usu1767\/2020\/05\/unnamed-300x156.png\" alt=\"Pantalla d'ordinador d'una trobada amb 33 participants\" width=\"300\" height=\"156\" srcset=\"https:\/\/projectes.xtec.cat\/internacional\/wp-content\/uploads\/usu1767\/2020\/05\/unnamed-300x156.png 300w, https:\/\/projectes.xtec.cat\/internacional\/wp-content\/uploads\/usu1767\/2020\/05\/unnamed-768x399.png 768w, https:\/\/projectes.xtec.cat\/internacional\/wp-content\/uploads\/usu1767\/2020\/05\/unnamed-1024x532.png 1024w, https:\/\/projectes.xtec.cat\/internacional\/wp-content\/uploads\/usu1767\/2020\/05\/unnamed.png 1539w\" sizes=\"auto, (max-width: 300px) 100vw, 300px\" \/><\/a><\/p>\n<p>La Marta Pey i la Pepi Andreu, professores de <strong>l\u2019Institut Jaume Call\u00eds<\/strong> de <strong>Vic<\/strong>, ens comparteixen aquest projecte internacional (Catalunya, Turquia, Gr\u00e8cia i Portugal) sobre la pol\u00edtica del canvi clim\u00e0tic, que estan duent a terme amb alumnes de 15-17 anys.<\/p>\n<p>En el centre catal\u00e0, el projecte est\u00e0 \u00a0integrat a l\u2019\u00e0rea de llengua anglesa de 4t ESO. A Turquia i a Gr\u00e8cia tamb\u00e9 integrat a l\u2019\u00e0rea de llengua anglesa i a Portugal a les \u00e0rees de ciutadania i ci\u00e8ncies.<\/p>\n<p>&nbsp;<\/p>\n<p>Aquests s\u00f3n els altres centres que participen en el projecte:<br \/>\n&#8211; Vali Muammer G\u00fcler Sosyal Bilimler Lisesi, Istambul (Turquia)<br \/>\n&#8211; Piramatiko Geniko Likio Rethimnou Panepistimiou Kritis, Rethymno, Creta (Gr\u00e8cia)<br \/>\n&#8211; Escola Secund\u00e1ria Afonso de Albuquerque, Guarda (Portugal)<br \/>\nDescripci\u00f3:<\/p>\n<p>EL projecte estava inicialment planificat per portar-lo a terme durant el curs lectiu 2019-20, dividit en tres parts diferenciades: 1. Presentacions, 2. Aprendre sobre el canvi clim\u00e0tic i 3. Simulaci\u00f3 d\u2019una cimera sobre el canvi clim\u00e0tic.<\/p>\n<p>A causa de la situaci\u00f3 de tancament de centres en els 4 pa\u00efsos i el canvi a l\u2019ensenyament remot, i especialment a l\u2019acompanyament als alumnes necessari\u00a0 degut a la dificultat en les activitats previstes en l\u2019apartat 3: an\u00e0lisi de discursos pol\u00edtics, redacci\u00f3 de textos persuasius i t\u00e8cniques d\u2019orat\u00f2ria, es va prendre la decisi\u00f3 d\u2019allargar un any m\u00e9s el projecte.<\/p>\n<p>Mentrestant, durant aquests mesos de confinament, els alumnes han anat acabant les tasques previstes de l\u2019apartat 2 des de casa, sempre amb la supervisi\u00f3 dels seus professors. Tamb\u00e9 es va realitzar una trobada online amb alumnes representants de cada pa\u00eds, en la qual, es va compartir i parlar sobre la situaci\u00f3 en cada pa\u00eds i escola, van compartir com se sentien (amb l\u2019eina web Mentimeter) i es va debatre sobre la relaci\u00f3 entre l\u2019actual crisi del CODVID-19 i el canvi clim\u00e0tic (veure link a la presentaci\u00f3). Els alumnes i docents estan ara realitzant una avaluaci\u00f3 sobre el primer any de projecte, per tal de poder reflexionar sobre el que hem estat fent b\u00e9 i el que cal millorar, i tamb\u00e9 per avaluar l\u2019assoliment dels objectius i\u00a0 compet\u00e8ncies previstes.<\/p>\n<p>Enlla\u00e7os:<\/p>\n<p>twinspace p\u00fablic: <a href=\"https:\/\/twinspace.etwinning.net\/93164\/home\">https:\/\/twinspace.etwinning.net\/93164\/home<\/a><\/p>\n<p>web del projecte (en construcci\u00f3): <a href=\"https:\/\/sites.google.com\/aeaag.pt\/etwinningproject\/home?authuser=0\">https:\/\/sites.google.com\/aeaag.pt\/etwinningproject\/home?authuser=0<\/a><\/p>\n<p>Presentaci\u00f3 en un webinar organitzat per eTwinning Espa\u00f1a (en castell\u00e0): <a href=\"https:\/\/bit.ly\/2SXGKpg\">https:\/\/bit.ly\/2SXGKpg<\/a><\/p>\n<p>Presentaci\u00f3 utilitzada en la sessi\u00f3 online durant el confinament: <a href=\"https:\/\/bit.ly\/2WraqgJ\">https:\/\/bit.ly\/2WraqgJ<\/a><\/p>\n<p>&nbsp;<\/p>\n<p>&nbsp;<\/p>\n","protected":false},"excerpt":{"rendered":"<p><a href=\"https:\/\/projectes.xtec.cat\/internacional\/wp-content\/uploads\/usu1767\/2020\/05\/unnamed.png\"><\/a><br \/>\nLa Marta Pey i la Pepi Andreu, professores de l\u2019Institut Jaume Call\u00eds de Vic, ens comparteixen aquest projecte internacional (Catalunya, Turquia, Gr\u00e8cia i Portugal) sobre la pol\u00edtica del canvi clim\u00e0tic, que estan duent a terme amb alumnes de 15-17 anys.<br \/>\nEn el centre catal\u00e0, el&hellip;  <a href=\"https:\/\/projectes.xtec.cat\/internacional\/etwinning\/climate-change-is-a-political-choice\/\" title=\"Read Climate change is a political choice\">Llegeix m\u00e9s\u00bb<\/a><\/p>\n","protected":false},"author":1,"featured_media":9266,"comment_status":"open","ping_status":"closed","sticky":false,"template":"","format":"standard","meta":{"_bbp_topic_count":0,"_bbp_reply_count":0,"_bbp_total_topic_count":0,"_bbp_total_reply_count":0,"_bbp_voice_count":0,"_bbp_anonymous_reply_count":0,"_bbp_topic_count_hidden":0,"_bbp_reply_count_hidden":0,"_bbp_forum_subforum_count":0,"footnotes":""},"categories":[295,298,299],"tags":[301,302,300],"class_list":["post-9262","post","type-post","status-publish","format-standard","has-post-thumbnail","hentry","category-etwinning","category-etwinning-projectes-des-de-casa","category-projectes","tag-etwinning","tag-etwinning-projectes-des-de-casa","tag-joemquedoacasa"],"post_mailing_queue_ids":[],"_links":{"self":[{"href":"https:\/\/projectes.xtec.cat\/internacional\/wp-json\/wp\/v2\/posts\/9262","targetHints":{"allow":["GET"]}}],"collection":[{"href":"https:\/\/projectes.xtec.cat\/internacional\/wp-json\/wp\/v2\/posts"}],"about":[{"href":"https:\/\/projectes.xtec.cat\/internacional\/wp-json\/wp\/v2\/types\/post"}],"author":[{"embeddable":true,"href":"https:\/\/projectes.xtec.cat\/internacional\/wp-json\/wp\/v2\/users\/1"}],"replies":[{"embeddable":true,"href":"https:\/\/projectes.xtec.cat\/internacional\/wp-json\/wp\/v2\/comments?post=9262"}],"version-history":[{"count":3,"href":"https:\/\/projectes.xtec.cat\/internacional\/wp-json\/wp\/v2\/posts\/9262\/revisions"}],"predecessor-version":[{"id":9871,"href":"https:\/\/projectes.xtec.cat\/internacional\/wp-json\/wp\/v2\/posts\/9262\/revisions\/9871"}],"wp:featuredmedia":[{"embeddable":true,"href":"https:\/\/projectes.xtec.cat\/internacional\/wp-json\/wp\/v2\/media\/9266"}],"wp:attachment":[{"href":"https:\/\/projectes.xtec.cat\/internacional\/wp-json\/wp\/v2\/media?parent=9262"}],"wp:term":[{"taxonomy":"category","embeddable":true,"href":"https:\/\/projectes.xtec.cat\/internacional\/wp-json\/wp\/v2\/categories?post=9262"},{"taxonomy":"post_tag","embeddable":true,"href":"https:\/\/projectes.xtec.cat\/internacional\/wp-json\/wp\/v2\/tags?post=9262"}],"curies":[{"name":"wp","href":"https:\/\/api.w.org\/{rel}","templated":true}]}}