{"id":9275,"date":"2020-05-13T18:02:28","date_gmt":"2020-05-13T16:02:28","guid":{"rendered":"http:\/\/projectes.xtec.cat\/internacional\/?p=9275"},"modified":"2020-07-08T12:21:25","modified_gmt":"2020-07-08T10:21:25","slug":"auxiliars-des-de-casa-recull-dactivitats","status":"publish","type":"post","link":"https:\/\/projectes.xtec.cat\/internacional\/auxiliars-de-conversa\/auxiliars-des-de-casa-recull-dactivitats\/","title":{"rendered":"Compartim m\u00e9s activitats d&#8217;auxiliars de conversa al padlet"},"content":{"rendered":"<p>Els auxiliars de conversa acaben la seva col\u00b7laboraci\u00f3 amb els centres a finals de maig, per\u00f2 tot el que hem treballat junts quedar\u00e0 als nostres centres. Hem iniciat un <a href=\"https:\/\/padlet.com\/emontser\/zj3h0go4ptvgoa1t\" target=\"_blank\" rel=\"noopener noreferrer\">padlet<\/a> per recollir les activitats, idees, imatges, apps&#8230; tot el que els tutors i tutores d&#8217;auxiliars de conversa creieu que pot ser interessant per <span style=\"font-family: inherit; font-size: 1em;\">aquests dies. En aquesta p\u00e0gina web tamb\u00e9 hi ha un petit recull de les activitats que els auxiliars han presentat als coordinadors de lleng\u00fces estrangeres. Gr\u00e0cies per la vostra col\u00b7laboraci\u00f3 i esperem m\u00e9s idees!<\/span><\/p>\n<p><a href=\"https:\/\/padlet.com\/emontser\/zj3h0go4ptvgoa1t\"><img loading=\"lazy\" decoding=\"async\" class=\"alignnone wp-image-9276 size-large\" src=\"https:\/\/projectes.xtec.cat\/internacional\/wp-content\/uploads\/usu1767\/2020\/05\/Captura-de-Pantalla-2020-05-13-a-les-18.01.17-1024x498.png\" alt=\"Padlet amb les activitats proposades\" width=\"1024\" height=\"498\" \/><\/a><\/p>\n","protected":false},"excerpt":{"rendered":"<p>Els auxiliars de conversa acaben la seva col\u00b7laboraci\u00f3 amb els centres a finals de maig, per\u00f2 tot el que hem treballat junts quedar\u00e0 als nostres centres. Hem iniciat un <a href=\"https:\/\/padlet.com\/emontser\/zj3h0go4ptvgoa1t\" target=\"_blank\" rel=\"noopener noreferrer\">padlet<\/a> per recollir les activitats, idees, imatges, apps&#8230; tot el que els&hellip;  <a href=\"https:\/\/projectes.xtec.cat\/internacional\/auxiliars-de-conversa\/auxiliars-des-de-casa-recull-dactivitats\/\" title=\"Read Compartim m\u00e9s activitats d&#8217;auxiliars de conversa al padlet\">Llegeix m\u00e9s\u00bb<\/a><\/p>\n","protected":false},"author":1,"featured_media":0,"comment_status":"open","ping_status":"closed","sticky":false,"template":"","format":"standard","meta":{"_bbp_topic_count":0,"_bbp_reply_count":0,"_bbp_total_topic_count":0,"_bbp_total_reply_count":0,"_bbp_voice_count":0,"_bbp_anonymous_reply_count":0,"_bbp_topic_count_hidden":0,"_bbp_reply_count_hidden":0,"_bbp_forum_subforum_count":0,"footnotes":""},"categories":[289,303],"tags":[],"class_list":["post-9275","post","type-post","status-publish","format-standard","hentry","category-auxiliars-de-conversa","category-noticies-dauxiliars"],"post_mailing_queue_ids":[],"_links":{"self":[{"href":"https:\/\/projectes.xtec.cat\/internacional\/wp-json\/wp\/v2\/posts\/9275","targetHints":{"allow":["GET"]}}],"collection":[{"href":"https:\/\/projectes.xtec.cat\/internacional\/wp-json\/wp\/v2\/posts"}],"about":[{"href":"https:\/\/projectes.xtec.cat\/internacional\/wp-json\/wp\/v2\/types\/post"}],"author":[{"embeddable":true,"href":"https:\/\/projectes.xtec.cat\/internacional\/wp-json\/wp\/v2\/users\/1"}],"replies":[{"embeddable":true,"href":"https:\/\/projectes.xtec.cat\/internacional\/wp-json\/wp\/v2\/comments?post=9275"}],"version-history":[{"count":4,"href":"https:\/\/projectes.xtec.cat\/internacional\/wp-json\/wp\/v2\/posts\/9275\/revisions"}],"predecessor-version":[{"id":9879,"href":"https:\/\/projectes.xtec.cat\/internacional\/wp-json\/wp\/v2\/posts\/9275\/revisions\/9879"}],"wp:attachment":[{"href":"https:\/\/projectes.xtec.cat\/internacional\/wp-json\/wp\/v2\/media?parent=9275"}],"wp:term":[{"taxonomy":"category","embeddable":true,"href":"https:\/\/projectes.xtec.cat\/internacional\/wp-json\/wp\/v2\/categories?post=9275"},{"taxonomy":"post_tag","embeddable":true,"href":"https:\/\/projectes.xtec.cat\/internacional\/wp-json\/wp\/v2\/tags?post=9275"}],"curies":[{"name":"wp","href":"https:\/\/api.w.org\/{rel}","templated":true}]}}