{"id":9385,"date":"2020-05-15T19:02:14","date_gmt":"2020-05-15T17:02:14","guid":{"rendered":"http:\/\/projectes.xtec.cat\/internacional\/?p=9385"},"modified":"2020-07-08T11:34:05","modified_gmt":"2020-07-08T09:34:05","slug":"towards-the-earths-day","status":"publish","type":"post","link":"https:\/\/projectes.xtec.cat\/internacional\/general\/towards-the-earths-day\/","title":{"rendered":"Towards the Earth\u2019s Day"},"content":{"rendered":"<p><a href=\"https:\/\/projectes.xtec.cat\/internacional\/wp-content\/uploads\/usu1767\/2020\/05\/Earths-day.jpg\"><img loading=\"lazy\" decoding=\"async\" class=\"alignleft wp-image-9386 size-medium\" src=\"https:\/\/projectes.xtec.cat\/internacional\/wp-content\/uploads\/usu1767\/2020\/05\/Earths-day-300x300.jpg\" alt=\"Dibuix d'unes mans aguantant el planeta terra\" width=\"300\" height=\"300\" srcset=\"https:\/\/projectes.xtec.cat\/internacional\/wp-content\/uploads\/usu1767\/2020\/05\/Earths-day-300x300.jpg 300w, https:\/\/projectes.xtec.cat\/internacional\/wp-content\/uploads\/usu1767\/2020\/05\/Earths-day-150x150.jpg 150w, https:\/\/projectes.xtec.cat\/internacional\/wp-content\/uploads\/usu1767\/2020\/05\/Earths-day-768x768.jpg 768w, https:\/\/projectes.xtec.cat\/internacional\/wp-content\/uploads\/usu1767\/2020\/05\/Earths-day-1024x1024.jpg 1024w, https:\/\/projectes.xtec.cat\/internacional\/wp-content\/uploads\/usu1767\/2020\/05\/Earths-day.jpg 1920w\" sizes=\"auto, (max-width: 300px) 100vw, 300px\" \/><\/a><\/p>\n<p>&nbsp;<\/p>\n<p>La Silvia Maym\u00f3, docent de l\u2019<strong>Institut Ferran Tallada<\/strong> de <strong>Barcelona,<\/strong> ens proposa aquest projecte que est\u00e0 duent a terme juntament amb docents del <strong>Pa\u00eds Basc<\/strong> i de <strong>Pol\u00f2nia<\/strong> i amb alumnat de secund\u00e0ria.<\/p>\n<p>&nbsp;<\/p>\n<p>\u00c9s un projecte curt, centrat en el Dia de la Terra (22 d\u2019abril), que es va iniciar precisament la setmana que es va decretar el confinament.<\/p>\n<p>&nbsp;<\/p>\n<p>&nbsp;<\/p>\n<p>&nbsp;<\/p>\n<p>Aquests s\u00f3n la resta de docents que participen en el projecte:<br \/>\nAntonio Villanueva, de l\u2019IES Botikazar BHI, Bilbao, Espa\u00f1a.<br \/>\nDanuta Adamek &#8211; Ko\u0142aci\u0144ska, de II L. O. Miko\u0142aja Kopernika, Leszno, Pol\u00f2nia.<\/p>\n<p>&nbsp;<\/p>\n<p><a href=\"https:\/\/projectes.xtec.cat\/internacional\/wp-content\/uploads\/usu1767\/2020\/05\/Towards-the-earths-day.jpg\"><img loading=\"lazy\" decoding=\"async\" class=\"size-medium wp-image-9387 alignleft\" src=\"https:\/\/projectes.xtec.cat\/internacional\/wp-content\/uploads\/usu1767\/2020\/05\/Towards-the-earths-day-150x300.jpg\" alt=\"\" width=\"150\" height=\"300\" srcset=\"https:\/\/projectes.xtec.cat\/internacional\/wp-content\/uploads\/usu1767\/2020\/05\/Towards-the-earths-day-150x300.jpg 150w, https:\/\/projectes.xtec.cat\/internacional\/wp-content\/uploads\/usu1767\/2020\/05\/Towards-the-earths-day.jpg 200w\" sizes=\"auto, (max-width: 150px) 100vw, 150px\" \/><\/a><\/p>\n<p>La idea fonamental \u00e9s posar en contacte l\u2019alumnat participant per tal que \u00a0comparteixin, analitzin i debatin les accions \u2013 personals i d\u2019escola &#8211; que duen a terme per \u00a0tal de contribuir a la preservaci\u00f3 i millora del medi. \u00a0S\u2019espera\u00a0 aix\u00ed\u00a0 que, fruit de l\u2019intercanvi, \u00a0s\u2019adoptin nous h\u00e0bits sostenibles.<\/p>\n<p>D\u2019altra banda s\u2019ha fet una activitat entorn de l\u2019hora del planeta (27 de mar\u00e7), presentacions dels centres i ciutats i, al diari\u00a0 del projecte, els participants deixen impressions sobre com viuen el confinament.<\/p>\n<p>Es treballa en equips internacionals que s\u2019organitzen en grups de discussi\u00f3 al F\u00f2rum. La major part del treball es far\u00e0 p\u00fablica i disponible per a consulta.<\/p>\n<p>El repte final consisteix en la redacci\u00f3 i publicaci\u00f3 d\u2019un manifest consensuat conjunt que ser\u00e0 presentat \u00a0a tots els centres.<\/p>\n<p>&nbsp;<\/p>\n<p>&nbsp;<\/p>\n<p>Enlla\u00e7 al twinspace del projecte: <a href=\"https:\/\/twinspace.etwinning.net\/112451\">https:\/\/twinspace.etwinning.net\/112451<\/a><\/p>\n<p>&nbsp;<\/p>\n<p>&nbsp;<\/p>\n","protected":false},"excerpt":{"rendered":"<p><a href=\"https:\/\/projectes.xtec.cat\/internacional\/wp-content\/uploads\/usu1767\/2020\/05\/Earths-day.jpg\"><\/a><br \/>\n&nbsp;<br \/>\nLa Silvia Maym\u00f3, docent de l\u2019Institut Ferran Tallada de Barcelona, ens proposa aquest projecte que est\u00e0 duent a terme juntament amb docents del Pa\u00eds Basc i de Pol\u00f2nia i amb alumnat de secund\u00e0ria.<br \/>\n&nbsp;<br \/>\n\u00c9s un projecte curt, centrat en el Dia de la Terra (22&hellip;  <a href=\"https:\/\/projectes.xtec.cat\/internacional\/general\/towards-the-earths-day\/\" title=\"Read Towards the Earth\u2019s Day\">Llegeix m\u00e9s\u00bb<\/a><\/p>\n","protected":false},"author":1,"featured_media":9386,"comment_status":"open","ping_status":"closed","sticky":false,"template":"","format":"standard","meta":{"_bbp_topic_count":0,"_bbp_reply_count":0,"_bbp_total_topic_count":0,"_bbp_total_reply_count":0,"_bbp_voice_count":0,"_bbp_anonymous_reply_count":0,"_bbp_topic_count_hidden":0,"_bbp_reply_count_hidden":0,"_bbp_forum_subforum_count":0,"footnotes":""},"categories":[295,298,1,299],"tags":[301,302,300],"class_list":["post-9385","post","type-post","status-publish","format-standard","has-post-thumbnail","hentry","category-etwinning","category-etwinning-projectes-des-de-casa","category-general","category-projectes","tag-etwinning","tag-etwinning-projectes-des-de-casa","tag-joemquedoacasa"],"post_mailing_queue_ids":[],"_links":{"self":[{"href":"https:\/\/projectes.xtec.cat\/internacional\/wp-json\/wp\/v2\/posts\/9385","targetHints":{"allow":["GET"]}}],"collection":[{"href":"https:\/\/projectes.xtec.cat\/internacional\/wp-json\/wp\/v2\/posts"}],"about":[{"href":"https:\/\/projectes.xtec.cat\/internacional\/wp-json\/wp\/v2\/types\/post"}],"author":[{"embeddable":true,"href":"https:\/\/projectes.xtec.cat\/internacional\/wp-json\/wp\/v2\/users\/1"}],"replies":[{"embeddable":true,"href":"https:\/\/projectes.xtec.cat\/internacional\/wp-json\/wp\/v2\/comments?post=9385"}],"version-history":[{"count":3,"href":"https:\/\/projectes.xtec.cat\/internacional\/wp-json\/wp\/v2\/posts\/9385\/revisions"}],"predecessor-version":[{"id":9867,"href":"https:\/\/projectes.xtec.cat\/internacional\/wp-json\/wp\/v2\/posts\/9385\/revisions\/9867"}],"wp:featuredmedia":[{"embeddable":true,"href":"https:\/\/projectes.xtec.cat\/internacional\/wp-json\/wp\/v2\/media\/9386"}],"wp:attachment":[{"href":"https:\/\/projectes.xtec.cat\/internacional\/wp-json\/wp\/v2\/media?parent=9385"}],"wp:term":[{"taxonomy":"category","embeddable":true,"href":"https:\/\/projectes.xtec.cat\/internacional\/wp-json\/wp\/v2\/categories?post=9385"},{"taxonomy":"post_tag","embeddable":true,"href":"https:\/\/projectes.xtec.cat\/internacional\/wp-json\/wp\/v2\/tags?post=9385"}],"curies":[{"name":"wp","href":"https:\/\/api.w.org\/{rel}","templated":true}]}}