{"id":9633,"date":"2020-06-02T12:33:31","date_gmt":"2020-06-02T10:33:31","guid":{"rendered":"http:\/\/projectes.xtec.cat\/internacional\/?p=9633"},"modified":"2020-06-12T14:21:42","modified_gmt":"2020-06-12T12:21:42","slug":"instruccions-per-fer-subsanacions-ka1-convocatoria-2020","status":"publish","type":"post","link":"https:\/\/projectes.xtec.cat\/internacional\/general\/instruccions-per-fer-subsanacions-ka1-convocatoria-2020\/","title":{"rendered":"Instruccions per fer subsanacions KA1 Convocat\u00f2ria 2020"},"content":{"rendered":"<blockquote class=\"twitter-tweet\">\n<p lang=\"ca\" dir=\"ltr\">Si el vostre projecte <a href=\"https:\/\/twitter.com\/hashtag\/KA1?src=hash&amp;ref_src=twsrc%5Etfw\">#KA1<\/a> ha estat excl\u00f2s provisionalment per poder passar a la fase de selecci\u00f3, ja teniu disponibles les instruccions per realitzar les subsanacions que siguin necess\u00e0ries a <a href=\"https:\/\/t.co\/MHCo4UxbNu\">https:\/\/t.co\/MHCo4UxbNu<\/a><br \/>Never give up! <a href=\"https:\/\/t.co\/d5q4GXLSaf\">pic.twitter.com\/d5q4GXLSaf<\/a><\/p>\n<p>&mdash; Unitat Programes Erasmus+ Catalunya (@EplusCatEdu) <a href=\"https:\/\/twitter.com\/EplusCatEdu\/status\/1267764727947673600?ref_src=twsrc%5Etfw\">June 2, 2020<\/a><\/p><\/blockquote>\n<p> <script async src=\"https:\/\/platform.twitter.com\/widgets.js\" charset=\"utf-8\"><\/script> <\/p>\n","protected":false},"excerpt":{"rendered":"<p>Si el vostre projecte <a href=\"https:\/\/twitter.com\/hashtag\/KA1?src=hash&amp;ref_src=twsrc%5Etfw\">#KA1<\/a> ha estat excl\u00f2s provisionalment per poder passar a la fase de selecci\u00f3, ja teniu disponibles les instruccions per realitzar les subsanacions que siguin necess\u00e0ries a <a href=\"https:\/\/t.co\/MHCo4UxbNu\">https:\/\/t.co\/MHCo4UxbNu<\/a>Never give up! <a href=\"https:\/\/t.co\/d5q4GXLSaf\">pic.twitter.com\/d5q4GXLSaf<\/a><br \/>\n&mdash; Unitat Programes Erasmus+ Catalunya (@EplusCatEdu) <a href=\"https:\/\/twitter.com\/EplusCatEdu\/status\/1267764727947673600?ref_src=twsrc%5Etfw\">June 2,&hellip;  <a href=\"https:\/\/projectes.xtec.cat\/internacional\/general\/instruccions-per-fer-subsanacions-ka1-convocatoria-2020\/\" title=\"Read Instruccions per fer subsanacions KA1 Convocat\u00f2ria 2020\">Llegeix m\u00e9s\u00bb<\/a><\/p>\n","protected":false},"author":1,"featured_media":0,"comment_status":"open","ping_status":"closed","sticky":false,"template":"","format":"standard","meta":{"_bbp_topic_count":0,"_bbp_reply_count":0,"_bbp_total_topic_count":0,"_bbp_total_reply_count":0,"_bbp_voice_count":0,"_bbp_anonymous_reply_count":0,"_bbp_topic_count_hidden":0,"_bbp_reply_count_hidden":0,"_bbp_forum_subforum_count":0,"footnotes":""},"categories":[311,1,312,29],"tags":[297,313],"class_list":["post-9633","post","type-post","status-publish","format-standard","hentry","category-erasmus","category-general","category-ka1","category-portada","tag-erasmus","tag-ka1"],"post_mailing_queue_ids":[],"_links":{"self":[{"href":"https:\/\/projectes.xtec.cat\/internacional\/wp-json\/wp\/v2\/posts\/9633","targetHints":{"allow":["GET"]}}],"collection":[{"href":"https:\/\/projectes.xtec.cat\/internacional\/wp-json\/wp\/v2\/posts"}],"about":[{"href":"https:\/\/projectes.xtec.cat\/internacional\/wp-json\/wp\/v2\/types\/post"}],"author":[{"embeddable":true,"href":"https:\/\/projectes.xtec.cat\/internacional\/wp-json\/wp\/v2\/users\/1"}],"replies":[{"embeddable":true,"href":"https:\/\/projectes.xtec.cat\/internacional\/wp-json\/wp\/v2\/comments?post=9633"}],"version-history":[{"count":1,"href":"https:\/\/projectes.xtec.cat\/internacional\/wp-json\/wp\/v2\/posts\/9633\/revisions"}],"predecessor-version":[{"id":9634,"href":"https:\/\/projectes.xtec.cat\/internacional\/wp-json\/wp\/v2\/posts\/9633\/revisions\/9634"}],"wp:attachment":[{"href":"https:\/\/projectes.xtec.cat\/internacional\/wp-json\/wp\/v2\/media?parent=9633"}],"wp:term":[{"taxonomy":"category","embeddable":true,"href":"https:\/\/projectes.xtec.cat\/internacional\/wp-json\/wp\/v2\/categories?post=9633"},{"taxonomy":"post_tag","embeddable":true,"href":"https:\/\/projectes.xtec.cat\/internacional\/wp-json\/wp\/v2\/tags?post=9633"}],"curies":[{"name":"wp","href":"https:\/\/api.w.org\/{rel}","templated":true}]}}