{"id":9649,"date":"2020-06-03T12:01:13","date_gmt":"2020-06-03T10:01:13","guid":{"rendered":"http:\/\/projectes.xtec.cat\/internacional\/?p=9649"},"modified":"2020-06-17T11:42:46","modified_gmt":"2020-06-17T09:42:46","slug":"la-meva-experiencia-a-catalunya","status":"publish","type":"post","link":"https:\/\/projectes.xtec.cat\/internacional\/general\/la-meva-experiencia-a-catalunya\/","title":{"rendered":"La meva experi\u00e8ncia a Catalunya"},"content":{"rendered":"<p>Bonjour de Catalogne !<\/p>\n<p>Primer de tot, cal que em presenti no ? Doncs em dic Cl\u00e9mence, tinc 22 anys, soc francesa i porto dos cursos com auxiliar de franc\u00e8s a Catalunya.<\/p>\n<p>Abans de venir a Catalunya vaig estudiar el que es diu a Fran\u00e7a &#8220;classe pr\u00e9paratoire&#8221;. Quan vaig acabar el grau de filologia hisp\u00e0nica, vaig decidir venir a Espanya, i sobretot a Catalunya per millorar el castell\u00e0 i aprendre el catal\u00e0.<\/p>\n<p>He tingut l&#8217;oportunitat durant dos cursos de treballar amb alumnes de l&#8217;ESO i de batxibac. Amb els alumnes de 3r i 4t hem fet algunes sortides, com per exemple anar un dia a Perpiny\u00e0 per practicar el franc\u00e8s amb els habitants. Amb els de 1r hem fet crepes per &#8220;la chandeleur&#8221; i molts jocs de taula.<\/p>\n<p>Amb els alumnes de batxibac la meva intervenci\u00f3 ha sigut m\u00e9s \u00fatil per preparar la prova oral de l&#8217;examen. Hem treballat junts aquesta prova, fent exercicis orals cada setmana.<\/p>\n<p>M&#8217;ha agradat tant la meva experi\u00e8ncia a Catalunya que he decidit quedar-me !!!!<img loading=\"lazy\" decoding=\"async\" class=\"alignnone wp-image-9650 size-medium\" src=\"https:\/\/projectes.xtec.cat\/internacional\/wp-content\/uploads\/usu1767\/2020\/06\/50e0c6c1-1397-4f1d-ad4b-3884c4b0fd0d-300x225.jpg\" alt=\"La Cl\u00e9mence fent creps amb un alumne\" width=\"300\" height=\"225\" srcset=\"https:\/\/projectes.xtec.cat\/internacional\/wp-content\/uploads\/usu1767\/2020\/06\/50e0c6c1-1397-4f1d-ad4b-3884c4b0fd0d-300x225.jpg 300w, https:\/\/projectes.xtec.cat\/internacional\/wp-content\/uploads\/usu1767\/2020\/06\/50e0c6c1-1397-4f1d-ad4b-3884c4b0fd0d-768x576.jpg 768w, https:\/\/projectes.xtec.cat\/internacional\/wp-content\/uploads\/usu1767\/2020\/06\/50e0c6c1-1397-4f1d-ad4b-3884c4b0fd0d.jpg 1024w, https:\/\/projectes.xtec.cat\/internacional\/wp-content\/uploads\/usu1767\/2020\/06\/50e0c6c1-1397-4f1d-ad4b-3884c4b0fd0d-200x150.jpg 200w\" sizes=\"auto, (max-width: 300px) 100vw, 300px\" \/><\/p>\n<p>\u00c0nims a tots els nous auxiliars, gaudiu molt d&#8217;aquest curs !!!!<\/p>\n<p>&nbsp;<\/p>\n","protected":false},"excerpt":{"rendered":"<p>Bonjour de Catalogne !<br \/>\nPrimer de tot, cal que em presenti no ? Doncs em dic Cl\u00e9mence, tinc 22 anys, soc francesa i porto dos cursos com auxiliar de franc\u00e8s a Catalunya.<br \/>\nAbans de venir a Catalunya vaig estudiar el que es diu a Fran\u00e7a &#8220;classe pr\u00e9paratoire&#8221;.&hellip;  <a href=\"https:\/\/projectes.xtec.cat\/internacional\/general\/la-meva-experiencia-a-catalunya\/\" title=\"Read La meva experi\u00e8ncia a Catalunya\">Llegeix m\u00e9s\u00bb<\/a><\/p>\n","protected":false},"author":1,"featured_media":9650,"comment_status":"open","ping_status":"closed","sticky":false,"template":"","format":"standard","meta":{"_bbp_topic_count":0,"_bbp_reply_count":0,"_bbp_total_topic_count":0,"_bbp_total_reply_count":0,"_bbp_voice_count":0,"_bbp_anonymous_reply_count":0,"_bbp_topic_count_hidden":0,"_bbp_reply_count_hidden":0,"_bbp_forum_subforum_count":0,"footnotes":""},"categories":[314,1],"tags":[],"class_list":["post-9649","post","type-post","status-publish","format-standard","has-post-thumbnail","hentry","category-experiencies-dauxiliars","category-general"],"post_mailing_queue_ids":[],"_links":{"self":[{"href":"https:\/\/projectes.xtec.cat\/internacional\/wp-json\/wp\/v2\/posts\/9649","targetHints":{"allow":["GET"]}}],"collection":[{"href":"https:\/\/projectes.xtec.cat\/internacional\/wp-json\/wp\/v2\/posts"}],"about":[{"href":"https:\/\/projectes.xtec.cat\/internacional\/wp-json\/wp\/v2\/types\/post"}],"author":[{"embeddable":true,"href":"https:\/\/projectes.xtec.cat\/internacional\/wp-json\/wp\/v2\/users\/1"}],"replies":[{"embeddable":true,"href":"https:\/\/projectes.xtec.cat\/internacional\/wp-json\/wp\/v2\/comments?post=9649"}],"version-history":[{"count":2,"href":"https:\/\/projectes.xtec.cat\/internacional\/wp-json\/wp\/v2\/posts\/9649\/revisions"}],"predecessor-version":[{"id":9775,"href":"https:\/\/projectes.xtec.cat\/internacional\/wp-json\/wp\/v2\/posts\/9649\/revisions\/9775"}],"wp:featuredmedia":[{"embeddable":true,"href":"https:\/\/projectes.xtec.cat\/internacional\/wp-json\/wp\/v2\/media\/9650"}],"wp:attachment":[{"href":"https:\/\/projectes.xtec.cat\/internacional\/wp-json\/wp\/v2\/media?parent=9649"}],"wp:term":[{"taxonomy":"category","embeddable":true,"href":"https:\/\/projectes.xtec.cat\/internacional\/wp-json\/wp\/v2\/categories?post=9649"},{"taxonomy":"post_tag","embeddable":true,"href":"https:\/\/projectes.xtec.cat\/internacional\/wp-json\/wp\/v2\/tags?post=9649"}],"curies":[{"name":"wp","href":"https:\/\/api.w.org\/{rel}","templated":true}]}}