{"id":9665,"date":"2020-06-08T13:30:18","date_gmt":"2020-06-08T11:30:18","guid":{"rendered":"http:\/\/projectes.xtec.cat\/internacional\/?p=9665"},"modified":"2020-06-08T13:39:06","modified_gmt":"2020-06-08T11:39:06","slug":"actualitzacio-de-la-situacio-covid-19-i-lerasmus-a-europa","status":"publish","type":"post","link":"https:\/\/projectes.xtec.cat\/internacional\/general\/actualitzacio-de-la-situacio-covid-19-i-lerasmus-a-europa\/","title":{"rendered":"Actualitzaci\u00f3 de la situaci\u00f3 Covid-19 i l&#8217;Erasmus+ a Europa"},"content":{"rendered":"<p>El SEPIE ha publicat una nova actualitzaci\u00f3 sobre la situaci\u00f3 del Covid-19 i el seu impacte en el programa Erasmus+. Tota la informaci\u00f3 a <a href=\"http:\/\/www.sepie.es\/doc\/comunicacion\/prensa\/2020\/Coronavirus_05062020.pdf\">Sepie Covid-19. 6 de juny de 2020<\/a><\/p>\n<p><a href=\"https:\/\/projectes.xtec.cat\/internacional\/wp-content\/uploads\/usu1767\/2020\/06\/Screen-Shot-2020-06-08-at-13.23.49.png\"><img loading=\"lazy\" decoding=\"async\" class=\"wp-image-9666 aligncenter\" src=\"https:\/\/projectes.xtec.cat\/internacional\/wp-content\/uploads\/usu1767\/2020\/06\/Screen-Shot-2020-06-08-at-13.23.49-300x76.png\" alt=\"\" width=\"541\" height=\"137\" srcset=\"https:\/\/projectes.xtec.cat\/internacional\/wp-content\/uploads\/usu1767\/2020\/06\/Screen-Shot-2020-06-08-at-13.23.49-300x76.png 300w, https:\/\/projectes.xtec.cat\/internacional\/wp-content\/uploads\/usu1767\/2020\/06\/Screen-Shot-2020-06-08-at-13.23.49-768x196.png 768w, https:\/\/projectes.xtec.cat\/internacional\/wp-content\/uploads\/usu1767\/2020\/06\/Screen-Shot-2020-06-08-at-13.23.49-1024x261.png 1024w\" sizes=\"auto, (max-width: 541px) 100vw, 541px\" \/><\/a><\/p>\n","protected":false},"excerpt":{"rendered":"<p>El SEPIE ha publicat una nova actualitzaci\u00f3 sobre la situaci\u00f3 del Covid-19 i el seu impacte en el programa Erasmus+. Tota la informaci\u00f3 a <a href=\"http:\/\/www.sepie.es\/doc\/comunicacion\/prensa\/2020\/Coronavirus_05062020.pdf\">Sepie Covid-19. 6 de juny de 2020<\/a><br \/>\n<a href=\"https:\/\/projectes.xtec.cat\/internacional\/wp-content\/uploads\/usu1767\/2020\/06\/Screen-Shot-2020-06-08-at-13.23.49.png\"><\/a><\/p>\n","protected":false},"author":1,"featured_media":0,"comment_status":"open","ping_status":"closed","sticky":false,"template":"","format":"standard","meta":{"_bbp_topic_count":0,"_bbp_reply_count":0,"_bbp_total_topic_count":0,"_bbp_total_reply_count":0,"_bbp_voice_count":0,"_bbp_anonymous_reply_count":0,"_bbp_topic_count_hidden":0,"_bbp_reply_count_hidden":0,"_bbp_forum_subforum_count":0,"footnotes":""},"categories":[290,1,29],"tags":[292,291,294],"class_list":["post-9665","post","type-post","status-publish","format-standard","hentry","category-erasmus-i-el-covid-19","category-general","category-portada","tag-erasmus-i-el-covid-19","tag-portada","tag-sepie"],"post_mailing_queue_ids":[],"_links":{"self":[{"href":"https:\/\/projectes.xtec.cat\/internacional\/wp-json\/wp\/v2\/posts\/9665","targetHints":{"allow":["GET"]}}],"collection":[{"href":"https:\/\/projectes.xtec.cat\/internacional\/wp-json\/wp\/v2\/posts"}],"about":[{"href":"https:\/\/projectes.xtec.cat\/internacional\/wp-json\/wp\/v2\/types\/post"}],"author":[{"embeddable":true,"href":"https:\/\/projectes.xtec.cat\/internacional\/wp-json\/wp\/v2\/users\/1"}],"replies":[{"embeddable":true,"href":"https:\/\/projectes.xtec.cat\/internacional\/wp-json\/wp\/v2\/comments?post=9665"}],"version-history":[{"count":2,"href":"https:\/\/projectes.xtec.cat\/internacional\/wp-json\/wp\/v2\/posts\/9665\/revisions"}],"predecessor-version":[{"id":9672,"href":"https:\/\/projectes.xtec.cat\/internacional\/wp-json\/wp\/v2\/posts\/9665\/revisions\/9672"}],"wp:attachment":[{"href":"https:\/\/projectes.xtec.cat\/internacional\/wp-json\/wp\/v2\/media?parent=9665"}],"wp:term":[{"taxonomy":"category","embeddable":true,"href":"https:\/\/projectes.xtec.cat\/internacional\/wp-json\/wp\/v2\/categories?post=9665"},{"taxonomy":"post_tag","embeddable":true,"href":"https:\/\/projectes.xtec.cat\/internacional\/wp-json\/wp\/v2\/tags?post=9665"}],"curies":[{"name":"wp","href":"https:\/\/api.w.org\/{rel}","templated":true}]}}