{"id":9701,"date":"2020-06-10T11:16:31","date_gmt":"2020-06-10T09:16:31","guid":{"rendered":"http:\/\/projectes.xtec.cat\/internacional\/?p=9701"},"modified":"2020-06-20T12:29:05","modified_gmt":"2020-06-20T10:29:05","slug":"escoles-ambaixadores-del-parlament-europeu-curs-2020-2021","status":"publish","type":"post","link":"https:\/\/projectes.xtec.cat\/internacional\/general\/escoles-ambaixadores-del-parlament-europeu-curs-2020-2021\/","title":{"rendered":"Escoles Ambaixadores del Parlament Europeu, curs 2020-2021"},"content":{"rendered":"<p><a href=\"https:\/\/projectes.xtec.cat\/internacional\/wp-content\/uploads\/usu1767\/2020\/06\/parlament-europeu-1.jpg\"><img loading=\"lazy\" decoding=\"async\" class=\"size-medium wp-image-9713 aligncenter\" src=\"https:\/\/projectes.xtec.cat\/internacional\/wp-content\/uploads\/usu1767\/2020\/06\/parlament-europeu-1-300x162.jpg\" alt=\"\" width=\"300\" height=\"162\" srcset=\"https:\/\/projectes.xtec.cat\/internacional\/wp-content\/uploads\/usu1767\/2020\/06\/parlament-europeu-1-300x162.jpg 300w, https:\/\/projectes.xtec.cat\/internacional\/wp-content\/uploads\/usu1767\/2020\/06\/parlament-europeu-1.jpg 306w\" sizes=\"auto, (max-width: 300px) 100vw, 300px\" \/><\/a><\/p>\n<p style=\"font-weight: 400;\">El Parlament Europeu organitza el programa <a href=\"https:\/\/europarl.europa.eu\/spain\/barcelona\/ca\/oficina-a-barcelona\/oberta-la-convocat%C3%B2ria-del-programa-escoles-ambaixadores-del-parlament-europeu-per-al-curs-2020-2021\" data-saferedirecturl=\"https:\/\/www.google.com\/url?q=https:\/\/europarl.europa.eu\/spain\/barcelona\/ca\/oficina-a-barcelona\/oberta-la-convocat%C3%B2ria-del-programa-escoles-ambaixadores-del-parlament-europeu-per-al-curs-2020-2021&amp;source=gmail&amp;ust=1591865122127000&amp;usg=AFQjCNGkYeFDEcIg31SDdvwHElM7noIYcQ\">Escoles Ambaixadores del Parlament Europeu<\/a>, per apropar-se a l&#8217;alumnat i al professorat, convertint-los en ambaixadors de la seu de la democr\u00e0cia europea. L&#8217;objectiu del programa \u00e9s <span style=\"font-family: inherit; font-size: 1em;\">estimular el coneixement d&#8217;Europa i de la democr\u00e0cia parlament\u00e0ria europea entre els joves, proporcionant-los un coneixement actiu de la Uni\u00f3 Europa i del seu Parlament. <\/span><\/p>\n<h5>Caracter\u00edstiques del programa<\/h5>\n<p style=\"font-weight: 400;\"><span style=\"font-family: inherit; font-size: 1em;\">En tractar-se d&#8217;un programa que es porta a terme als 27 Estats membre, el nombre de centres que s&#8217;hi poden inscriure \u00e9s limitat. La convocat\u00f2ria est\u00e0 destinada a l&#8217;alumnat de 4t d&#8217;ESO, 1r i 2n de Batxillerat i FP i els centres interessats s&#8217;hi poden inscriure fins al proper 30 de juny. La prioritat s&#8217;establir\u00e0 segons l&#8217;ordre de sol\u00b7licitud. <\/span>Els centres participants es comprometen a:<\/p>\n<ul>\n<li style=\"font-weight: 400;\">Participar a una <strong>formaci\u00f3<\/strong> a Madrid (per al professorat)<\/li>\n<li style=\"font-weight: 400;\">Posar en marxa i mantenir un <strong>infopoint<\/strong> sobre el Parlament Europeu<\/li>\n<li style=\"font-weight: 400;\">Treballar amb uns <strong>materials online <\/strong>proporcionats pel Parlament Europeu<\/li>\n<li style=\"font-weight: 400;\">Realitzar durant el curs <strong>activitats relacionades amb la Uni\u00f3 Europea<\/strong><\/li>\n<li style=\"font-weight: 400;\">Celebrar el <strong>Dia d&#8217;Europa<\/strong> (9 de maig) al centre<\/li>\n<\/ul>\n<p>Podeu trobar m\u00e9s informaci\u00f3 i la sol\u00b7licitud de partuicipaci\u00f3 en aquest <a href=\"https:\/\/europarl.europa.eu\/spain\/barcelona\/ca\/oficina-a-barcelona\/oberta-la-convocat%C3%B2ria-del-programa-escoles-ambaixadores-del-parlament-europeu-per-al-curs-2020-2021\">enlla\u00e7<\/a>.<\/p>\n<p style=\"font-weight: 400;\">Durant el curs actual 2019-2020, hi han participat m\u00e9s d&#8217;un centenar de centres docents de tot l&#8217;Estat, entre ells, sis centres catalans de Rub\u00ed, Salou, Sant Boi de Llobregat, Taradell, Vilafranca del Pened\u00e8s i Vilassar de Mar.<\/p>\n","protected":false},"excerpt":{"rendered":"<p><a href=\"https:\/\/projectes.xtec.cat\/internacional\/wp-content\/uploads\/usu1767\/2020\/06\/parlament-europeu-1.jpg\"><\/a><br \/>\nEl Parlament Europeu organitza el programa <a href=\"https:\/\/europarl.europa.eu\/spain\/barcelona\/ca\/oficina-a-barcelona\/oberta-la-convocat%C3%B2ria-del-programa-escoles-ambaixadores-del-parlament-europeu-per-al-curs-2020-2021\" data-saferedirecturl=\"https:\/\/www.google.com\/url?q=https:\/\/europarl.europa.eu\/spain\/barcelona\/ca\/oficina-a-barcelona\/oberta-la-convocat%C3%B2ria-del-programa-escoles-ambaixadores-del-parlament-europeu-per-al-curs-2020-2021&amp;source=gmail&amp;ust=1591865122127000&amp;usg=AFQjCNGkYeFDEcIg31SDdvwHElM7noIYcQ\">Escoles Ambaixadores del Parlament Europeu<\/a>, per apropar-se a l&#8217;alumnat i al professorat, convertint-los en ambaixadors de la seu de la democr\u00e0cia europea. L&#8217;objectiu del programa \u00e9s estimular el coneixement d&#8217;Europa i de la democr\u00e0cia parlament\u00e0ria europea&hellip;  <a href=\"https:\/\/projectes.xtec.cat\/internacional\/general\/escoles-ambaixadores-del-parlament-europeu-curs-2020-2021\/\" title=\"Read Escoles Ambaixadores del Parlament Europeu, curs 2020-2021\">Llegeix m\u00e9s\u00bb<\/a><\/p>\n","protected":false},"author":1,"featured_media":0,"comment_status":"open","ping_status":"closed","sticky":false,"template":"","format":"standard","meta":{"_bbp_topic_count":0,"_bbp_reply_count":0,"_bbp_total_topic_count":0,"_bbp_total_reply_count":0,"_bbp_voice_count":0,"_bbp_anonymous_reply_count":0,"_bbp_topic_count_hidden":0,"_bbp_reply_count_hidden":0,"_bbp_forum_subforum_count":0,"footnotes":""},"categories":[308,1,29],"tags":[],"class_list":["post-9701","post","type-post","status-publish","format-standard","hentry","category-accions-dentorn","category-general","category-portada"],"post_mailing_queue_ids":[],"_links":{"self":[{"href":"https:\/\/projectes.xtec.cat\/internacional\/wp-json\/wp\/v2\/posts\/9701","targetHints":{"allow":["GET"]}}],"collection":[{"href":"https:\/\/projectes.xtec.cat\/internacional\/wp-json\/wp\/v2\/posts"}],"about":[{"href":"https:\/\/projectes.xtec.cat\/internacional\/wp-json\/wp\/v2\/types\/post"}],"author":[{"embeddable":true,"href":"https:\/\/projectes.xtec.cat\/internacional\/wp-json\/wp\/v2\/users\/1"}],"replies":[{"embeddable":true,"href":"https:\/\/projectes.xtec.cat\/internacional\/wp-json\/wp\/v2\/comments?post=9701"}],"version-history":[{"count":4,"href":"https:\/\/projectes.xtec.cat\/internacional\/wp-json\/wp\/v2\/posts\/9701\/revisions"}],"predecessor-version":[{"id":9806,"href":"https:\/\/projectes.xtec.cat\/internacional\/wp-json\/wp\/v2\/posts\/9701\/revisions\/9806"}],"wp:attachment":[{"href":"https:\/\/projectes.xtec.cat\/internacional\/wp-json\/wp\/v2\/media?parent=9701"}],"wp:term":[{"taxonomy":"category","embeddable":true,"href":"https:\/\/projectes.xtec.cat\/internacional\/wp-json\/wp\/v2\/categories?post=9701"},{"taxonomy":"post_tag","embeddable":true,"href":"https:\/\/projectes.xtec.cat\/internacional\/wp-json\/wp\/v2\/tags?post=9701"}],"curies":[{"name":"wp","href":"https:\/\/api.w.org\/{rel}","templated":true}]}}