{"id":10261,"date":"2021-02-25T09:07:14","date_gmt":"2021-02-25T08:07:14","guid":{"rendered":"https:\/\/projectes.xtec.cat\/transformacioenxarxa\/?p=10261"},"modified":"2025-12-17T19:52:26","modified_gmt":"2025-12-17T18:52:26","slug":"transformar-per-innovar","status":"publish","type":"post","link":"https:\/\/projectes.xtec.cat\/laboratori-millora-educativa\/general\/transformar-per-innovar\/","title":{"rendered":"Transformar per innovar"},"content":{"rendered":"<p>&nbsp;<\/p>\n<p>El Laboratori de Transformaci\u00f3 Educativa posa en marxa la iniciativa <strong>&#8220;Transformar per Innovar&#8221;<\/strong><b>\u00a0<\/b>per visibilitzar els processos de transformaci\u00f3 que s\u2019han desenvolupat als centres referents del Laboratori perqu\u00e8 serveixin d\u2019inspiraci\u00f3, suport i acompanyament als centres en l\u2019impuls de la innovaci\u00f3 i transformaci\u00f3 educativa. La iniciativa integra els models d\u2019acompanyament a centres per tal d\u2019impulsar processos de reflexi\u00f3 i discussi\u00f3 conjunta entenent el centre com a unitat que apr\u00e8n, des d\u2019una mirada sist\u00e8mica.<\/p>\n<p><b>\u201cTransformar per innovar\u201d<\/b>\u00a0\u00e9s una iniciativa que es presenta organitzada en quatre col\u00b7leccions de v\u00eddeos i que desenvolupa cinc rutines de pensament per aprofundir en el treball indagador que promou cada un d\u2019aquests v\u00eddeos. Les quatre col\u00b7leccions presenten un format propi i van associades a diferents estrat\u00e8gies de treball:<\/p>\n<ul>\n<li><strong>Les dimensions de la transformaci\u00f3 als centres<\/strong>\u00a0\u00e9s una col\u00b7lecci\u00f3 de 8 v\u00eddeos amb la participaci\u00f3 de 32 centres referents del Laboratori i, per tant, avan\u00e7ats en la transformaci\u00f3 educativa. Cada centre ha identificat la o les dimensions de la transformaci\u00f3 en qu\u00e8 el seu centre podia ser referent i han mostrat les seves bones pr\u00e0ctiques i les evid\u00e8ncies que les justifiquen.<\/li>\n<li><strong>Hist\u00f2ries d&#8217;un canvi<\/strong> \u00e9s una col\u00b7lecci\u00f3 de 4 narracions en v\u00eddeo produ\u00efdes a partir de les gravacions de 14 sales de di\u00e0leg de la primera sessi\u00f3 de la Comunitat de Centres amb facilitaci\u00f3. Les gravacions recullen el testimoni de 14 persones expertes, membres d\u2019equips directius de diferents centres referents del Laboratori, avan\u00e7ats en la Transformaci\u00f3 Educativa.<\/li>\n<li><strong>Inspirar la transformaci\u00f3 educativa<\/strong> recull en 30 v\u00eddeos les visites que enguany el Laboratori de Transformaci\u00f3 Educativa organitza amb el nom Visites virtuals guiades entre centres.<\/li>\n<li><strong>Difondre projecte i pr\u00e0ctiques<\/strong>\u00a0consta de 6 v\u00eddeos, tres de projectes d\u2019innovaci\u00f3 i tres de pr\u00e0ctiques educatives, que han de servir per reflexionar, aprofundir i inspirar en processos d\u2019innovaci\u00f3 i transformaci\u00f3 educativa.<\/li>\n<\/ul>\n<p>&nbsp;<\/p>\n<p style=\"text-align: center;\"><iframe loading=\"lazy\" src=\"\/\/www.youtube.com\/embed\/pA5vhiy3xwk\" width=\"800\" height=\"449\"><\/iframe><\/p>\n<p>&nbsp;<\/p>\n<p>Les quatre col\u00b7leccions responen als\u00a0<b>objectius seg\u00fcents<\/b>:<\/p>\n<ul>\n<li aria-level=\"1\">Recon\u00e8ixer el paper de l\u2019escola en el proc\u00e9s d\u2019adaptaci\u00f3 a les necessitats, aspiracions i reptes del segle XXI, posant en valor l\u2019educaci\u00f3 i els centres educatius com elements clau per aconseguir un creixement sostenible, equitatiu i just.<\/li>\n<li aria-level=\"1\">Posar en valor els procediments i estrat\u00e8gies que possibiliten als centres educatius fer efectiva la transici\u00f3 sistem\u00e0tica des dels models tradicionals d\u2019ensenyament-aprenentatge al marc de centres de refer\u00e8ncia i contribuir a reformular el perfil professional dels docents i la seva capacitaci\u00f3.<\/li>\n<li aria-level=\"1\">Generar coneixement sobre pr\u00e0ctiques educatives de refer\u00e8ncia que plantegen mesures universals per fer front a la segregaci\u00f3 existent aix\u00ed com a les noves formes emergents de segregaci\u00f3, tot afavorint l\u2019equitat i la igualtat d\u2019oportunitat.<\/li>\n<li aria-level=\"1\">Comunicar i difondre models inspiradors d\u2019\u00e8xit educatiu que reformulen tant el prop\u00f2sit institucional com la gesti\u00f3 de l\u2019organitzaci\u00f3, la metodologia de treball i el concepte d\u2019avaluaci\u00f3\/aprenentatge.<\/li>\n<\/ul>\n<p>Sabem que \u00e9s tan important el valor dels v\u00eddeos com les estrat\u00e8gies de treball associades a cada un d\u2019ells. Aquestes estrat\u00e8gies han de servir per orientar i guiar en l\u2019aprofundiment de les rutines de pensament.<\/p>\n<p>&nbsp;<\/p>\n<p>Els v\u00eddeos de les 4 col\u00b7leccions s&#8217;aniran publicant setmanalment i s\u2019acompanyen d\u2019un disseny explicatiu i d\u2019una proposta de reflexi\u00f3 consistent en diferents rutines de visibilitzaci\u00f3 del pensament, suficientment flexibles per a la seva utilitzaci\u00f3 per part de diferents col\u00b7lectius i en diferents contextos:<\/p>\n<ul>\n<li aria-level=\"1\">seminaris de coordinaci\u00f3 organitzats per CRP,<\/li>\n<li aria-level=\"1\">sessions de facilitaci\u00f3,<\/li>\n<li aria-level=\"1\">coordinacions de xarxa,<\/li>\n<li aria-level=\"1\">sessions de treball d\u2019un claustre,<\/li>\n<li aria-level=\"1\">coordinacions d\u2019agents d\u2019acompanyament a centre,<\/li>\n<li aria-level=\"1\">sessions dels serveis educatius (CRP, LIC, EAP),<\/li>\n<li aria-level=\"1\">treball aut\u00f2nom docent.<\/li>\n<\/ul>\n<p>&nbsp;<\/p>\n","protected":false},"excerpt":{"rendered":"<p>&nbsp; El Laboratori de Transformaci\u00f3 Educativa posa en marxa la iniciativa &#8220;Transformar per Innovar&#8221;\u00a0per visibilitzar els processos de transformaci\u00f3 que s\u2019han desenvolupat als centres referents del Laboratori perqu\u00e8 serveixin d\u2019inspiraci\u00f3, suport i acompanyament als centres en l\u2019impuls de la innovaci\u00f3 i transformaci\u00f3 educativa. La iniciativa integra els models d\u2019acompanyament a centres per tal d\u2019impulsar processos [&hellip;]<\/p>\n","protected":false},"author":3,"featured_media":8905,"comment_status":"open","ping_status":"closed","sticky":false,"template":"","format":"standard","meta":{"_bbp_topic_count":0,"_bbp_reply_count":0,"_bbp_total_topic_count":0,"_bbp_total_reply_count":0,"_bbp_voice_count":0,"_bbp_anonymous_reply_count":0,"_bbp_topic_count_hidden":0,"_bbp_reply_count_hidden":0,"_bbp_forum_subforum_count":0,"site-sidebar-layout":"default","site-content-layout":"","ast-site-content-layout":"","site-content-style":"default","site-sidebar-style":"default","ast-global-header-display":"","ast-banner-title-visibility":"","ast-main-header-display":"","ast-hfb-above-header-display":"","ast-hfb-below-header-display":"","ast-hfb-mobile-header-display":"","site-post-title":"","ast-breadcrumbs-content":"","ast-featured-img":"","footer-sml-layout":"","theme-transparent-header-meta":"","adv-header-id-meta":"","stick-header-meta":"","header-above-stick-meta":"","header-main-stick-meta":"","header-below-stick-meta":"","astra-migrate-meta-layouts":"default","ast-page-background-enabled":"default","ast-page-background-meta":{"desktop":{"background-color":"var(--ast-global-color-4)","background-image":"","background-repeat":"repeat","background-position":"center center","background-size":"auto","background-attachment":"scroll","background-type":"","background-media":"","overlay-type":"","overlay-color":"","overlay-opacity":"","overlay-gradient":""},"tablet":{"background-color":"","background-image":"","background-repeat":"repeat","background-position":"center center","background-size":"auto","background-attachment":"scroll","background-type":"","background-media":"","overlay-type":"","overlay-color":"","overlay-opacity":"","overlay-gradient":""},"mobile":{"background-color":"","background-image":"","background-repeat":"repeat","background-position":"center center","background-size":"auto","background-attachment":"scroll","background-type":"","background-media":"","overlay-type":"","overlay-color":"","overlay-opacity":"","overlay-gradient":""}},"ast-content-background-meta":{"desktop":{"background-color":"var(--ast-global-color-5)","background-image":"","background-repeat":"repeat","background-position":"center center","background-size":"auto","background-attachment":"scroll","background-type":"","background-media":"","overlay-type":"","overlay-color":"","overlay-opacity":"","overlay-gradient":""},"tablet":{"background-color":"var(--ast-global-color-5)","background-image":"","background-repeat":"repeat","background-position":"center center","background-size":"auto","background-attachment":"scroll","background-type":"","background-media":"","overlay-type":"","overlay-color":"","overlay-opacity":"","overlay-gradient":""},"mobile":{"background-color":"var(--ast-global-color-5)","background-image":"","background-repeat":"repeat","background-position":"center center","background-size":"auto","background-attachment":"scroll","background-type":"","background-media":"","overlay-type":"","overlay-color":"","overlay-opacity":"","overlay-gradient":""}},"footnotes":""},"categories":[310,323,302,303,482,64,1,308,29,309,66],"tags":[351,299,327,587],"class_list":["post-10261","post","type-post","status-publish","format-standard","has-post-thumbnail","hentry","category-agenda","category-esdeveniments","category-facilitats","category-referents","category-hibridacio","category-comunitat","category-general","category-jornades","category-portada","category-recursos","category-xarxa-territorial-de-millora-educativa","tag-dimensions-qualitat-educativa","tag-innovacio","tag-transformacio","tag-transformar-per-innovar"],"post_mailing_queue_ids":[],"_links":{"self":[{"href":"https:\/\/projectes.xtec.cat\/laboratori-millora-educativa\/wp-json\/wp\/v2\/posts\/10261","targetHints":{"allow":["GET"]}}],"collection":[{"href":"https:\/\/projectes.xtec.cat\/laboratori-millora-educativa\/wp-json\/wp\/v2\/posts"}],"about":[{"href":"https:\/\/projectes.xtec.cat\/laboratori-millora-educativa\/wp-json\/wp\/v2\/types\/post"}],"author":[{"embeddable":true,"href":"https:\/\/projectes.xtec.cat\/laboratori-millora-educativa\/wp-json\/wp\/v2\/users\/3"}],"replies":[{"embeddable":true,"href":"https:\/\/projectes.xtec.cat\/laboratori-millora-educativa\/wp-json\/wp\/v2\/comments?post=10261"}],"version-history":[{"count":3,"href":"https:\/\/projectes.xtec.cat\/laboratori-millora-educativa\/wp-json\/wp\/v2\/posts\/10261\/revisions"}],"predecessor-version":[{"id":10265,"href":"https:\/\/projectes.xtec.cat\/laboratori-millora-educativa\/wp-json\/wp\/v2\/posts\/10261\/revisions\/10265"}],"wp:featuredmedia":[{"embeddable":true,"href":"https:\/\/projectes.xtec.cat\/laboratori-millora-educativa\/wp-json\/wp\/v2\/media\/8905"}],"wp:attachment":[{"href":"https:\/\/projectes.xtec.cat\/laboratori-millora-educativa\/wp-json\/wp\/v2\/media?parent=10261"}],"wp:term":[{"taxonomy":"category","embeddable":true,"href":"https:\/\/projectes.xtec.cat\/laboratori-millora-educativa\/wp-json\/wp\/v2\/categories?post=10261"},{"taxonomy":"post_tag","embeddable":true,"href":"https:\/\/projectes.xtec.cat\/laboratori-millora-educativa\/wp-json\/wp\/v2\/tags?post=10261"}],"curies":[{"name":"wp","href":"https:\/\/api.w.org\/{rel}","templated":true}]}}