{"id":10328,"date":"2021-03-04T08:00:19","date_gmt":"2021-03-04T07:00:19","guid":{"rendered":"https:\/\/projectes.xtec.cat\/transformacioenxarxa\/?p=10328"},"modified":"2025-12-17T20:14:56","modified_gmt":"2025-12-17T19:14:56","slug":"acompanyament-a-laprenent","status":"publish","type":"post","link":"https:\/\/projectes.xtec.cat\/laboratori-millora-educativa\/general\/acompanyament-a-laprenent\/","title":{"rendered":"Acompanyament a l\u2019aprenent"},"content":{"rendered":"<p>&nbsp;<\/p>\n<p>Amb aquest segon v\u00eddeo de la col\u00b7lecci\u00f3 <strong>Les dimensions de la transformaci\u00f3 als centres<\/strong> de la iniciativa &#8220;Transformar per Innovar&#8221;, iniciem la publicaci\u00f3 setmanal de les 7 dimensions de la transformaci\u00f3 educativa des de l&#8217;experi\u00e8ncia dels centres referents del Laboratori. A l&#8217;<strong>Acompanyament a l&#8217;aprenent<\/strong>, docents de l\u2019Escola Carme Auguet de Girona, de l\u2019IE Llu\u00eds Millet de Sta. Coloma de Gramanet i de l\u2019Escola Bressol Can Serra de Cardedeu, ens parlen de la seva pr\u00e0ctica i expertesa en aquesta dimensi\u00f3.<\/p>\n<p>&nbsp;<\/p>\n<p style=\"text-align: center;\"><a href=\"https:\/\/projectes.xtec.cat\/transformacioenxarxa\/wp-content\/uploads\/usu1468\/2021\/03\/Lab_trans_edu_V2.pdf\" target=\"_blank\" rel=\"noopener noreferrer\"><img loading=\"lazy\" decoding=\"async\" class=\"aligncenter wp-image-10331\" src=\"https:\/\/projectes.xtec.cat\/transformacioenxarxa\/wp-content\/uploads\/usu1468\/2021\/03\/Lab_trans_edu_V2-e1614584748779.jpg\" alt=\"\" width=\"471\" height=\"942\" \/><\/a><\/p>\n<p>&nbsp;<\/p>\n<p>A l\u2019Escola Carme Auguet han posat en marxa uns plans de treball per poder donar una resposta acurada i real a les necessitats i interessos dels seus alumnes. Durant dues hores al dia treballen aspectes b\u00e0sics de les \u00e0rees instrumentals, com s\u00f3n les habilitats comunicatives i el raonament matem\u00e0tic. La resta de temps lectiu el dediquen a la realitzaci\u00f3 de tasques significatives, contextualitzades i competencials, fent que l\u2019alummne sigui corresponsable del seu propi proc\u00e9s d\u2019aprenentatge i hi participi mitjan\u00e7ant una autoavaluaci\u00f3 responent a les preguntes qu\u00e8 he apr\u00e8s?, qu\u00e8 puc millorar?, com?&#8230; El paper dels docents \u00e9s d\u2019acompanyament, propiciant l\u2019empoderament i autonomia dels seus alumnes. L\u2019impacte significatiu en l\u2019aprenentatge de tots els membres de la comunitat educativa \u00e9s sorprenent.<\/p>\n<p>A l\u2019IE Llu\u00eds Millet van decidir donar un gir al conjunt de metodologies i pr\u00e0ctiques organitzatives del centre. L\u2019acompanyament a l\u2019alumne, incloent-hi l\u2019acompanyament emocional, va passar a ser una pe\u00e7a clau de l\u2019arquitectura del centre. L\u2019aprenentatge compartit per docents i alumnes, l\u2019adaptaci\u00f3 cont\u00ednua a les circumst\u00e0ncies personals i vitals de totes i tos, transformacions estructurals significatives en els diferents espais del centre i el canvi de rol dels docents com a acompanyants que estimulen, provoquen i motiven, han aconseguit una disminuci\u00f3 significativa de la conflictivitat a les aules i uns beneficis acad\u00e8mics valuos\u00edssims per a tot l\u2019alumnat. L\u2019aprenentatge com a proc\u00e8s programat d\u2019assaig i error. La reinvenci\u00f3 planificada de com ensenyar i aprendre cada dia millor.<\/p>\n<p>Finalment, l\u2019Escola Bressol Can Serra ha desenvolupat espais psicomotrius on, mitjan\u00e7ant el joc, el moviment lliure i l\u2019espontane\u00eftat, es permet i es propicia el desenvolupament vital dels infants en un context respectu\u00f3s amb l\u2019entorn. Es fomenta la pedagogia de la descoberta en un ambient no directiu, ni tan sols massa orientador. Es cultiva la mirada de respecte, del no judici, interdisciplin\u00e0ria i globalitzadora. Aquest nou model de relaci\u00f3 amb els infants, la nova configuraci\u00f3 dels espais del centre i la mirada compartida, estan basats en una cohesi\u00f3 de l\u2019equip docent que \u00e9s la base d\u2019un aprenentatge compartit per totes i tots. Una experi\u00e8ncia d\u2019acompanyament reeixida i exemplar.<\/p>\n<p>&nbsp;<\/p>\n<p style=\"text-align: center;\"><iframe loading=\"lazy\" src=\"\/\/www.youtube.com\/embed\/cnclVVejPXk\" width=\"800\" height=\"449\"><\/iframe><\/p>\n<p>&nbsp;<\/p>\n<p>Per tal d&#8217;aprofitar al m\u00e0xim els continguts, us proposem treballar el v\u00eddeo amb les rutines de pensament seg\u00fcents:<\/p>\n<p>&nbsp;<\/p>\n<table style=\"border-style: none; width: 489px;\">\n<tbody>\n<tr>\n<td style=\"border-style: none; text-align: center; width: 485.333px;\" colspan=\"3\"><span style=\"color: #800000;\"><strong>RUTINES DE PENSAMENT<\/strong><\/span><\/td>\n<\/tr>\n<tr>\n<td style=\"border-style: none; text-align: center; width: 162.667px; background-color: #ffffff;\"><img loading=\"lazy\" decoding=\"async\" class=\"size-full wp-image-10236 aligncenter\" src=\"https:\/\/projectes.xtec.cat\/transformacioenxarxa\/wp-content\/uploads\/usu1468\/2021\/02\/Captura-de-Pantalla-2021-02-24-a-les-17.53.03.png\" alt=\"\" width=\"538\" height=\"520\" srcset=\"https:\/\/projectes.xtec.cat\/laboratori-millora-educativa\/wp-content\/uploads\/usu1468\/2021\/02\/Captura-de-Pantalla-2021-02-24-a-les-17.53.03.png 538w, https:\/\/projectes.xtec.cat\/laboratori-millora-educativa\/wp-content\/uploads\/usu1468\/2021\/02\/Captura-de-Pantalla-2021-02-24-a-les-17.53.03-300x290.png 300w\" sizes=\"auto, (max-width: 538px) 100vw, 538px\" \/><\/td>\n<td style=\"border-style: none; text-align: center; width: 148px; background-color: #ffffff;\"><img loading=\"lazy\" decoding=\"async\" class=\"size-full wp-image-10237 aligncenter\" src=\"https:\/\/projectes.xtec.cat\/transformacioenxarxa\/wp-content\/uploads\/usu1468\/2021\/02\/Captura-de-Pantalla-2021-02-24-a-les-18.18.55.png\" alt=\"\" width=\"470\" height=\"452\" srcset=\"https:\/\/projectes.xtec.cat\/laboratori-millora-educativa\/wp-content\/uploads\/usu1468\/2021\/02\/Captura-de-Pantalla-2021-02-24-a-les-18.18.55.png 470w, https:\/\/projectes.xtec.cat\/laboratori-millora-educativa\/wp-content\/uploads\/usu1468\/2021\/02\/Captura-de-Pantalla-2021-02-24-a-les-18.18.55-300x289.png 300w\" sizes=\"auto, (max-width: 470px) 100vw, 470px\" \/><\/td>\n<td style=\"border-style: none; text-align: center; width: 172px; background-color: #ffffff;\"><img loading=\"lazy\" decoding=\"async\" class=\"size-full wp-image-10235 aligncenter\" src=\"https:\/\/projectes.xtec.cat\/transformacioenxarxa\/wp-content\/uploads\/usu1468\/2021\/02\/Captura-de-Pantalla-2021-02-24-a-les-18.15.19.png\" alt=\"\" width=\"548\" height=\"516\" srcset=\"https:\/\/projectes.xtec.cat\/laboratori-millora-educativa\/wp-content\/uploads\/usu1468\/2021\/02\/Captura-de-Pantalla-2021-02-24-a-les-18.15.19.png 548w, https:\/\/projectes.xtec.cat\/laboratori-millora-educativa\/wp-content\/uploads\/usu1468\/2021\/02\/Captura-de-Pantalla-2021-02-24-a-les-18.15.19-300x282.png 300w\" sizes=\"auto, (max-width: 548px) 100vw, 548px\" \/><\/td>\n<\/tr>\n<tr>\n<td style=\"text-align: center; width: 162.667px; border-style: none; background-color: #ffffff;\"><a href=\"https:\/\/projectes.xtec.cat\/transformacioenxarxa\/rutina-connectar-estendre-desafiar\/\" target=\"_blank\" rel=\"noopener noreferrer\">CONNECTAR \/ ESTENDRE \/ DESAFIAR<\/a><\/td>\n<td style=\"text-align: center; width: 148px; border-style: none; background-color: #ffffff;\"><a href=\"https:\/\/projectes.xtec.cat\/transformacioenxarxa\/rutina-penso-em-pregunto-investigo\/\" target=\"_blank\" rel=\"noopener noreferrer\">PENSO, EM PREGUNTO, INVESTIGO<\/a><\/td>\n<td style=\"text-align: center; width: 172px; border-style: none; background-color: #ffffff;\"><a href=\"https:\/\/projectes.xtec.cat\/transformacioenxarxa\/rutina-punts-cardinals\/\" target=\"_blank\" rel=\"noopener noreferrer\">PUNTS CARDINALS<\/a><\/td>\n<\/tr>\n<\/tbody>\n<\/table>\n<p>&nbsp;<\/p>\n<p>&nbsp;<\/p>\n","protected":false},"excerpt":{"rendered":"<p>&nbsp; Amb aquest segon v\u00eddeo de la col\u00b7lecci\u00f3 Les dimensions de la transformaci\u00f3 als centres de la iniciativa &#8220;Transformar per Innovar&#8221;, iniciem la publicaci\u00f3 setmanal de les 7 dimensions de la transformaci\u00f3 educativa des de l&#8217;experi\u00e8ncia dels centres referents del Laboratori. A l&#8217;Acompanyament a l&#8217;aprenent, docents de l\u2019Escola Carme Auguet de Girona, de l\u2019IE Llu\u00eds [&hellip;]<\/p>\n","protected":false},"author":65,"featured_media":10333,"comment_status":"open","ping_status":"closed","sticky":false,"template":"","format":"standard","meta":{"_bbp_topic_count":0,"_bbp_reply_count":0,"_bbp_total_topic_count":0,"_bbp_total_reply_count":0,"_bbp_voice_count":0,"_bbp_anonymous_reply_count":0,"_bbp_topic_count_hidden":0,"_bbp_reply_count_hidden":0,"_bbp_forum_subforum_count":0,"site-sidebar-layout":"default","site-content-layout":"","ast-site-content-layout":"","site-content-style":"default","site-sidebar-style":"default","ast-global-header-display":"","ast-banner-title-visibility":"","ast-main-header-display":"","ast-hfb-above-header-display":"","ast-hfb-below-header-display":"","ast-hfb-mobile-header-display":"","site-post-title":"","ast-breadcrumbs-content":"","ast-featured-img":"","footer-sml-layout":"","theme-transparent-header-meta":"","adv-header-id-meta":"","stick-header-meta":"","header-above-stick-meta":"","header-main-stick-meta":"","header-below-stick-meta":"","astra-migrate-meta-layouts":"default","ast-page-background-enabled":"default","ast-page-background-meta":{"desktop":{"background-color":"var(--ast-global-color-4)","background-image":"","background-repeat":"repeat","background-position":"center center","background-size":"auto","background-attachment":"scroll","background-type":"","background-media":"","overlay-type":"","overlay-color":"","overlay-opacity":"","overlay-gradient":""},"tablet":{"background-color":"","background-image":"","background-repeat":"repeat","background-position":"center center","background-size":"auto","background-attachment":"scroll","background-type":"","background-media":"","overlay-type":"","overlay-color":"","overlay-opacity":"","overlay-gradient":""},"mobile":{"background-color":"","background-image":"","background-repeat":"repeat","background-position":"center center","background-size":"auto","background-attachment":"scroll","background-type":"","background-media":"","overlay-type":"","overlay-color":"","overlay-opacity":"","overlay-gradient":""}},"ast-content-background-meta":{"desktop":{"background-color":"var(--ast-global-color-5)","background-image":"","background-repeat":"repeat","background-position":"center center","background-size":"auto","background-attachment":"scroll","background-type":"","background-media":"","overlay-type":"","overlay-color":"","overlay-opacity":"","overlay-gradient":""},"tablet":{"background-color":"var(--ast-global-color-5)","background-image":"","background-repeat":"repeat","background-position":"center center","background-size":"auto","background-attachment":"scroll","background-type":"","background-media":"","overlay-type":"","overlay-color":"","overlay-opacity":"","overlay-gradient":""},"mobile":{"background-color":"var(--ast-global-color-5)","background-image":"","background-repeat":"repeat","background-position":"center center","background-size":"auto","background-attachment":"scroll","background-type":"","background-media":"","overlay-type":"","overlay-color":"","overlay-opacity":"","overlay-gradient":""}},"footnotes":""},"categories":[310,302,303,482,64,1,29,309],"tags":[316,344,351,336,297],"class_list":["post-10328","post","type-post","status-publish","format-standard","has-post-thumbnail","hentry","category-agenda","category-facilitats","category-referents","category-hibridacio","category-comunitat","category-general","category-portada","category-recursos","tag-aprenentatge","tag-curs-2020-2021","tag-dimensions-qualitat-educativa","tag-laboratori-de-millora-educativa","tag-millora-educativa"],"post_mailing_queue_ids":[],"_links":{"self":[{"href":"https:\/\/projectes.xtec.cat\/laboratori-millora-educativa\/wp-json\/wp\/v2\/posts\/10328","targetHints":{"allow":["GET"]}}],"collection":[{"href":"https:\/\/projectes.xtec.cat\/laboratori-millora-educativa\/wp-json\/wp\/v2\/posts"}],"about":[{"href":"https:\/\/projectes.xtec.cat\/laboratori-millora-educativa\/wp-json\/wp\/v2\/types\/post"}],"author":[{"embeddable":true,"href":"https:\/\/projectes.xtec.cat\/laboratori-millora-educativa\/wp-json\/wp\/v2\/users\/65"}],"replies":[{"embeddable":true,"href":"https:\/\/projectes.xtec.cat\/laboratori-millora-educativa\/wp-json\/wp\/v2\/comments?post=10328"}],"version-history":[{"count":3,"href":"https:\/\/projectes.xtec.cat\/laboratori-millora-educativa\/wp-json\/wp\/v2\/posts\/10328\/revisions"}],"predecessor-version":[{"id":10354,"href":"https:\/\/projectes.xtec.cat\/laboratori-millora-educativa\/wp-json\/wp\/v2\/posts\/10328\/revisions\/10354"}],"wp:featuredmedia":[{"embeddable":true,"href":"https:\/\/projectes.xtec.cat\/laboratori-millora-educativa\/wp-json\/wp\/v2\/media\/10333"}],"wp:attachment":[{"href":"https:\/\/projectes.xtec.cat\/laboratori-millora-educativa\/wp-json\/wp\/v2\/media?parent=10328"}],"wp:term":[{"taxonomy":"category","embeddable":true,"href":"https:\/\/projectes.xtec.cat\/laboratori-millora-educativa\/wp-json\/wp\/v2\/categories?post=10328"},{"taxonomy":"post_tag","embeddable":true,"href":"https:\/\/projectes.xtec.cat\/laboratori-millora-educativa\/wp-json\/wp\/v2\/tags?post=10328"}],"curies":[{"name":"wp","href":"https:\/\/api.w.org\/{rel}","templated":true}]}}