{"id":11357,"date":"2021-07-04T08:53:55","date_gmt":"2021-07-04T06:53:55","guid":{"rendered":"https:\/\/projectes.xtec.cat\/transformacioenxarxa\/?p=11357"},"modified":"2025-12-17T19:34:52","modified_gmt":"2025-12-17T18:34:52","slug":"12-nous-centres-referents-del-laboratori","status":"publish","type":"post","link":"https:\/\/projectes.xtec.cat\/laboratori-millora-educativa\/general\/12-nous-centres-referents-del-laboratori\/","title":{"rendered":"12 nous centres Referents del Laboratori"},"content":{"rendered":"<p>&nbsp;<\/p>\n<p>El Laboratori de Transformaci\u00f3 Educativa dona la benvinguda als 12 centres que s&#8217;incorporen el proper curs 2021 &#8211; 2022 a la Comunitat de Centres Referents del Laboratori.<\/p>\n<p>Els nous centres referents s\u00f3n:<\/p>\n<ul>\n<li><a href=\"https:\/\/agora.xtec.cat\/zerconca\/\" target=\"_blank\" rel=\"noopener noreferrer\">ZER Conca de Barber\u00e0<\/a> a Solivella<\/li>\n<li><a href=\"https:\/\/agora.xtec.cat\/iemontsant\/\" target=\"_blank\" rel=\"noopener noreferrer\">Institut Escola Corbatera<\/a> de Cornudella de Montsant<\/li>\n<li><a href=\"https:\/\/agora.xtec.cat\/ceipmariafortuny\/\" target=\"_blank\" rel=\"noopener noreferrer\">Escola Mari\u00e0 Fortuny<\/a> de Reus<\/li>\n<li><a href=\"https:\/\/agora.xtec.cat\/insbaixamar\/\" target=\"_blank\" rel=\"noopener noreferrer\">Institut Baix a Mar<\/a> de Vilanova i la Geltr\u00fa<\/li>\n<li><a href=\"https:\/\/agora.xtec.cat\/escolajaumemiret\/\" target=\"_blank\" rel=\"noopener noreferrer\">Escola Jaume Miret<\/a> de Soses<\/li>\n<li><a href=\"http:\/\/www.escolaeltemple.cat\/\" target=\"_blank\" rel=\"noopener noreferrer\">Institut Escola El Temple<\/a> de Tortosa<\/li>\n<li><a href=\"https:\/\/agora.xtec.cat\/ceip-puigcavaller\/\" target=\"_blank\" rel=\"noopener noreferrer\">Escola Puig i Cavaller<\/a> de Gandesa<\/li>\n<li><a href=\"https:\/\/agora.xtec.cat\/ceipflix\/\" target=\"_blank\" rel=\"noopener noreferrer\">Escola Enric Grau i Fontser\u00e9<\/a> de Flix<\/li>\n<li><a href=\"https:\/\/www.bellera.cat\/wordpress\/\" target=\"_blank\" rel=\"noopener noreferrer\">Institut Celest\u00ed Bellera<\/a> de Granollers<\/li>\n<li><a href=\"https:\/\/agora.xtec.cat\/ceip-lola-anglada-esplugues\/\" target=\"_blank\" rel=\"noopener noreferrer\">Escola Lola Anglada<\/a> d&#8217;Esplugues de Llobregat<\/li>\n<li><a href=\"http:\/\/www.escolaedumar.org\/\" target=\"_blank\" rel=\"noopener noreferrer\">Escola Edumar<\/a> de Castelldefels<\/li>\n<li><a href=\"https:\/\/agora.xtec.cat\/escolalavilapalamos\/\" target=\"_blank\" rel=\"noopener noreferrer\">Escola La Vila<\/a> de Palam\u00f3s<\/li>\n<\/ul>\n<p>Ser un centre referent del Laboratori implica haver dut a terme un proc\u00e9s singular i reeixit de transformaci\u00f3 que, amb la complicitat de tota la comunitat, ha estat capa\u00e7 de formular i acomplir un nou enfocament educatiu, redissenyar l\u2019organitzaci\u00f3 i gesti\u00f3 del centre, implementar noves metodologies d\u2019aprenentatge i de treball en xarxa, i desenvolupar ecosistemes educatius, per donar resposta a les necessitats del seu alumnat. A m\u00e9s, els centres referents han hagut de consolidar com a cultura de centre els processos de transformaci\u00f3 educativa i, per tant, com a organitzacions que aprenen, es troben m\u00e9s capacitats per a la detecci\u00f3 preco\u00e7 de noves necessitats i donar resposta a paradigmes educatius futurs.<\/p>\n<p>La seva relaci\u00f3 amb el Laboratori i amb el PAcTE s\u2019orienta a dues finalitats:<\/p>\n<p><strong>R+D+I:<\/strong> experimentaci\u00f3 <em>in situ<\/em>, que ha de permetre definir el marc de refer\u00e8ncia de qualitat educativa i desplegar l\u2019article 85 de la LEC respecte dels Centres de Refer\u00e8ncia.<\/p>\n<p><strong>PAcTE:<\/strong> model de qualitat educativa del Laboratori vers els altres centres.<\/p>\n<p>&nbsp;<\/p>\n<p>&nbsp;<\/p>\n","protected":false},"excerpt":{"rendered":"<p>&nbsp; El Laboratori de Transformaci\u00f3 Educativa dona la benvinguda als 12 centres que s&#8217;incorporen el proper curs 2021 &#8211; 2022 a la Comunitat de Centres Referents del Laboratori. Els nous centres referents s\u00f3n: ZER Conca de Barber\u00e0 a Solivella Institut Escola Corbatera de Cornudella de Montsant Escola Mari\u00e0 Fortuny de Reus Institut Baix a Mar [&hellip;]<\/p>\n","protected":false},"author":3,"featured_media":9323,"comment_status":"open","ping_status":"closed","sticky":false,"template":"","format":"standard","meta":{"_bbp_topic_count":0,"_bbp_reply_count":0,"_bbp_total_topic_count":0,"_bbp_total_reply_count":0,"_bbp_voice_count":0,"_bbp_anonymous_reply_count":0,"_bbp_topic_count_hidden":0,"_bbp_reply_count_hidden":0,"_bbp_forum_subforum_count":0,"site-sidebar-layout":"default","site-content-layout":"","ast-site-content-layout":"","site-content-style":"default","site-sidebar-style":"default","ast-global-header-display":"","ast-banner-title-visibility":"","ast-main-header-display":"","ast-hfb-above-header-display":"","ast-hfb-below-header-display":"","ast-hfb-mobile-header-display":"","site-post-title":"","ast-breadcrumbs-content":"","ast-featured-img":"","footer-sml-layout":"","theme-transparent-header-meta":"","adv-header-id-meta":"","stick-header-meta":"","header-above-stick-meta":"","header-main-stick-meta":"","header-below-stick-meta":"","astra-migrate-meta-layouts":"default","ast-page-background-enabled":"default","ast-page-background-meta":{"desktop":{"background-color":"var(--ast-global-color-4)","background-image":"","background-repeat":"repeat","background-position":"center center","background-size":"auto","background-attachment":"scroll","background-type":"","background-media":"","overlay-type":"","overlay-color":"","overlay-opacity":"","overlay-gradient":""},"tablet":{"background-color":"","background-image":"","background-repeat":"repeat","background-position":"center center","background-size":"auto","background-attachment":"scroll","background-type":"","background-media":"","overlay-type":"","overlay-color":"","overlay-opacity":"","overlay-gradient":""},"mobile":{"background-color":"","background-image":"","background-repeat":"repeat","background-position":"center center","background-size":"auto","background-attachment":"scroll","background-type":"","background-media":"","overlay-type":"","overlay-color":"","overlay-opacity":"","overlay-gradient":""}},"ast-content-background-meta":{"desktop":{"background-color":"var(--ast-global-color-5)","background-image":"","background-repeat":"repeat","background-position":"center center","background-size":"auto","background-attachment":"scroll","background-type":"","background-media":"","overlay-type":"","overlay-color":"","overlay-opacity":"","overlay-gradient":""},"tablet":{"background-color":"var(--ast-global-color-5)","background-image":"","background-repeat":"repeat","background-position":"center center","background-size":"auto","background-attachment":"scroll","background-type":"","background-media":"","overlay-type":"","overlay-color":"","overlay-opacity":"","overlay-gradient":""},"mobile":{"background-color":"var(--ast-global-color-5)","background-image":"","background-repeat":"repeat","background-position":"center center","background-size":"auto","background-attachment":"scroll","background-type":"","background-media":"","overlay-type":"","overlay-color":"","overlay-opacity":"","overlay-gradient":""}},"footnotes":""},"categories":[310,303,64,1,29],"tags":[375,376,779,336,297],"class_list":["post-11357","post","type-post","status-publish","format-standard","has-post-thumbnail","hentry","category-agenda","category-referents","category-comunitat","category-general","category-portada","tag-centres-referents","tag-comunitat-de-transformacio","tag-curs-2021-2022","tag-laboratori-de-millora-educativa","tag-millora-educativa"],"post_mailing_queue_ids":[],"_links":{"self":[{"href":"https:\/\/projectes.xtec.cat\/laboratori-millora-educativa\/wp-json\/wp\/v2\/posts\/11357","targetHints":{"allow":["GET"]}}],"collection":[{"href":"https:\/\/projectes.xtec.cat\/laboratori-millora-educativa\/wp-json\/wp\/v2\/posts"}],"about":[{"href":"https:\/\/projectes.xtec.cat\/laboratori-millora-educativa\/wp-json\/wp\/v2\/types\/post"}],"author":[{"embeddable":true,"href":"https:\/\/projectes.xtec.cat\/laboratori-millora-educativa\/wp-json\/wp\/v2\/users\/3"}],"replies":[{"embeddable":true,"href":"https:\/\/projectes.xtec.cat\/laboratori-millora-educativa\/wp-json\/wp\/v2\/comments?post=11357"}],"version-history":[{"count":3,"href":"https:\/\/projectes.xtec.cat\/laboratori-millora-educativa\/wp-json\/wp\/v2\/posts\/11357\/revisions"}],"predecessor-version":[{"id":11362,"href":"https:\/\/projectes.xtec.cat\/laboratori-millora-educativa\/wp-json\/wp\/v2\/posts\/11357\/revisions\/11362"}],"wp:featuredmedia":[{"embeddable":true,"href":"https:\/\/projectes.xtec.cat\/laboratori-millora-educativa\/wp-json\/wp\/v2\/media\/9323"}],"wp:attachment":[{"href":"https:\/\/projectes.xtec.cat\/laboratori-millora-educativa\/wp-json\/wp\/v2\/media?parent=11357"}],"wp:term":[{"taxonomy":"category","embeddable":true,"href":"https:\/\/projectes.xtec.cat\/laboratori-millora-educativa\/wp-json\/wp\/v2\/categories?post=11357"},{"taxonomy":"post_tag","embeddable":true,"href":"https:\/\/projectes.xtec.cat\/laboratori-millora-educativa\/wp-json\/wp\/v2\/tags?post=11357"}],"curies":[{"name":"wp","href":"https:\/\/api.w.org\/{rel}","templated":true}]}}