{"id":11811,"date":"2021-10-26T11:17:53","date_gmt":"2021-10-26T09:17:53","guid":{"rendered":"https:\/\/projectes.xtec.cat\/transformacioenxarxa\/?p=11811"},"modified":"2025-12-18T13:28:37","modified_gmt":"2025-12-18T12:28:37","slug":"xarxes-per-al-canvi-xarxa-daprenentatge-que-segueix-el-proposit-de-cercar-un-canvi-educatiu-sistemic","status":"publish","type":"post","link":"https:\/\/projectes.xtec.cat\/laboratori-millora-educativa\/general\/xarxes-per-al-canvi-xarxa-daprenentatge-que-segueix-el-proposit-de-cercar-un-canvi-educatiu-sistemic\/","title":{"rendered":"Xarxes per al Canvi:  Xarxa d\u2019aprenentatge que segueix el prop\u00f2sit de cercar un canvi educatiu sist\u00e8mic"},"content":{"rendered":"<p>&nbsp;<\/p>\n<p><span style=\"font-weight: 400;\">Xarxes per al Canvi \u00e9s el programa que emmarca el treball en xarxa entre centres educatius de la ciutat de Barcelona amb l\u2019objectiu d\u2019afavorir la transformaci\u00f3 educativa de cada centre, respectant el punt on es troba cadascun d\u2019ells, per tal d\u2019introduir canvis en les seves pr\u00e0ctiques i en la seva visi\u00f3 de centre partint de l\u2019aprenentatge entre iguals i compartint referents i un marc com\u00fa de cultura de canvi, de la m\u00e0 de la dinamitzadora de refer\u00e8ncia de cada Xarxa.<\/span><\/p>\n<p><span style=\"font-weight: 400;\">Les xarxes estan organitzades amb la idea de fomentar una bona col\u00b7laboraci\u00f3 entre els centres escolars que comparteixen Unitat Educativa de Refer\u00e8ncia per garantir un impacte sist\u00e8mic d\u2019equival\u00e8ncia entre centres, vetllant i fomentant la cultura d\u2019aprenentatge entre iguals de tota la comunitat educativa, tant de l\u2019alumnat, com dels equips educatius amb el seu sentit m\u00e9s ampli, per\u00f2 arribant tamb\u00e9 a les fam\u00edlies i a l\u2019entorn, per tal de nodrir-se d\u2019un enriquiment mutu.<\/span><b><\/b><\/p>\n<p>En aquest article us compartim la presentaci\u00f3 on trobareu com ser\u00e0 l&#8217;organitzaci\u00f3 i calendari d&#8217;aquest curs, el fil conductor <strong>L&#8217;escola com una organitzaci\u00f3 que apr\u00e8n\u00a0<\/strong> que ens acompanyar\u00e0 en totes les sessions. Desitgem que us sigui inspirador:<\/p>\n<p>&nbsp;<\/p>\n<p style=\"text-align: center;\"><a href=\"https:\/\/projectes.xtec.cat\/transformacioenxarxa\/wp-content\/uploads\/usu1468\/2021\/10\/X.-CIUTAT-VELLA-Benvinguda-Xarxes-Setembre-2021.pdf\" target=\"_blank\" rel=\"noopener\"><img loading=\"lazy\" decoding=\"async\" class=\"aligncenter wp-image-11846 size-full\" src=\"https:\/\/projectes.xtec.cat\/transformacioenxarxa\/wp-content\/uploads\/usu1468\/2021\/10\/Anotacio-2021-10-26-111218.png\" alt=\"\" width=\"950\" height=\"534\" srcset=\"https:\/\/projectes.xtec.cat\/laboratori-millora-educativa\/wp-content\/uploads\/usu1468\/2021\/10\/Anotacio-2021-10-26-111218.png 950w, https:\/\/projectes.xtec.cat\/laboratori-millora-educativa\/wp-content\/uploads\/usu1468\/2021\/10\/Anotacio-2021-10-26-111218-300x169.png 300w, https:\/\/projectes.xtec.cat\/laboratori-millora-educativa\/wp-content\/uploads\/usu1468\/2021\/10\/Anotacio-2021-10-26-111218-768x432.png 768w\" sizes=\"auto, (max-width: 950px) 100vw, 950px\" \/><\/a><\/p>\n<p>&nbsp;<\/p>\n<p>&nbsp;<\/p>\n<p>&nbsp;<\/p>\n","protected":false},"excerpt":{"rendered":"<p>&nbsp; Xarxes per al Canvi \u00e9s el programa que emmarca el treball en xarxa entre centres educatius de la ciutat de Barcelona amb l\u2019objectiu d\u2019afavorir la transformaci\u00f3 educativa de cada centre, respectant el punt on es troba cadascun d\u2019ells, per tal d\u2019introduir canvis en les seves pr\u00e0ctiques i en la seva visi\u00f3 de centre partint [&hellip;]<\/p>\n","protected":false},"author":165,"featured_media":11846,"comment_status":"open","ping_status":"closed","sticky":false,"template":"","format":"standard","meta":{"_bbp_topic_count":0,"_bbp_reply_count":0,"_bbp_total_topic_count":0,"_bbp_total_reply_count":0,"_bbp_voice_count":0,"_bbp_anonymous_reply_count":0,"_bbp_topic_count_hidden":0,"_bbp_reply_count_hidden":0,"_bbp_forum_subforum_count":0,"site-sidebar-layout":"default","site-content-layout":"","ast-site-content-layout":"","site-content-style":"default","site-sidebar-style":"default","ast-global-header-display":"","ast-banner-title-visibility":"","ast-main-header-display":"","ast-hfb-above-header-display":"","ast-hfb-below-header-display":"","ast-hfb-mobile-header-display":"","site-post-title":"","ast-breadcrumbs-content":"","ast-featured-img":"","footer-sml-layout":"","theme-transparent-header-meta":"","adv-header-id-meta":"","stick-header-meta":"","header-above-stick-meta":"","header-main-stick-meta":"","header-below-stick-meta":"","astra-migrate-meta-layouts":"default","ast-page-background-enabled":"default","ast-page-background-meta":{"desktop":{"background-color":"var(--ast-global-color-4)","background-image":"","background-repeat":"repeat","background-position":"center center","background-size":"auto","background-attachment":"scroll","background-type":"","background-media":"","overlay-type":"","overlay-color":"","overlay-opacity":"","overlay-gradient":""},"tablet":{"background-color":"","background-image":"","background-repeat":"repeat","background-position":"center center","background-size":"auto","background-attachment":"scroll","background-type":"","background-media":"","overlay-type":"","overlay-color":"","overlay-opacity":"","overlay-gradient":""},"mobile":{"background-color":"","background-image":"","background-repeat":"repeat","background-position":"center center","background-size":"auto","background-attachment":"scroll","background-type":"","background-media":"","overlay-type":"","overlay-color":"","overlay-opacity":"","overlay-gradient":""}},"ast-content-background-meta":{"desktop":{"background-color":"var(--ast-global-color-5)","background-image":"","background-repeat":"repeat","background-position":"center center","background-size":"auto","background-attachment":"scroll","background-type":"","background-media":"","overlay-type":"","overlay-color":"","overlay-opacity":"","overlay-gradient":""},"tablet":{"background-color":"var(--ast-global-color-5)","background-image":"","background-repeat":"repeat","background-position":"center center","background-size":"auto","background-attachment":"scroll","background-type":"","background-media":"","overlay-type":"","overlay-color":"","overlay-opacity":"","overlay-gradient":""},"mobile":{"background-color":"var(--ast-global-color-5)","background-image":"","background-repeat":"repeat","background-position":"center center","background-size":"auto","background-attachment":"scroll","background-type":"","background-media":"","overlay-type":"","overlay-color":"","overlay-opacity":"","overlay-gradient":""}},"footnotes":""},"categories":[310,302,303,64,1,29,66],"tags":[779,297,928],"class_list":["post-11811","post","type-post","status-publish","format-standard","has-post-thumbnail","hentry","category-agenda","category-facilitats","category-referents","category-comunitat","category-general","category-portada","category-xarxa-territorial-de-millora-educativa","tag-curs-2021-2022","tag-millora-educativa","tag-xarxa-territorial-de-millora-educativa"],"post_mailing_queue_ids":[],"_links":{"self":[{"href":"https:\/\/projectes.xtec.cat\/laboratori-millora-educativa\/wp-json\/wp\/v2\/posts\/11811","targetHints":{"allow":["GET"]}}],"collection":[{"href":"https:\/\/projectes.xtec.cat\/laboratori-millora-educativa\/wp-json\/wp\/v2\/posts"}],"about":[{"href":"https:\/\/projectes.xtec.cat\/laboratori-millora-educativa\/wp-json\/wp\/v2\/types\/post"}],"author":[{"embeddable":true,"href":"https:\/\/projectes.xtec.cat\/laboratori-millora-educativa\/wp-json\/wp\/v2\/users\/165"}],"replies":[{"embeddable":true,"href":"https:\/\/projectes.xtec.cat\/laboratori-millora-educativa\/wp-json\/wp\/v2\/comments?post=11811"}],"version-history":[{"count":3,"href":"https:\/\/projectes.xtec.cat\/laboratori-millora-educativa\/wp-json\/wp\/v2\/posts\/11811\/revisions"}],"predecessor-version":[{"id":11849,"href":"https:\/\/projectes.xtec.cat\/laboratori-millora-educativa\/wp-json\/wp\/v2\/posts\/11811\/revisions\/11849"}],"wp:featuredmedia":[{"embeddable":true,"href":"https:\/\/projectes.xtec.cat\/laboratori-millora-educativa\/wp-json\/wp\/v2\/media\/11846"}],"wp:attachment":[{"href":"https:\/\/projectes.xtec.cat\/laboratori-millora-educativa\/wp-json\/wp\/v2\/media?parent=11811"}],"wp:term":[{"taxonomy":"category","embeddable":true,"href":"https:\/\/projectes.xtec.cat\/laboratori-millora-educativa\/wp-json\/wp\/v2\/categories?post=11811"},{"taxonomy":"post_tag","embeddable":true,"href":"https:\/\/projectes.xtec.cat\/laboratori-millora-educativa\/wp-json\/wp\/v2\/tags?post=11811"}],"curies":[{"name":"wp","href":"https:\/\/api.w.org\/{rel}","templated":true}]}}