{"id":11876,"date":"2021-11-03T15:42:25","date_gmt":"2021-11-03T14:42:25","guid":{"rendered":"https:\/\/projectes.xtec.cat\/transformacioenxarxa\/?p=11876"},"modified":"2021-11-15T07:46:32","modified_gmt":"2021-11-15T06:46:32","slug":"taula-49-complicitats-per-transformar-el-sistema-educatiu-a-la-xix-jornada-de-qualitat-a-lensenyament","status":"publish","type":"post","link":"https:\/\/projectes.xtec.cat\/laboratori-millora-educativa\/general\/taula-49-complicitats-per-transformar-el-sistema-educatiu-a-la-xix-jornada-de-qualitat-a-lensenyament\/","title":{"rendered":"Taula 49 &#8220;Complicitats per transformar el sistema educatiu&#8221; a la XIX Jornada de Qualitat a l&#8217;Ensenyament"},"content":{"rendered":"<p>&nbsp;<\/p>\n<p>L&#8217;11 de novembre t\u00e9 lloc la <a href=\"https:\/\/sites.google.com\/xtec.cat\/xixjornadadequalitat\/inici?authuser=0\" target=\"_blank\" rel=\"noopener noreferrer\">XIX Jornada de Qualitat a l\u2019Ensenyament<\/a>, organitzada en el marc del<span style=\"font-family: inherit; font-size: 1em;\"> Programa de qualitat i millora cont\u00ednua (PQiMC). El programa d\u2019aquesta XIX Jornada pret\u00e9n posar el focus en la import\u00e0ncia que t\u00e9 la gesti\u00f3 de la informaci\u00f3 i el coneixement en els centres educatius. Les organitzacions han de ser capaces de desenvolupar estrat\u00e8gies per aprendre, generar coneixement i transformar-se a partir d\u2019aquest, orientant-se cap a esdevenir un centre intel\u00b7ligent.<\/span><\/p>\n<p>&nbsp;<\/p>\n<p style=\"text-align: center;\"><a href=\"https:\/\/sites.google.com\/xtec.cat\/xixjornadadequalitat\/inici?authuser=0\" target=\"_blank\" rel=\"noopener\"><img loading=\"lazy\" decoding=\"async\" class=\"aligncenter wp-image-11877 size-full\" src=\"https:\/\/projectes.xtec.cat\/transformacioenxarxa\/wp-content\/uploads\/usu1468\/2021\/11\/Anotacio-2021-11-03-151311.png\" alt=\"\" width=\"1342\" height=\"361\" srcset=\"https:\/\/projectes.xtec.cat\/laboratori-millora-educativa\/wp-content\/uploads\/usu1468\/2021\/11\/Anotacio-2021-11-03-151311.png 1342w, https:\/\/projectes.xtec.cat\/laboratori-millora-educativa\/wp-content\/uploads\/usu1468\/2021\/11\/Anotacio-2021-11-03-151311-300x81.png 300w, https:\/\/projectes.xtec.cat\/laboratori-millora-educativa\/wp-content\/uploads\/usu1468\/2021\/11\/Anotacio-2021-11-03-151311-1024x275.png 1024w, https:\/\/projectes.xtec.cat\/laboratori-millora-educativa\/wp-content\/uploads\/usu1468\/2021\/11\/Anotacio-2021-11-03-151311-768x207.png 768w\" sizes=\"auto, (max-width: 1342px) 100vw, 1342px\" \/><\/a><\/p>\n<p>&nbsp;<\/p>\n<p>En aquesta Jornada s&#8217;han organitzat\u00a067 taules simult\u00e0nies on es comparteixen bones pr\u00e0ctiques educatives i de gesti\u00f3. El Laboratori de Transformaci\u00f3 Educativa participa a la <a href=\"https:\/\/sites.google.com\/xtec.cat\/xixjornadadequalitat\/taules-de-work-caf%C3%A8?authuser=0\" target=\"_blank\" rel=\"noopener noreferrer\">Taula 49 &#8220;Complicitats per transformar el sistema&#8221;<\/a>. La transformaci\u00f3 educativa ha esdevingut una necessitat dels centres educatius, per\u00f2 tamb\u00e9 de tot el sistema, per oferir millors oportunitats d\u2019aprenentatge personalitzat i per aconseguir el ple desenvolupament personal i social. Aquest desenvolupament ha de permetre afrontar els reptes que suposa l\u2019adaptaci\u00f3 i l\u2019aprenentatge constant en un m\u00f3n canviant on conviure de forma respectuosa per construir una societat millor. La transformaci\u00f3 educativa no nom\u00e9s introdueix aspectes de canvi sin\u00f3 que impulsa un nou paradigma sobre la manera de pensar, fer i sentir, tenint en compte la nova realitat on les transformacions s\u00f3n processos integrals, subjectes a canvis i adaptacions segons el context i necessitats dels centres. En aquest prop\u00f2sit transformador, els centres necessiten treballar en xarxa, creant vincles de cooperaci\u00f3 entre ells i amb l&#8217;entorn, en una perspectiva territorial de transformaci\u00f3 del propi sistema educatiu. En aquesta taula, diversos centres expliquen la seva experi\u00e8ncia de cooperaci\u00f3 entre els centres que comparteixen el mateix entorn, aix\u00ed com del conjunt d&#8217;agents d&#8217;acompanyament, per tal de donar resposta a les necessitats personals i socials de l&#8217;alumnat:<\/p>\n<h5><\/h5>\n<p>&nbsp;<\/p>\n<h5>Teixint complicitats: connectant les possibilitats educatives del territori<\/h5>\n<p>Sabem que la clau de l\u2019\u00e8xit de qualsevol proposta que ens plantegem com a centre educatiu \u00e9s el treball en xarxa: compartir experi\u00e8ncies, tenir temps per a la reflexi\u00f3 i la discussi\u00f3 pedag\u00f2giques amb tota la comunitat educativa, disposar d\u2019un acompanyament per tal d\u2019establir reptes comuns i vincular els aprenentatges que es donen dins i fora de l&#8217;escola.<\/p>\n<p>\u00c9s per aix\u00f2 que l\u2019escola fomenta l\u2018exist\u00e8ncia de processos participatius i democr\u00e0tics amb tots els estaments de la comunitat educativa per tal de construir la cultura d\u2019escola de manera compartida.<\/p>\n<p>Aquest treball en xarxa ens ha perm\u00e8s seguir un cam\u00ed de transformaci\u00f3 educativa molt profund: el treball del patrimoni local (Jaciment de Gebut); l&#8217;elaboraci\u00f3 del Projecte Educatiu de Centre amb una mirada comunit\u00e0ria, democr\u00e0tica i compartida; i l&#8217;impuls d&#8217;un Projecte Educatiu Municipal.<\/p>\n<p><strong>Ponents:<\/strong> Merc\u00e8 Roca i Marta Ceron (Escola Jaume Miret de Soses)<br \/>\n<a href=\"https:\/\/projectes.xtec.cat\/transformacioenxarxa\/wp-content\/uploads\/usu1468\/2021\/11\/COMPLICITATS-PER-A-TRANSFORMAR-EL-SISTEMA.pdf\" target=\"_blank\" rel=\"noopener\">Presentaci\u00f3 digital<\/a><\/p>\n<p>&nbsp;<\/p>\n<h5>La ZER L&#8217;Oliver, una organitzaci\u00f3 transformadora<\/h5>\n<p>L\u2019organitzaci\u00f3 de les zones escolars rurals (ZER) \u00e9s un element de transformaci\u00f3 clau. El treball en xarxa amb les diferents escoles que la formen i les diferents realitats socials de cada poble fan que s\u2019hagi d\u2019establir un treball coordinat on l\u2019equip esdev\u00e9 un pilar fonamental de transformaci\u00f3. Aix\u00ed doncs, l\u2019equip directiu, el consell de direcci\u00f3, els claustres, els cicles, els mestres itinerants&#8230; cadasc\u00fa des de la seva parcel\u00b7la forma part d\u2019un engranatge com\u00fa que fa avan\u00e7ar la nostra ZER vers la transformaci\u00f3 educativa.<\/p>\n<p><strong>Ponents:<\/strong> Yolanda Hern\u00e1ndez i Raquel Bar\u00f3 (ZER L&#8217;Oliver de Maials)<br \/>\n<a href=\"https:\/\/projectes.xtec.cat\/transformacioenxarxa\/wp-content\/uploads\/usu1468\/2021\/11\/Presentacio-ZER-LOLIVER_taula-49.pdf\" target=\"_blank\" rel=\"noopener\">Presentaci\u00f3 digital<\/a><\/p>\n<h5 style=\"text-align: center;\"><\/h5>\n<h5><\/h5>\n<p>&nbsp;<\/p>\n<h5>A les Xarxes, sumar multiplica! Model de Xarxa d&#8217;Escoles P\u00fabliques de Reus<\/h5>\n<p>Les escoles p\u00fabliques de Reus fan xarxa per avan\u00e7ar en la transformaci\u00f3 educativa i social de la ciutat. Treballar plegats ens ajuda a teixir aliances, compartir recursos, enfocar objectius i cr\u00e9ixer plegats. A les Xarxes, sumar multiplica!<\/p>\n<p><strong>Ponents:<\/strong> Xarxa d&#8217;Escoles P\u00fabliques de Reus. Francesc Xavier Torrell (Escola Doctor Alberich i Casas) i David Roco (Escola Prat de la Riba)<br \/>\n<a href=\"https:\/\/projectes.xtec.cat\/transformacioenxarxa\/wp-content\/uploads\/usu1468\/2021\/11\/XEPR-Presentacio\u0301_nov21-1_compressed.pdf\" target=\"_blank\" rel=\"noopener\">Presentaci\u00f3 digital<\/a><\/p>\n<p>&nbsp;<\/p>\n<p>Disposeu a continuaci\u00f3 de la gravaci\u00f3 de la sessi\u00f3:<\/p>\n<p>&nbsp;<\/p>\n<p style=\"text-align: center;\"><iframe loading=\"lazy\" src=\"\/\/www.youtube.com\/embed\/3NHsaj5Ut0Q\" width=\"850\" height=\"477\" allowfullscreen=\"allowfullscreen\"><\/iframe><\/p>\n<p>&nbsp;<\/p>\n<p>Despr\u00e9s de les pon\u00e8ncies, els participants obren el di\u00e0leg que, com podeu seguir al v\u00eddeo anterior, se centra en les oportunitats del treball en xarxa per desenvolupar projectes de centre compartits al territori que facilitin la continu\u00eftat pedag\u00f2gica entre prim\u00e0ria i secund\u00e0ria.<\/p>\n<p>A m\u00e9s, els ponents van preparar les seg\u00fcents preguntes que conviden a la reflexi\u00f3. Us proposem que compartiu els vostres comentaris al final d&#8217;aquest article:<\/p>\n<p>&nbsp;<\/p>\n<ul>\n<li style=\"list-style-type: none;\">\n<ul>\n<li>\n<h6>Quines oportunitats educatives (entitats, agents&#8230;) disposeu al vostre entorn? Com us hi podeu posar en contacte? Responen a les necessitats de l&#8217;escola?<\/h6>\n<\/li>\n<li>\n<h6>Com podem afavorir una participaci\u00f3 real de totes o de la majoria de les fam\u00edlies?<\/h6>\n<\/li>\n<li>\n<h6>S&#8217;ent\u00e9n el patrimoni com un b\u00e9 que uneix cultures en un origen com\u00fa? \u00c9s un bon punt de partida per connectar amb la comunitat educativa?<\/h6>\n<\/li>\n<li>\n<h6>Qu\u00e8 podem fer per empoderar les fam\u00edlies d&#8217;origen marroqu\u00ed o d&#8217;altres or\u00edgens perqu\u00e8 tinguin una participaci\u00f3 proactiva a la vida de l&#8217;escola i en les activitats l\u00fadiques i de lleure que es proposen en l&#8217;entorn municipal?<\/h6>\n<\/li>\n<li>\n<h6>Des d&#8217;una escola petita i de poble es pot acabar transformant el territori?<\/h6>\n<\/li>\n<li>\n<h6>Totes les peces de l&#8217;engranatge funcionen per igual? Qu\u00e8 fem si una pe\u00e7a de l&#8217;engranatge falla?<\/h6>\n<\/li>\n<li>\n<h6>L&#8217;estructura organitzativa del centre afavoreix la implementaci\u00f3 dels processos de transformaci\u00f3 i de millora de la qualitat educativa?<\/h6>\n<\/li>\n<li>\n<h6>Per on comen\u00e7ar a teixir una xarxa de ciutat?<\/h6>\n<\/li>\n<li>\n<h6>Quines dificultats cal afrontar a l&#8217;hora de crear una xarxa de centres?<\/h6>\n<\/li>\n<li>\n<h6>Es possible transformar el territori sense el treball en xarxa dels centres?<\/h6>\n<\/li>\n<\/ul>\n<\/li>\n<\/ul>\n<p>&nbsp;<\/p>\n<p>&nbsp;<\/p>\n<p>&nbsp;<\/p>\n<p><img loading=\"lazy\" decoding=\"async\" class=\" wp-image-9307 aligncenter\" src=\"https:\/\/projectes.xtec.cat\/transformacioenxarxa\/wp-content\/uploads\/usu1468\/2020\/11\/LOGO-PQiMC2.jpg\" alt=\"\" width=\"549\" height=\"123\" srcset=\"https:\/\/projectes.xtec.cat\/laboratori-millora-educativa\/wp-content\/uploads\/usu1468\/2020\/11\/LOGO-PQiMC2.jpg 902w, https:\/\/projectes.xtec.cat\/laboratori-millora-educativa\/wp-content\/uploads\/usu1468\/2020\/11\/LOGO-PQiMC2-300x67.jpg 300w, https:\/\/projectes.xtec.cat\/laboratori-millora-educativa\/wp-content\/uploads\/usu1468\/2020\/11\/LOGO-PQiMC2-768x172.jpg 768w\" sizes=\"auto, (max-width: 549px) 100vw, 549px\" \/><\/p>\n<p>&nbsp;<\/p>\n<p><img loading=\"lazy\" decoding=\"async\" class=\" wp-image-9308 aligncenter\" src=\"https:\/\/projectes.xtec.cat\/transformacioenxarxa\/wp-content\/uploads\/usu1468\/2020\/11\/tres-logos.jpg\" alt=\"\" width=\"531\" height=\"36\" srcset=\"https:\/\/projectes.xtec.cat\/laboratori-millora-educativa\/wp-content\/uploads\/usu1468\/2020\/11\/tres-logos.jpg 1676w, https:\/\/projectes.xtec.cat\/laboratori-millora-educativa\/wp-content\/uploads\/usu1468\/2020\/11\/tres-logos-300x21.jpg 300w, https:\/\/projectes.xtec.cat\/laboratori-millora-educativa\/wp-content\/uploads\/usu1468\/2020\/11\/tres-logos-768x53.jpg 768w, https:\/\/projectes.xtec.cat\/laboratori-millora-educativa\/wp-content\/uploads\/usu1468\/2020\/11\/tres-logos-1024x71.jpg 1024w\" sizes=\"auto, (max-width: 531px) 100vw, 531px\" \/><\/p>\n<p>&nbsp;<\/p>\n<p>&nbsp;<\/p>\n<p>&nbsp;<\/p>\n","protected":false},"excerpt":{"rendered":"<p>&nbsp; L&#8217;11 de novembre t\u00e9 lloc la XIX Jornada de Qualitat a l\u2019Ensenyament, organitzada en el marc del Programa de qualitat i millora cont\u00ednua (PQiMC). El programa d\u2019aquesta XIX Jornada pret\u00e9n posar el focus en la import\u00e0ncia que t\u00e9 la gesti\u00f3 de la informaci\u00f3 i el coneixement en els centres educatius. Les organitzacions han de [&hellip;]<\/p>\n","protected":false},"author":3,"featured_media":11877,"comment_status":"open","ping_status":"closed","sticky":false,"template":"","format":"standard","meta":{"_bbp_topic_count":0,"_bbp_reply_count":0,"_bbp_total_topic_count":0,"_bbp_total_reply_count":0,"_bbp_voice_count":0,"_bbp_anonymous_reply_count":0,"_bbp_topic_count_hidden":0,"_bbp_reply_count_hidden":0,"_bbp_forum_subforum_count":0,"site-sidebar-layout":"default","site-content-layout":"","ast-site-content-layout":"","site-content-style":"default","site-sidebar-style":"default","ast-global-header-display":"","ast-banner-title-visibility":"","ast-main-header-display":"","ast-hfb-above-header-display":"","ast-hfb-below-header-display":"","ast-hfb-mobile-header-display":"","site-post-title":"","ast-breadcrumbs-content":"","ast-featured-img":"","footer-sml-layout":"","theme-transparent-header-meta":"","adv-header-id-meta":"","stick-header-meta":"","header-above-stick-meta":"","header-main-stick-meta":"","header-below-stick-meta":"","astra-migrate-meta-layouts":"default","ast-page-background-enabled":"default","ast-page-background-meta":{"desktop":{"background-color":"var(--ast-global-color-4)","background-image":"","background-repeat":"repeat","background-position":"center center","background-size":"auto","background-attachment":"scroll","background-type":"","background-media":"","overlay-type":"","overlay-color":"","overlay-opacity":"","overlay-gradient":""},"tablet":{"background-color":"","background-image":"","background-repeat":"repeat","background-position":"center center","background-size":"auto","background-attachment":"scroll","background-type":"","background-media":"","overlay-type":"","overlay-color":"","overlay-opacity":"","overlay-gradient":""},"mobile":{"background-color":"","background-image":"","background-repeat":"repeat","background-position":"center center","background-size":"auto","background-attachment":"scroll","background-type":"","background-media":"","overlay-type":"","overlay-color":"","overlay-opacity":"","overlay-gradient":""}},"ast-content-background-meta":{"desktop":{"background-color":"var(--ast-global-color-5)","background-image":"","background-repeat":"repeat","background-position":"center center","background-size":"auto","background-attachment":"scroll","background-type":"","background-media":"","overlay-type":"","overlay-color":"","overlay-opacity":"","overlay-gradient":""},"tablet":{"background-color":"var(--ast-global-color-5)","background-image":"","background-repeat":"repeat","background-position":"center center","background-size":"auto","background-attachment":"scroll","background-type":"","background-media":"","overlay-type":"","overlay-color":"","overlay-opacity":"","overlay-gradient":""},"mobile":{"background-color":"var(--ast-global-color-5)","background-image":"","background-repeat":"repeat","background-position":"center center","background-size":"auto","background-attachment":"scroll","background-type":"","background-media":"","overlay-type":"","overlay-color":"","overlay-opacity":"","overlay-gradient":""}},"footnotes":""},"categories":[310,323,1,29],"tags":[297],"class_list":["post-11876","post","type-post","status-publish","format-standard","has-post-thumbnail","hentry","category-agenda","category-esdeveniments","category-general","category-portada","tag-millora-educativa"],"post_mailing_queue_ids":[],"_links":{"self":[{"href":"https:\/\/projectes.xtec.cat\/laboratori-millora-educativa\/wp-json\/wp\/v2\/posts\/11876","targetHints":{"allow":["GET"]}}],"collection":[{"href":"https:\/\/projectes.xtec.cat\/laboratori-millora-educativa\/wp-json\/wp\/v2\/posts"}],"about":[{"href":"https:\/\/projectes.xtec.cat\/laboratori-millora-educativa\/wp-json\/wp\/v2\/types\/post"}],"author":[{"embeddable":true,"href":"https:\/\/projectes.xtec.cat\/laboratori-millora-educativa\/wp-json\/wp\/v2\/users\/3"}],"replies":[{"embeddable":true,"href":"https:\/\/projectes.xtec.cat\/laboratori-millora-educativa\/wp-json\/wp\/v2\/comments?post=11876"}],"version-history":[{"count":3,"href":"https:\/\/projectes.xtec.cat\/laboratori-millora-educativa\/wp-json\/wp\/v2\/posts\/11876\/revisions"}],"predecessor-version":[{"id":11928,"href":"https:\/\/projectes.xtec.cat\/laboratori-millora-educativa\/wp-json\/wp\/v2\/posts\/11876\/revisions\/11928"}],"wp:featuredmedia":[{"embeddable":true,"href":"https:\/\/projectes.xtec.cat\/laboratori-millora-educativa\/wp-json\/wp\/v2\/media\/11877"}],"wp:attachment":[{"href":"https:\/\/projectes.xtec.cat\/laboratori-millora-educativa\/wp-json\/wp\/v2\/media?parent=11876"}],"wp:term":[{"taxonomy":"category","embeddable":true,"href":"https:\/\/projectes.xtec.cat\/laboratori-millora-educativa\/wp-json\/wp\/v2\/categories?post=11876"},{"taxonomy":"post_tag","embeddable":true,"href":"https:\/\/projectes.xtec.cat\/laboratori-millora-educativa\/wp-json\/wp\/v2\/tags?post=11876"}],"curies":[{"name":"wp","href":"https:\/\/api.w.org\/{rel}","templated":true}]}}