{"id":13075,"date":"2022-05-25T13:53:11","date_gmt":"2022-05-25T11:53:11","guid":{"rendered":"https:\/\/projectes.xtec.cat\/transformacioenxarxa\/?p=13075"},"modified":"2022-05-26T14:31:45","modified_gmt":"2022-05-26T12:31:45","slug":"seminaris-dinspeccio-la-transformacio-educativa-centre-territori-sistema","status":"publish","type":"post","link":"https:\/\/projectes.xtec.cat\/laboratori-millora-educativa\/general\/seminaris-dinspeccio-la-transformacio-educativa-centre-territori-sistema\/","title":{"rendered":"Seminaris d&#8217;Inspecci\u00f3. La transformaci\u00f3 educativa:  centre, territori, sistema"},"content":{"rendered":"<p>&nbsp;<\/p>\n<p>&nbsp;<\/p>\n<p><a href=\"https:\/\/projectes.xtec.cat\/transformacioenxarxa\/wp-content\/uploads\/usu1468\/2022\/05\/Captura-de-pantalla-2022-05-25-134727.png\"><img loading=\"lazy\" decoding=\"async\" class=\"size-full wp-image-13088 aligncenter\" src=\"https:\/\/projectes.xtec.cat\/transformacioenxarxa\/wp-content\/uploads\/usu1468\/2022\/05\/Captura-de-pantalla-2022-05-25-134727.png\" alt=\"\" width=\"709\" height=\"277\" srcset=\"https:\/\/projectes.xtec.cat\/laboratori-millora-educativa\/wp-content\/uploads\/usu1468\/2022\/05\/Captura-de-pantalla-2022-05-25-134727.png 709w, https:\/\/projectes.xtec.cat\/laboratori-millora-educativa\/wp-content\/uploads\/usu1468\/2022\/05\/Captura-de-pantalla-2022-05-25-134727-300x117.png 300w\" sizes=\"auto, (max-width: 709px) 100vw, 709px\" \/><\/a><\/p>\n<p><span style=\"font-weight: 400;\">El laboratori de transformaci\u00f3 educativa organitza un seminari tem\u00e0tic adre\u00e7ats a totes les inspectores i inspectors de Catalunya amb l\u2019objectiu de compartir les l\u00ednies priorit\u00e0ries de la Direcci\u00f3 General d\u2019Innovaci\u00f3, Digitalitzaci\u00f3 i Curr\u00edculum i aprofundir en la transformaci\u00f3 educativa dels centres.<\/span><\/p>\n<p><span style=\"font-weight: 400;\">La primera l\u00ednia priorit\u00e0ria del <\/span><span style=\"font-weight: 400;\">\u00a0<\/span><b>Pla director de la Inspecci\u00f3 d\u2019Educaci\u00f3, per al per\u00edode 2021-2025<\/b><span style=\"font-weight: 400;\">, \u00e9s acompanyar i assessorar els centre i els serveis educatius en el seu proc\u00e9s de transformaci\u00f3 educativa i en el seu cicle de millora cont\u00ednua<\/span><\/p>\n<p><span style=\"font-weight: 400;\">El <\/span><b>Pla director de la Inspecci\u00f3 d\u2019Educaci\u00f3, per al per\u00edode 2021-2025<\/b><span style=\"font-weight: 400;\">, \u00e9s un document estrat\u00e8gic que dona resposta a les necessitats del sistema educatiu i marca un full de ruta sobre les actuacions del cos d\u2019Inspecci\u00f3. Aquestes l\u00ednies estrat\u00e8giques parteixen de la premissa que la Inspecci\u00f3 \u00e9s una palanca de canvi clau per al sistema educatiu.<\/span><\/p>\n<p>&nbsp;<\/p>\n<p style=\"text-align: center;\"><iframe loading=\"lazy\" src=\"\/\/www.youtube.com\/embed\/6O7fRGF2-gI\" width=\"850\" height=\"477\" allowfullscreen=\"allowfullscreen\"><\/iframe><\/p>\n<p>&nbsp;<\/p>\n<p><span style=\"font-weight: 400;\">Podeu accedir a continuaci\u00f3 a la presentaci\u00f3 digital utilitzada a la jornada:<\/span><\/p>\n<p>&nbsp;<\/p>\n<p style=\"text-align: center;\"><a href=\"https:\/\/projectes.xtec.cat\/transformacioenxarxa\/wp-content\/uploads\/usu1468\/2022\/05\/PRESENTACIO-SEMINARIS-INSPECCIO.pdf\"><img loading=\"lazy\" decoding=\"async\" class=\"aligncenter wp-image-13110 size-full\" src=\"https:\/\/projectes.xtec.cat\/transformacioenxarxa\/wp-content\/uploads\/usu1468\/2022\/05\/PRESENTACIO-SEMINARIS-INSPECCIO-3.jpg\" alt=\"\" width=\"960\" height=\"540\" srcset=\"https:\/\/projectes.xtec.cat\/laboratori-millora-educativa\/wp-content\/uploads\/usu1468\/2022\/05\/PRESENTACIO-SEMINARIS-INSPECCIO-3.jpg 960w, https:\/\/projectes.xtec.cat\/laboratori-millora-educativa\/wp-content\/uploads\/usu1468\/2022\/05\/PRESENTACIO-SEMINARIS-INSPECCIO-3-300x169.jpg 300w, https:\/\/projectes.xtec.cat\/laboratori-millora-educativa\/wp-content\/uploads\/usu1468\/2022\/05\/PRESENTACIO-SEMINARIS-INSPECCIO-3-768x432.jpg 768w\" sizes=\"auto, (max-width: 960px) 100vw, 960px\" \/><\/a><\/p>\n<p>&nbsp;<\/p>\n<p><span style=\"font-weight: 400;\">El seminari es divideix en quatre blocs de continguts:<\/span><\/p>\n<p>&nbsp;<\/p>\n<p><strong>Bloc 1: El Laboratori de Transformaci\u00f3 Educativa\u00a0<\/strong><\/p>\n<p><span style=\"font-weight: 400;\">-Compartir significats de transformaci\u00f3 educativa, qualitat educativa i innovaci\u00f3 avan\u00e7ada.<\/span><a href=\"https:\/\/projectes.xtec.cat\/transformacioenxarxa\/wp-content\/uploads\/usu1468\/2022\/05\/Captura-de-pantalla-2022-05-25-132358.png\"><img loading=\"lazy\" decoding=\"async\" class=\"size-full wp-image-13080 aligncenter\" src=\"https:\/\/projectes.xtec.cat\/transformacioenxarxa\/wp-content\/uploads\/usu1468\/2022\/05\/Captura-de-pantalla-2022-05-25-132358.png\" alt=\"\" width=\"900\" height=\"517\" srcset=\"https:\/\/projectes.xtec.cat\/laboratori-millora-educativa\/wp-content\/uploads\/usu1468\/2022\/05\/Captura-de-pantalla-2022-05-25-132358.png 900w, https:\/\/projectes.xtec.cat\/laboratori-millora-educativa\/wp-content\/uploads\/usu1468\/2022\/05\/Captura-de-pantalla-2022-05-25-132358-300x172.png 300w, https:\/\/projectes.xtec.cat\/laboratori-millora-educativa\/wp-content\/uploads\/usu1468\/2022\/05\/Captura-de-pantalla-2022-05-25-132358-768x441.png 768w\" sizes=\"auto, (max-width: 900px) 100vw, 900px\" \/><\/a><\/p>\n<p><a href=\"https:\/\/projectes.xtec.cat\/transformacioenxarxa\/wp-content\/uploads\/usu1468\/2022\/05\/Captura-de-pantalla-2022-05-25-132602.png\"><img loading=\"lazy\" decoding=\"async\" class=\"size-full wp-image-13081 aligncenter\" src=\"https:\/\/projectes.xtec.cat\/transformacioenxarxa\/wp-content\/uploads\/usu1468\/2022\/05\/Captura-de-pantalla-2022-05-25-132602.png\" alt=\"\" width=\"1009\" height=\"550\" srcset=\"https:\/\/projectes.xtec.cat\/laboratori-millora-educativa\/wp-content\/uploads\/usu1468\/2022\/05\/Captura-de-pantalla-2022-05-25-132602.png 1009w, https:\/\/projectes.xtec.cat\/laboratori-millora-educativa\/wp-content\/uploads\/usu1468\/2022\/05\/Captura-de-pantalla-2022-05-25-132602-300x164.png 300w, https:\/\/projectes.xtec.cat\/laboratori-millora-educativa\/wp-content\/uploads\/usu1468\/2022\/05\/Captura-de-pantalla-2022-05-25-132602-768x419.png 768w\" sizes=\"auto, (max-width: 1009px) 100vw, 1009px\" \/><\/a><\/p>\n<p><strong>Bloc 2 : Visi\u00f3 i prop\u00f2sit de centre. Protocol de canvi i estrat\u00e8gies\u00a0<\/strong><\/p>\n<p>Identificar els elements clau per iniciar els processos de canvi i millora.<\/p>\n<p><span style=\"font-weight: 400;\">1.Recon\u00e8ixer la import\u00e0ncia de la visi\u00f3 i del prop\u00f2sit de centre com a fonamentaci\u00f3 del canvi.<\/span><\/p>\n<p><span style=\"font-weight: 400;\">2.Documentar i recollir evid\u00e8ncies dels processos de canvi i millora com a eines per a l\u2019aprenentatge del centre.<\/span><\/p>\n<p><a href=\"https:\/\/projectes.xtec.cat\/transformacioenxarxa\/wp-content\/uploads\/usu1468\/2022\/05\/Captura-de-pantalla-2022-05-25-132939.png\"><img loading=\"lazy\" decoding=\"async\" class=\"size-full wp-image-13082 aligncenter\" src=\"https:\/\/projectes.xtec.cat\/transformacioenxarxa\/wp-content\/uploads\/usu1468\/2022\/05\/Captura-de-pantalla-2022-05-25-132939.png\" alt=\"\" width=\"988\" height=\"460\" srcset=\"https:\/\/projectes.xtec.cat\/laboratori-millora-educativa\/wp-content\/uploads\/usu1468\/2022\/05\/Captura-de-pantalla-2022-05-25-132939.png 988w, https:\/\/projectes.xtec.cat\/laboratori-millora-educativa\/wp-content\/uploads\/usu1468\/2022\/05\/Captura-de-pantalla-2022-05-25-132939-300x140.png 300w, https:\/\/projectes.xtec.cat\/laboratori-millora-educativa\/wp-content\/uploads\/usu1468\/2022\/05\/Captura-de-pantalla-2022-05-25-132939-768x358.png 768w\" sizes=\"auto, (max-width: 988px) 100vw, 988px\" \/><\/a><\/p>\n<p><a href=\"https:\/\/projectes.xtec.cat\/transformacioenxarxa\/wp-content\/uploads\/usu1468\/2022\/05\/Captura-de-pantalla-2022-05-25-133744.png\"><img loading=\"lazy\" decoding=\"async\" class=\"size-full wp-image-13083 aligncenter\" src=\"https:\/\/projectes.xtec.cat\/transformacioenxarxa\/wp-content\/uploads\/usu1468\/2022\/05\/Captura-de-pantalla-2022-05-25-133744.png\" alt=\"\" width=\"502\" height=\"552\" srcset=\"https:\/\/projectes.xtec.cat\/laboratori-millora-educativa\/wp-content\/uploads\/usu1468\/2022\/05\/Captura-de-pantalla-2022-05-25-133744.png 502w, https:\/\/projectes.xtec.cat\/laboratori-millora-educativa\/wp-content\/uploads\/usu1468\/2022\/05\/Captura-de-pantalla-2022-05-25-133744-273x300.png 273w\" sizes=\"auto, (max-width: 502px) 100vw, 502px\" \/><\/a><\/p>\n<p><strong>Bloc 3 : La facilitaci\u00f3 com a proc\u00e9s d\u2019avaluaci\u00f3 formativa interna de centre\u00a0<\/strong><\/p>\n<ol>\n<li style=\"font-weight: 400;\" aria-level=\"1\"><span style=\"font-weight: 400;\"><span style=\"font-weight: 400;\">Fomentar la cultura d\u2019avaluaci\u00f3 formativa mitjan\u00e7ant l\u2019autoavaluaci\u00f3 i la coavaluaci\u00f3 dels agents d\u2019acompanyament en centre<\/span><\/span><\/li>\n<li style=\"font-weight: 400;\" aria-level=\"1\"><span style=\"font-weight: 400;\">Compartir estrat\u00e8gies del proc\u00e9s d\u2019avaluaci\u00f3 formativa interna<\/span><\/li>\n<\/ol>\n<p><a href=\"https:\/\/projectes.xtec.cat\/transformacioenxarxa\/wp-content\/uploads\/usu1468\/2022\/05\/Captura-de-pantalla-2022-05-25-134203.png\"><img loading=\"lazy\" decoding=\"async\" class=\"size-full wp-image-13085 aligncenter\" src=\"https:\/\/projectes.xtec.cat\/transformacioenxarxa\/wp-content\/uploads\/usu1468\/2022\/05\/Captura-de-pantalla-2022-05-25-134203.png\" alt=\"\" width=\"964\" height=\"496\" srcset=\"https:\/\/projectes.xtec.cat\/laboratori-millora-educativa\/wp-content\/uploads\/usu1468\/2022\/05\/Captura-de-pantalla-2022-05-25-134203.png 964w, https:\/\/projectes.xtec.cat\/laboratori-millora-educativa\/wp-content\/uploads\/usu1468\/2022\/05\/Captura-de-pantalla-2022-05-25-134203-300x154.png 300w, https:\/\/projectes.xtec.cat\/laboratori-millora-educativa\/wp-content\/uploads\/usu1468\/2022\/05\/Captura-de-pantalla-2022-05-25-134203-768x395.png 768w\" sizes=\"auto, (max-width: 964px) 100vw, 964px\" \/><\/a><\/p>\n<p>&nbsp;<\/p>\n<p><a href=\"https:\/\/projectes.xtec.cat\/transformacioenxarxa\/wp-content\/uploads\/usu1468\/2022\/05\/Captura-de-pantalla-2022-05-25-134035.png\"><img loading=\"lazy\" decoding=\"async\" class=\"size-full wp-image-13084 aligncenter\" src=\"https:\/\/projectes.xtec.cat\/transformacioenxarxa\/wp-content\/uploads\/usu1468\/2022\/05\/Captura-de-pantalla-2022-05-25-134035.png\" alt=\"\" width=\"996\" height=\"505\" srcset=\"https:\/\/projectes.xtec.cat\/laboratori-millora-educativa\/wp-content\/uploads\/usu1468\/2022\/05\/Captura-de-pantalla-2022-05-25-134035.png 996w, https:\/\/projectes.xtec.cat\/laboratori-millora-educativa\/wp-content\/uploads\/usu1468\/2022\/05\/Captura-de-pantalla-2022-05-25-134035-300x152.png 300w, https:\/\/projectes.xtec.cat\/laboratori-millora-educativa\/wp-content\/uploads\/usu1468\/2022\/05\/Captura-de-pantalla-2022-05-25-134035-768x389.png 768w\" sizes=\"auto, (max-width: 996px) 100vw, 996px\" \/><\/a><\/p>\n<p>&nbsp;<\/p>\n<p><strong>Bloc 4 : L\u2019equip motor territorial com a estrat\u00e8gia de coordinaci\u00f3 dels agents d\u2019acompanyament a centre\u00a0<\/strong><\/p>\n<ol>\n<li style=\"font-weight: 400;\" aria-level=\"1\"><span style=\"font-weight: 400;\"><span style=\"font-weight: 400;\">Promoure la transformaci\u00f3 educativa de tots els centres i del territori. Agents educatius del canvi (persones involucrades, PINN, programes, iniciatives ST i SC, treball en xarxa liderada per la inspecci\u00f3)<\/span><\/span><\/li>\n<li aria-level=\"1\">Potenciar la coordinaci\u00f3 entre diferents agents educatius: la inspecci\u00f3, els serveis educatius i altres agents. El model \u201cEquip Motor Territorial\u201d.<\/li>\n<\/ol>\n<p>&nbsp;<\/p>\n<p><a href=\"https:\/\/projectes.xtec.cat\/transformacioenxarxa\/wp-content\/uploads\/usu1468\/2022\/05\/Captura-de-pantalla-2022-05-25-134429.png\"><img loading=\"lazy\" decoding=\"async\" class=\"size-full wp-image-13086 aligncenter\" src=\"https:\/\/projectes.xtec.cat\/transformacioenxarxa\/wp-content\/uploads\/usu1468\/2022\/05\/Captura-de-pantalla-2022-05-25-134429.png\" alt=\"\" width=\"664\" height=\"442\" srcset=\"https:\/\/projectes.xtec.cat\/laboratori-millora-educativa\/wp-content\/uploads\/usu1468\/2022\/05\/Captura-de-pantalla-2022-05-25-134429.png 664w, https:\/\/projectes.xtec.cat\/laboratori-millora-educativa\/wp-content\/uploads\/usu1468\/2022\/05\/Captura-de-pantalla-2022-05-25-134429-300x200.png 300w\" sizes=\"auto, (max-width: 664px) 100vw, 664px\" \/><\/a><\/p>\n<p><a href=\"https:\/\/projectes.xtec.cat\/transformacioenxarxa\/wp-content\/uploads\/usu1468\/2022\/05\/Captura-de-pantalla-2022-05-25-134609.png\"><img loading=\"lazy\" decoding=\"async\" class=\"size-full wp-image-13087 aligncenter\" src=\"https:\/\/projectes.xtec.cat\/transformacioenxarxa\/wp-content\/uploads\/usu1468\/2022\/05\/Captura-de-pantalla-2022-05-25-134609.png\" alt=\"\" width=\"1014\" height=\"562\" srcset=\"https:\/\/projectes.xtec.cat\/laboratori-millora-educativa\/wp-content\/uploads\/usu1468\/2022\/05\/Captura-de-pantalla-2022-05-25-134609.png 1014w, https:\/\/projectes.xtec.cat\/laboratori-millora-educativa\/wp-content\/uploads\/usu1468\/2022\/05\/Captura-de-pantalla-2022-05-25-134609-300x166.png 300w, https:\/\/projectes.xtec.cat\/laboratori-millora-educativa\/wp-content\/uploads\/usu1468\/2022\/05\/Captura-de-pantalla-2022-05-25-134609-768x426.png 768w\" sizes=\"auto, (max-width: 1014px) 100vw, 1014px\" \/><\/a><\/p>\n<p>&nbsp;<\/p>\n","protected":false},"excerpt":{"rendered":"<p>&nbsp; &nbsp; El laboratori de transformaci\u00f3 educativa organitza un seminari tem\u00e0tic adre\u00e7ats a totes les inspectores i inspectors de Catalunya amb l\u2019objectiu de compartir les l\u00ednies priorit\u00e0ries de la Direcci\u00f3 General d\u2019Innovaci\u00f3, Digitalitzaci\u00f3 i Curr\u00edculum i aprofundir en la transformaci\u00f3 educativa dels centres. La primera l\u00ednia priorit\u00e0ria del \u00a0Pla director de la Inspecci\u00f3 d\u2019Educaci\u00f3, per [&hellip;]<\/p>\n","protected":false},"author":179,"featured_media":13095,"comment_status":"open","ping_status":"closed","sticky":false,"template":"","format":"standard","meta":{"_bbp_topic_count":0,"_bbp_reply_count":0,"_bbp_total_topic_count":0,"_bbp_total_reply_count":0,"_bbp_voice_count":0,"_bbp_anonymous_reply_count":0,"_bbp_topic_count_hidden":0,"_bbp_reply_count_hidden":0,"_bbp_forum_subforum_count":0,"site-sidebar-layout":"default","site-content-layout":"","ast-site-content-layout":"","site-content-style":"default","site-sidebar-style":"default","ast-global-header-display":"","ast-banner-title-visibility":"","ast-main-header-display":"","ast-hfb-above-header-display":"","ast-hfb-below-header-display":"","ast-hfb-mobile-header-display":"","site-post-title":"","ast-breadcrumbs-content":"","ast-featured-img":"","footer-sml-layout":"","theme-transparent-header-meta":"","adv-header-id-meta":"","stick-header-meta":"","header-above-stick-meta":"","header-main-stick-meta":"","header-below-stick-meta":"","astra-migrate-meta-layouts":"default","ast-page-background-enabled":"default","ast-page-background-meta":{"desktop":{"background-color":"var(--ast-global-color-4)","background-image":"","background-repeat":"repeat","background-position":"center center","background-size":"auto","background-attachment":"scroll","background-type":"","background-media":"","overlay-type":"","overlay-color":"","overlay-opacity":"","overlay-gradient":""},"tablet":{"background-color":"","background-image":"","background-repeat":"repeat","background-position":"center center","background-size":"auto","background-attachment":"scroll","background-type":"","background-media":"","overlay-type":"","overlay-color":"","overlay-opacity":"","overlay-gradient":""},"mobile":{"background-color":"","background-image":"","background-repeat":"repeat","background-position":"center center","background-size":"auto","background-attachment":"scroll","background-type":"","background-media":"","overlay-type":"","overlay-color":"","overlay-opacity":"","overlay-gradient":""}},"ast-content-background-meta":{"desktop":{"background-color":"var(--ast-global-color-5)","background-image":"","background-repeat":"repeat","background-position":"center center","background-size":"auto","background-attachment":"scroll","background-type":"","background-media":"","overlay-type":"","overlay-color":"","overlay-opacity":"","overlay-gradient":""},"tablet":{"background-color":"var(--ast-global-color-5)","background-image":"","background-repeat":"repeat","background-position":"center center","background-size":"auto","background-attachment":"scroll","background-type":"","background-media":"","overlay-type":"","overlay-color":"","overlay-opacity":"","overlay-gradient":""},"mobile":{"background-color":"var(--ast-global-color-5)","background-image":"","background-repeat":"repeat","background-position":"center center","background-size":"auto","background-attachment":"scroll","background-type":"","background-media":"","overlay-type":"","overlay-color":"","overlay-opacity":"","overlay-gradient":""}},"footnotes":""},"categories":[310,1,29,311],"tags":[],"class_list":["post-13075","post","type-post","status-publish","format-standard","has-post-thumbnail","hentry","category-agenda","category-general","category-portada","category-seminaris-tematics"],"post_mailing_queue_ids":[],"_links":{"self":[{"href":"https:\/\/projectes.xtec.cat\/laboratori-millora-educativa\/wp-json\/wp\/v2\/posts\/13075","targetHints":{"allow":["GET"]}}],"collection":[{"href":"https:\/\/projectes.xtec.cat\/laboratori-millora-educativa\/wp-json\/wp\/v2\/posts"}],"about":[{"href":"https:\/\/projectes.xtec.cat\/laboratori-millora-educativa\/wp-json\/wp\/v2\/types\/post"}],"author":[{"embeddable":true,"href":"https:\/\/projectes.xtec.cat\/laboratori-millora-educativa\/wp-json\/wp\/v2\/users\/179"}],"replies":[{"embeddable":true,"href":"https:\/\/projectes.xtec.cat\/laboratori-millora-educativa\/wp-json\/wp\/v2\/comments?post=13075"}],"version-history":[{"count":3,"href":"https:\/\/projectes.xtec.cat\/laboratori-millora-educativa\/wp-json\/wp\/v2\/posts\/13075\/revisions"}],"predecessor-version":[{"id":13112,"href":"https:\/\/projectes.xtec.cat\/laboratori-millora-educativa\/wp-json\/wp\/v2\/posts\/13075\/revisions\/13112"}],"wp:featuredmedia":[{"embeddable":true,"href":"https:\/\/projectes.xtec.cat\/laboratori-millora-educativa\/wp-json\/wp\/v2\/media\/13095"}],"wp:attachment":[{"href":"https:\/\/projectes.xtec.cat\/laboratori-millora-educativa\/wp-json\/wp\/v2\/media?parent=13075"}],"wp:term":[{"taxonomy":"category","embeddable":true,"href":"https:\/\/projectes.xtec.cat\/laboratori-millora-educativa\/wp-json\/wp\/v2\/categories?post=13075"},{"taxonomy":"post_tag","embeddable":true,"href":"https:\/\/projectes.xtec.cat\/laboratori-millora-educativa\/wp-json\/wp\/v2\/tags?post=13075"}],"curies":[{"name":"wp","href":"https:\/\/api.w.org\/{rel}","templated":true}]}}