{"id":13470,"date":"2023-02-10T11:28:47","date_gmt":"2023-02-10T10:28:47","guid":{"rendered":"https:\/\/projectes.xtec.cat\/transformacioenxarxa\/?p=13470"},"modified":"2025-12-17T20:37:42","modified_gmt":"2025-12-17T19:37:42","slug":"lavaluacio-a-leducacio-basica-una-oportunitat-de-canvi-2a-comunitat-de-centres-referents","status":"publish","type":"post","link":"https:\/\/projectes.xtec.cat\/laboratori-millora-educativa\/general\/lavaluacio-a-leducacio-basica-una-oportunitat-de-canvi-2a-comunitat-de-centres-referents\/","title":{"rendered":"L&#8217;avaluaci\u00f3 a l&#8217;Educaci\u00f3 B\u00e0sica: una oportunitat de canvi. 2a Comunitat de Centres &#8220;Referents&#8221;"},"content":{"rendered":"<p><img loading=\"lazy\" decoding=\"async\" class=\"size-full wp-image-13494 aligncenter\" src=\"https:\/\/projectes.xtec.cat\/transformacioenxarxa\/wp-content\/uploads\/usu1468\/2023\/02\/ponents-.png\" alt=\"\" width=\"397\" height=\"271\" srcset=\"https:\/\/projectes.xtec.cat\/laboratori-millora-educativa\/wp-content\/uploads\/usu1468\/2023\/02\/ponents-.png 397w, https:\/\/projectes.xtec.cat\/laboratori-millora-educativa\/wp-content\/uploads\/usu1468\/2023\/02\/ponents--300x205.png 300w\" sizes=\"auto, (max-width: 397px) 100vw, 397px\" \/><\/p>\n<p style=\"text-align: center;\">EMPAR GONZ\u00c0LEZ\u00a0 \u00a0 \u00a0 \u00a0 \u00a0 \u00a0 \u00a0 \u00a0 \u00a0 \u00a0 \u00a0 \u00a0 \u00a0NEUS HERAS<\/p>\n<p>&nbsp;<\/p>\n<p style=\"text-align: justify;\">L&#8217;<strong>Empar Gonz\u00e0lez<\/strong> \u00e9s Mestra d\u2019Educaci\u00f3 Especial i Psic\u00f2loga, especialitzada en metodologia competencial, treball per projectes i en avaluaci\u00f3 aut\u00e8ntica. Tamb\u00e9 en din<span style=\"font-family: inherit; font-size: 1em;\">\u00e0miques d\u2019aula integradores que atenguin la variabilitat de l\u2019alumnat des de l\u2019acci\u00f3 tutorial.<\/span><\/p>\n<p style=\"text-align: justify;\">Col\u00b7labora com a formadora per al Departament d\u2019Educaci\u00f3 en com implementar les metodologies globalitzadores als centres i com transformar l\u2019avaluaci\u00f3 per aprendre a avaluar per compet\u00e8ncies, implicant l\u2019alumnat en tot el proc\u00e9s.<\/p>\n<p>La <strong>Neus Heras<\/strong> fa trenta-tres anys que es dedica a ensenyar per\u00f2 a m\u00e9s a m\u00e9s \u00e9s la seva passi\u00f3.<\/p>\n<p>\u00c9s mestra i es va iniciar a l\u2019escola rural on va estar molt anys. \u00c9s especialista d\u2019Educaci\u00f3 F\u00edsica i tamb\u00e9 ha treballat a una escola a Banyoles.<\/p>\n<p>Posteriorment es va titular en Enginyeria Inform\u00e0tica i va passar com a docent a Secund\u00e0ria a Girona, on ha treballat durant setze anys, catorze com a Cap d\u2019Estudis.<\/p>\n<p>Ha estat 8 anys directora de l\u2019Institut Vall de Ll\u00e9mena de Sant Gregori, un centre de nova creaci\u00f3.<\/p>\n<p>Actualment est\u00e0 com a assessora al Servei de Curr\u00edculum de Secund\u00e0ria i Batxillerat i al Servei de Suports i Recursos Ling\u00fc\u00edstics dins de la Direcci\u00f3 General d&#8217;Innovaci\u00f3, Digitalitzaci\u00f3, Curr\u00edculum i Lleng\u00fces del Departament d&#8217;Educaci\u00f3. Paral\u00b7lelament, ha col\u00b7laborat amb la universitat, especialment amb la UOC on, encara ara, exerceix de professora associada.<\/p>\n<p>&nbsp;<\/p>\n<p>A continuaci\u00f3 teniu l&#8217;enlla\u00e7 a la gravaci\u00f3 de la comunitat:<\/p>\n<p>&nbsp;<\/p>\n<p><a href=\"https:\/\/youtu.be\/qKi45Z3-41s\" target=\"_blank\" rel=\"noopener\"><img loading=\"lazy\" decoding=\"async\" class=\"alignleft wp-image-13477 size-full\" src=\"https:\/\/projectes.xtec.cat\/transformacioenxarxa\/wp-content\/uploads\/usu1468\/2023\/02\/caratula-2a-comunitat-ok.png\" alt=\"\" width=\"943\" height=\"526\" srcset=\"https:\/\/projectes.xtec.cat\/laboratori-millora-educativa\/wp-content\/uploads\/usu1468\/2023\/02\/caratula-2a-comunitat-ok.png 943w, https:\/\/projectes.xtec.cat\/laboratori-millora-educativa\/wp-content\/uploads\/usu1468\/2023\/02\/caratula-2a-comunitat-ok-300x167.png 300w, https:\/\/projectes.xtec.cat\/laboratori-millora-educativa\/wp-content\/uploads\/usu1468\/2023\/02\/caratula-2a-comunitat-ok-768x428.png 768w\" sizes=\"auto, (max-width: 943px) 100vw, 943px\" \/><\/a><\/p>\n<p>Presentacions digitals:<\/p>\n<p style=\"text-align: center;\"><a href=\"https:\/\/projectes.xtec.cat\/transformacioenxarxa\/wp-content\/uploads\/usu1468\/2023\/02\/Laboratori-Primaria-Definitiu_compressed.pdf\" target=\"_blank\" rel=\"noopener\"><img loading=\"lazy\" decoding=\"async\" class=\"aligncenter wp-image-13500 size-medium\" src=\"https:\/\/projectes.xtec.cat\/transformacioenxarxa\/wp-content\/uploads\/usu1468\/2023\/02\/caratula-presentacio-Empar-300x169.png\" alt=\"\" width=\"300\" height=\"169\" srcset=\"https:\/\/projectes.xtec.cat\/laboratori-millora-educativa\/wp-content\/uploads\/usu1468\/2023\/02\/caratula-presentacio-Empar-300x169.png 300w, https:\/\/projectes.xtec.cat\/laboratori-millora-educativa\/wp-content\/uploads\/usu1468\/2023\/02\/caratula-presentacio-Empar-1024x576.png 1024w, https:\/\/projectes.xtec.cat\/laboratori-millora-educativa\/wp-content\/uploads\/usu1468\/2023\/02\/caratula-presentacio-Empar-768x432.png 768w, https:\/\/projectes.xtec.cat\/laboratori-millora-educativa\/wp-content\/uploads\/usu1468\/2023\/02\/caratula-presentacio-Empar-1536x864.png 1536w, https:\/\/projectes.xtec.cat\/laboratori-millora-educativa\/wp-content\/uploads\/usu1468\/2023\/02\/caratula-presentacio-Empar.png 1920w\" sizes=\"auto, (max-width: 300px) 100vw, 300px\" \/><\/a><\/p>\n<p style=\"text-align: center;\"><a href=\"https:\/\/projectes.xtec.cat\/transformacioenxarxa\/wp-content\/uploads\/usu1468\/2023\/02\/Autoregulacio-EI_CL.pdf\" target=\"_blank\" rel=\"noopener\">Exemples pr\u00e0ctics (materials)<\/a><\/p>\n<p>&nbsp;<\/p>\n<p><a href=\"https:\/\/projectes.xtec.cat\/transformacioenxarxa\/wp-content\/uploads\/usu1468\/2023\/02\/Lavaluacio-gratificant.-Una-altra-mirada.pdf\" target=\"_blank\" rel=\"noopener\"><img loading=\"lazy\" decoding=\"async\" class=\"aligncenter wp-image-13499 size-medium\" src=\"https:\/\/projectes.xtec.cat\/transformacioenxarxa\/wp-content\/uploads\/usu1468\/2023\/02\/caratula-presentacio-Neus-heras-300x169.png\" alt=\"\" width=\"300\" height=\"169\" srcset=\"https:\/\/projectes.xtec.cat\/laboratori-millora-educativa\/wp-content\/uploads\/usu1468\/2023\/02\/caratula-presentacio-Neus-heras-300x169.png 300w, https:\/\/projectes.xtec.cat\/laboratori-millora-educativa\/wp-content\/uploads\/usu1468\/2023\/02\/caratula-presentacio-Neus-heras-1024x576.png 1024w, https:\/\/projectes.xtec.cat\/laboratori-millora-educativa\/wp-content\/uploads\/usu1468\/2023\/02\/caratula-presentacio-Neus-heras-768x432.png 768w, https:\/\/projectes.xtec.cat\/laboratori-millora-educativa\/wp-content\/uploads\/usu1468\/2023\/02\/caratula-presentacio-Neus-heras-1536x864.png 1536w, https:\/\/projectes.xtec.cat\/laboratori-millora-educativa\/wp-content\/uploads\/usu1468\/2023\/02\/caratula-presentacio-Neus-heras.png 1920w\" sizes=\"auto, (max-width: 300px) 100vw, 300px\" \/><\/a><\/p>\n<p>Preguntes que van emergir a les sales de treball per exposar a les ponents a la Taula Rodona:<\/p>\n<p><a href=\"https:\/\/projectes.xtec.cat\/transformacioenxarxa\/wp-content\/uploads\/usu1468\/2023\/02\/DUBTES-JORNADA-1.pdf\" target=\"_blank\" rel=\"noopener\"><img loading=\"lazy\" decoding=\"async\" class=\"aligncenter wp-image-13501 size-medium\" src=\"https:\/\/projectes.xtec.cat\/transformacioenxarxa\/wp-content\/uploads\/usu1468\/2023\/02\/caratula-doc-dubtes-300x169.png\" alt=\"\" width=\"300\" height=\"169\" srcset=\"https:\/\/projectes.xtec.cat\/laboratori-millora-educativa\/wp-content\/uploads\/usu1468\/2023\/02\/caratula-doc-dubtes-300x169.png 300w, https:\/\/projectes.xtec.cat\/laboratori-millora-educativa\/wp-content\/uploads\/usu1468\/2023\/02\/caratula-doc-dubtes-1024x578.png 1024w, https:\/\/projectes.xtec.cat\/laboratori-millora-educativa\/wp-content\/uploads\/usu1468\/2023\/02\/caratula-doc-dubtes-768x434.png 768w, https:\/\/projectes.xtec.cat\/laboratori-millora-educativa\/wp-content\/uploads\/usu1468\/2023\/02\/caratula-doc-dubtes.png 1171w\" sizes=\"auto, (max-width: 300px) 100vw, 300px\" \/><\/a><\/p>\n<p>&nbsp;<\/p>\n<p>&nbsp;<\/p>\n<p>&nbsp;<\/p>\n","protected":false},"excerpt":{"rendered":"<p>EMPAR GONZ\u00c0LEZ\u00a0 \u00a0 \u00a0 \u00a0 \u00a0 \u00a0 \u00a0 \u00a0 \u00a0 \u00a0 \u00a0 \u00a0 \u00a0NEUS HERAS &nbsp; L&#8217;Empar Gonz\u00e0lez \u00e9s Mestra d\u2019Educaci\u00f3 Especial i Psic\u00f2loga, especialitzada en metodologia competencial, treball per projectes i en avaluaci\u00f3 aut\u00e8ntica. Tamb\u00e9 en din\u00e0miques d\u2019aula integradores que atenguin la variabilitat de l\u2019alumnat des de l\u2019acci\u00f3 tutorial. Col\u00b7labora com a formadora per [&hellip;]<\/p>\n","protected":false},"author":180,"featured_media":13494,"comment_status":"open","ping_status":"closed","sticky":false,"template":"","format":"standard","meta":{"_bbp_topic_count":0,"_bbp_reply_count":0,"_bbp_total_topic_count":0,"_bbp_total_reply_count":0,"_bbp_voice_count":0,"_bbp_anonymous_reply_count":0,"_bbp_topic_count_hidden":0,"_bbp_reply_count_hidden":0,"_bbp_forum_subforum_count":0,"site-sidebar-layout":"default","site-content-layout":"","ast-site-content-layout":"","site-content-style":"default","site-sidebar-style":"default","ast-global-header-display":"","ast-banner-title-visibility":"","ast-main-header-display":"","ast-hfb-above-header-display":"","ast-hfb-below-header-display":"","ast-hfb-mobile-header-display":"","site-post-title":"","ast-breadcrumbs-content":"","ast-featured-img":"","footer-sml-layout":"","theme-transparent-header-meta":"","adv-header-id-meta":"","stick-header-meta":"","header-above-stick-meta":"","header-main-stick-meta":"","header-below-stick-meta":"","astra-migrate-meta-layouts":"default","ast-page-background-enabled":"default","ast-page-background-meta":{"desktop":{"background-color":"var(--ast-global-color-4)","background-image":"","background-repeat":"repeat","background-position":"center center","background-size":"auto","background-attachment":"scroll","background-type":"","background-media":"","overlay-type":"","overlay-color":"","overlay-opacity":"","overlay-gradient":""},"tablet":{"background-color":"","background-image":"","background-repeat":"repeat","background-position":"center center","background-size":"auto","background-attachment":"scroll","background-type":"","background-media":"","overlay-type":"","overlay-color":"","overlay-opacity":"","overlay-gradient":""},"mobile":{"background-color":"","background-image":"","background-repeat":"repeat","background-position":"center center","background-size":"auto","background-attachment":"scroll","background-type":"","background-media":"","overlay-type":"","overlay-color":"","overlay-opacity":"","overlay-gradient":""}},"ast-content-background-meta":{"desktop":{"background-color":"var(--ast-global-color-5)","background-image":"","background-repeat":"repeat","background-position":"center center","background-size":"auto","background-attachment":"scroll","background-type":"","background-media":"","overlay-type":"","overlay-color":"","overlay-opacity":"","overlay-gradient":""},"tablet":{"background-color":"var(--ast-global-color-5)","background-image":"","background-repeat":"repeat","background-position":"center center","background-size":"auto","background-attachment":"scroll","background-type":"","background-media":"","overlay-type":"","overlay-color":"","overlay-opacity":"","overlay-gradient":""},"mobile":{"background-color":"var(--ast-global-color-5)","background-image":"","background-repeat":"repeat","background-position":"center center","background-size":"auto","background-attachment":"scroll","background-type":"","background-media":"","overlay-type":"","overlay-color":"","overlay-opacity":"","overlay-gradient":""}},"footnotes":""},"categories":[310,154,303,64,1,308,29,309,311],"tags":[375,994],"class_list":["post-13470","post","type-post","status-publish","format-standard","has-post-thumbnail","hentry","category-agenda","category-formacio","category-referents","category-comunitat","category-general","category-jornades","category-portada","category-recursos","category-seminaris-tematics","tag-centres-referents","tag-curs-2022-2023"],"post_mailing_queue_ids":[],"_links":{"self":[{"href":"https:\/\/projectes.xtec.cat\/laboratori-millora-educativa\/wp-json\/wp\/v2\/posts\/13470","targetHints":{"allow":["GET"]}}],"collection":[{"href":"https:\/\/projectes.xtec.cat\/laboratori-millora-educativa\/wp-json\/wp\/v2\/posts"}],"about":[{"href":"https:\/\/projectes.xtec.cat\/laboratori-millora-educativa\/wp-json\/wp\/v2\/types\/post"}],"author":[{"embeddable":true,"href":"https:\/\/projectes.xtec.cat\/laboratori-millora-educativa\/wp-json\/wp\/v2\/users\/180"}],"replies":[{"embeddable":true,"href":"https:\/\/projectes.xtec.cat\/laboratori-millora-educativa\/wp-json\/wp\/v2\/comments?post=13470"}],"version-history":[{"count":3,"href":"https:\/\/projectes.xtec.cat\/laboratori-millora-educativa\/wp-json\/wp\/v2\/posts\/13470\/revisions"}],"predecessor-version":[{"id":13511,"href":"https:\/\/projectes.xtec.cat\/laboratori-millora-educativa\/wp-json\/wp\/v2\/posts\/13470\/revisions\/13511"}],"wp:featuredmedia":[{"embeddable":true,"href":"https:\/\/projectes.xtec.cat\/laboratori-millora-educativa\/wp-json\/wp\/v2\/media\/13494"}],"wp:attachment":[{"href":"https:\/\/projectes.xtec.cat\/laboratori-millora-educativa\/wp-json\/wp\/v2\/media?parent=13470"}],"wp:term":[{"taxonomy":"category","embeddable":true,"href":"https:\/\/projectes.xtec.cat\/laboratori-millora-educativa\/wp-json\/wp\/v2\/categories?post=13470"},{"taxonomy":"post_tag","embeddable":true,"href":"https:\/\/projectes.xtec.cat\/laboratori-millora-educativa\/wp-json\/wp\/v2\/tags?post=13470"}],"curies":[{"name":"wp","href":"https:\/\/api.w.org\/{rel}","templated":true}]}}