{"id":9715,"date":"2020-09-01T16:31:14","date_gmt":"2020-09-01T14:31:14","guid":{"rendered":"https:\/\/projectes.xtec.cat\/transformacioenxarxa\/?p=9715"},"modified":"2025-12-17T20:57:22","modified_gmt":"2025-12-17T19:57:22","slug":"dialegs-entre-centres-facilitats-jornada-de-formacio-a-equips-directius-juliol-2020","status":"publish","type":"post","link":"https:\/\/projectes.xtec.cat\/laboratori-millora-educativa\/general\/dialegs-entre-centres-facilitats-jornada-de-formacio-a-equips-directius-juliol-2020\/","title":{"rendered":"Di\u00e0legs entre Centres Facilitats. Jornada de formaci\u00f3 a Equips Directius juliol 2020"},"content":{"rendered":"<p>&nbsp;<\/p>\n<p>A la <a href=\"https:\/\/projectes.xtec.cat\/transformacioenxarxa\/general\/1a-jornada-de-formacio-equips-directius-de-centres-facilitats-del-laboratori\/\" target=\"_blank\" rel=\"noopener noreferrer\">1a Jornada de formaci\u00f3 dels Equips Directius dels Centres Facilitats<\/a> del Laboratori de Transformaci\u00f3 Educativa que es va celebrar el passat 8 de juliol, els m\u00e9s de 200 participants van tenir l&#8217;ocasi\u00f3 de compartir mirades sobre com fomentar la participaci\u00f3 i la implicaci\u00f3 de tots els agents de la comunitat educativa.<\/p>\n<p>Es van organitzar els &#8220;Di\u00e0legs entre centres&#8221; per orientar els equips directius a trav\u00e9s de la reflexi\u00f3 sobre 3 preguntes:<\/p>\n<ol>\n<li><span style=\"font-weight: 400;\">De quina manera el projecte del centre fomenta la participaci\u00f3 de l\u2019alumnat en la proposta, presa de decisions, execuci\u00f3 i avaluaci\u00f3 del propi centre?<\/span><\/li>\n<li><span style=\"font-weight: 400;\">Com les fam\u00edlies poden implicar-se en la proposta, presa de decisions, execuci\u00f3 i avaluaci\u00f3 de la vida del centre?<\/span><\/li>\n<li><span style=\"font-weight: 400;\">Quines s\u00f3n les estrat\u00e8gies que com equip directiu emprem per comprometre l\u2019equip pedag\u00f2gic i de treball en la proposta, presa de decisions, execuci\u00f3 i avaluaci\u00f3 del propi centre?<\/span><\/li>\n<\/ol>\n<p style=\"text-align: center;\"><a href=\"https:\/\/projectes.xtec.cat\/transformacioenxarxa\/wp-content\/uploads\/usu1468\/2020\/12\/DIA\u0300LEGS-ENTRE-CENTRES-reelaborat-per-ser-publicat.pdf\" target=\"_blank\" rel=\"noopener noreferrer\"><img loading=\"lazy\" decoding=\"async\" class=\"aligncenter wp-image-9717 size-full\" src=\"https:\/\/projectes.xtec.cat\/transformacioenxarxa\/wp-content\/uploads\/usu1468\/2020\/12\/Captura-de-Pantalla-2020-12-16-a-les-16.32.09.png\" alt=\"\" width=\"1064\" height=\"638\" srcset=\"https:\/\/projectes.xtec.cat\/laboratori-millora-educativa\/wp-content\/uploads\/usu1468\/2020\/12\/Captura-de-Pantalla-2020-12-16-a-les-16.32.09.png 1064w, https:\/\/projectes.xtec.cat\/laboratori-millora-educativa\/wp-content\/uploads\/usu1468\/2020\/12\/Captura-de-Pantalla-2020-12-16-a-les-16.32.09-300x180.png 300w, https:\/\/projectes.xtec.cat\/laboratori-millora-educativa\/wp-content\/uploads\/usu1468\/2020\/12\/Captura-de-Pantalla-2020-12-16-a-les-16.32.09-768x461.png 768w, https:\/\/projectes.xtec.cat\/laboratori-millora-educativa\/wp-content\/uploads\/usu1468\/2020\/12\/Captura-de-Pantalla-2020-12-16-a-les-16.32.09-1024x614.png 1024w\" sizes=\"auto, (max-width: 1064px) 100vw, 1064px\" \/><\/a><\/p>\n<p>Al document disposeu del conjunt de respostes que van donar els participants\u00a0 de les 11 sales de di\u00e0leg (s&#8217;han evitat repeticions i s&#8217;han ordenat). D&#8217;aquestes conclusions es poden extreure 3 gran objectius:<\/p>\n<ol>\n<li><span style=\"font-weight: 400;\">Implicar l\u2019alumnat en el proc\u00e9s educatiu i fomentar activament la seva participaci\u00f3 en les decisions del centre, perqu\u00e8 aleshores s\u2019implicar\u00e0, <\/span><span style=\"font-weight: 400;\">tamb\u00e9,<\/span><span style=\"font-weight: 400;\"> en la societat.<\/span><\/li>\n<li><span style=\"font-weight: 400;\">L\u2019escola ha d&#8217;oferir els canals de comunicaci\u00f3 que garanteixin una bona comunicaci\u00f3 amb les fam\u00edlies, e<\/span><span style=\"font-weight: 400;\">scoltar les seves propostes i propiciar que s\u2019impliquin m\u00e9s en el dia a dia del centre.<\/span><\/li>\n<li><span style=\"font-weight: 400;\">L\u2019equip pedag\u00f2gic ha de treballar en xarxa des d\u2019una perspectiva de lideratge transformador des de l\u2019exercici de cadasc\u00fa a favor dels objectius de la instituci\u00f3, amb autonomia i responsabilitat compartida. <\/span><\/li>\n<\/ol>\n<p>&nbsp;<\/p>\n<p>&nbsp;<\/p>\n<p style=\"text-align: center;\"><img loading=\"lazy\" decoding=\"async\" class=\"wp-image-9600 alignright\" src=\"https:\/\/projectes.xtec.cat\/transformacioenxarxa\/wp-content\/uploads\/usu1468\/2020\/11\/Captura-de-Pantalla-2020-11-27-a-les-12.51.03.png\" alt=\"\" width=\"455\" height=\"124\" srcset=\"https:\/\/projectes.xtec.cat\/laboratori-millora-educativa\/wp-content\/uploads\/usu1468\/2020\/11\/Captura-de-Pantalla-2020-11-27-a-les-12.51.03.png 1542w, https:\/\/projectes.xtec.cat\/laboratori-millora-educativa\/wp-content\/uploads\/usu1468\/2020\/11\/Captura-de-Pantalla-2020-11-27-a-les-12.51.03-300x82.png 300w, https:\/\/projectes.xtec.cat\/laboratori-millora-educativa\/wp-content\/uploads\/usu1468\/2020\/11\/Captura-de-Pantalla-2020-11-27-a-les-12.51.03-768x209.png 768w, https:\/\/projectes.xtec.cat\/laboratori-millora-educativa\/wp-content\/uploads\/usu1468\/2020\/11\/Captura-de-Pantalla-2020-11-27-a-les-12.51.03-1024x279.png 1024w\" sizes=\"auto, (max-width: 455px) 100vw, 455px\" \/><\/p>\n<p>&nbsp;<\/p>\n","protected":false},"excerpt":{"rendered":"<p>&nbsp; A la 1a Jornada de formaci\u00f3 dels Equips Directius dels Centres Facilitats del Laboratori de Transformaci\u00f3 Educativa que es va celebrar el passat 8 de juliol, els m\u00e9s de 200 participants van tenir l&#8217;ocasi\u00f3 de compartir mirades sobre com fomentar la participaci\u00f3 i la implicaci\u00f3 de tots els agents de la comunitat educativa. Es [&hellip;]<\/p>\n","protected":false},"author":3,"featured_media":9717,"comment_status":"open","ping_status":"closed","sticky":false,"template":"","format":"standard","meta":{"_bbp_topic_count":0,"_bbp_reply_count":0,"_bbp_total_topic_count":0,"_bbp_total_reply_count":0,"_bbp_voice_count":0,"_bbp_anonymous_reply_count":0,"_bbp_topic_count_hidden":0,"_bbp_reply_count_hidden":0,"_bbp_forum_subforum_count":0,"site-sidebar-layout":"default","site-content-layout":"","ast-site-content-layout":"","site-content-style":"default","site-sidebar-style":"default","ast-global-header-display":"","ast-banner-title-visibility":"","ast-main-header-display":"","ast-hfb-above-header-display":"","ast-hfb-below-header-display":"","ast-hfb-mobile-header-display":"","site-post-title":"","ast-breadcrumbs-content":"","ast-featured-img":"","footer-sml-layout":"","theme-transparent-header-meta":"","adv-header-id-meta":"","stick-header-meta":"","header-above-stick-meta":"","header-main-stick-meta":"","header-below-stick-meta":"","astra-migrate-meta-layouts":"default","ast-page-background-enabled":"default","ast-page-background-meta":{"desktop":{"background-color":"var(--ast-global-color-4)","background-image":"","background-repeat":"repeat","background-position":"center center","background-size":"auto","background-attachment":"scroll","background-type":"","background-media":"","overlay-type":"","overlay-color":"","overlay-opacity":"","overlay-gradient":""},"tablet":{"background-color":"","background-image":"","background-repeat":"repeat","background-position":"center center","background-size":"auto","background-attachment":"scroll","background-type":"","background-media":"","overlay-type":"","overlay-color":"","overlay-opacity":"","overlay-gradient":""},"mobile":{"background-color":"","background-image":"","background-repeat":"repeat","background-position":"center center","background-size":"auto","background-attachment":"scroll","background-type":"","background-media":"","overlay-type":"","overlay-color":"","overlay-opacity":"","overlay-gradient":""}},"ast-content-background-meta":{"desktop":{"background-color":"var(--ast-global-color-5)","background-image":"","background-repeat":"repeat","background-position":"center center","background-size":"auto","background-attachment":"scroll","background-type":"","background-media":"","overlay-type":"","overlay-color":"","overlay-opacity":"","overlay-gradient":""},"tablet":{"background-color":"var(--ast-global-color-5)","background-image":"","background-repeat":"repeat","background-position":"center center","background-size":"auto","background-attachment":"scroll","background-type":"","background-media":"","overlay-type":"","overlay-color":"","overlay-opacity":"","overlay-gradient":""},"mobile":{"background-color":"var(--ast-global-color-5)","background-image":"","background-repeat":"repeat","background-position":"center center","background-size":"auto","background-attachment":"scroll","background-type":"","background-media":"","overlay-type":"","overlay-color":"","overlay-opacity":"","overlay-gradient":""}},"footnotes":""},"categories":[310,302,64,1,29],"tags":[348,344],"class_list":["post-9715","post","type-post","status-publish","format-standard","has-post-thumbnail","hentry","category-agenda","category-facilitats","category-comunitat","category-general","category-portada","tag-centres-facilitats","tag-curs-2020-2021"],"post_mailing_queue_ids":[],"_links":{"self":[{"href":"https:\/\/projectes.xtec.cat\/laboratori-millora-educativa\/wp-json\/wp\/v2\/posts\/9715","targetHints":{"allow":["GET"]}}],"collection":[{"href":"https:\/\/projectes.xtec.cat\/laboratori-millora-educativa\/wp-json\/wp\/v2\/posts"}],"about":[{"href":"https:\/\/projectes.xtec.cat\/laboratori-millora-educativa\/wp-json\/wp\/v2\/types\/post"}],"author":[{"embeddable":true,"href":"https:\/\/projectes.xtec.cat\/laboratori-millora-educativa\/wp-json\/wp\/v2\/users\/3"}],"replies":[{"embeddable":true,"href":"https:\/\/projectes.xtec.cat\/laboratori-millora-educativa\/wp-json\/wp\/v2\/comments?post=9715"}],"version-history":[{"count":3,"href":"https:\/\/projectes.xtec.cat\/laboratori-millora-educativa\/wp-json\/wp\/v2\/posts\/9715\/revisions"}],"predecessor-version":[{"id":9720,"href":"https:\/\/projectes.xtec.cat\/laboratori-millora-educativa\/wp-json\/wp\/v2\/posts\/9715\/revisions\/9720"}],"wp:featuredmedia":[{"embeddable":true,"href":"https:\/\/projectes.xtec.cat\/laboratori-millora-educativa\/wp-json\/wp\/v2\/media\/9717"}],"wp:attachment":[{"href":"https:\/\/projectes.xtec.cat\/laboratori-millora-educativa\/wp-json\/wp\/v2\/media?parent=9715"}],"wp:term":[{"taxonomy":"category","embeddable":true,"href":"https:\/\/projectes.xtec.cat\/laboratori-millora-educativa\/wp-json\/wp\/v2\/categories?post=9715"},{"taxonomy":"post_tag","embeddable":true,"href":"https:\/\/projectes.xtec.cat\/laboratori-millora-educativa\/wp-json\/wp\/v2\/tags?post=9715"}],"curies":[{"name":"wp","href":"https:\/\/api.w.org\/{rel}","templated":true}]}}