{"id":9989,"date":"2021-02-04T12:31:59","date_gmt":"2021-02-04T11:31:59","guid":{"rendered":"https:\/\/projectes.xtec.cat\/transformacioenxarxa\/?p=9989"},"modified":"2025-12-17T19:10:11","modified_gmt":"2025-12-17T18:10:11","slug":"teixint-la-xarxa-escolar-com-a-base-de-lecosistema-daprenentatge-i-de-benestar-aprofundim-amb-la-mireia-civis-i-el-jordi-diaz-gibson","status":"publish","type":"post","link":"https:\/\/projectes.xtec.cat\/laboratori-millora-educativa\/general\/teixint-la-xarxa-escolar-com-a-base-de-lecosistema-daprenentatge-i-de-benestar-aprofundim-amb-la-mireia-civis-i-el-jordi-diaz-gibson\/","title":{"rendered":"Teixint la xarxa escolar com a base de l\u2019ecosistema d\u2019aprenentatge i de benestar. Aprofundim amb la Mireia Civ\u00eds i el Jordi D\u00edaz-Gibson"},"content":{"rendered":"<p>&nbsp;<\/p>\n<p>El dimarts, 9 de febrer, de 17:00 a 19:00 hores, ens retrobem amb la Mireia Civ\u00eds i el Jordi D\u00edaz-Gibson, professors de l\u2019FPCEE Blanquerna (Universitat Ramon Llull) i investigadors del Grup de Recerca consolidat PSITIC de la URL, en Pedagogia, Societat i Innovaci\u00f3 amb els suport de les TIC, en la segona sessi\u00f3 del Seminari Tem\u00e0tic Aprofundim en xarxa i ecosistema educatiu.<\/p>\n<p>&nbsp;<\/p>\n<p style=\"text-align: center;\"><img loading=\"lazy\" decoding=\"async\" class=\"alignnone wp-image-9883\" src=\"https:\/\/projectes.xtec.cat\/transformacioenxarxa\/wp-content\/uploads\/usu1468\/2021\/01\/Imagen-3.jpg\" alt=\"\" width=\"480\" height=\"294\" srcset=\"https:\/\/projectes.xtec.cat\/laboratori-millora-educativa\/wp-content\/uploads\/usu1468\/2021\/01\/Imagen-3.jpg 993w, https:\/\/projectes.xtec.cat\/laboratori-millora-educativa\/wp-content\/uploads\/usu1468\/2021\/01\/Imagen-3-300x184.jpg 300w, https:\/\/projectes.xtec.cat\/laboratori-millora-educativa\/wp-content\/uploads\/usu1468\/2021\/01\/Imagen-3-768x470.jpg 768w\" sizes=\"auto, (max-width: 480px) 100vw, 480px\" \/><\/p>\n<p>&nbsp;<\/p>\n<p>En aquesta segona sessi\u00f3, amb el t\u00edtol &#8220;Teixint la xarxa escolar com a base de l\u2019ecosistema d\u2019aprenentatge i de benestar&#8221;, els ponents se centren en com iniciar un proc\u00e9s transformador col\u00b7lectiu de tota la comunitat escolar on les relacions solid\u00e0ries fonamenten els esfor\u00e7os de canvi.<\/p>\n<p>Podeu veure a continuaci\u00f3 la gravaci\u00f3 de la sessi\u00f3:<\/p>\n<p>&nbsp;<\/p>\n<p style=\"text-align: center;\"><iframe loading=\"lazy\" src=\"\/\/www.youtube.com\/embed\/fOz7CTHAj1E\" width=\"800\" height=\"449\"><\/iframe><\/p>\n<p>&nbsp;<\/p>\n<p>Els convidats al debat en aquesta segona sessi\u00f3 han estat:<\/p>\n<p><strong>Carme Civit<\/strong>. Exdirectora de l\u2019escola Germanes Bartomeu de Matar\u00f3 i Presidenta del MEM (Moviment Educatiu del Maresme). Mestra a l\u2019escola Angeleta Ferrer (Matar\u00f3).<\/p>\n<p><strong>Merc\u00e8 Bertran<\/strong>. Excoordinadora pedag\u00f2gica de l\u2019Institut Fontanelles (Borges del Camp). CRP del Tarragon\u00e8s.<\/p>\n<p>&nbsp;<\/p>\n<p>La Mireia i el Jordi ens comparteixen, a m\u00e9s, el seg\u00fcent article que ens convida a la reflexi\u00f3:<\/p>\n<p>&nbsp;<\/p>\n<p style=\"text-align: center;\"><a href=\"https:\/\/projectes.xtec.cat\/transformacioenxarxa\/wp-content\/uploads\/usu1468\/2021\/02\/Text-Sessio\u0301-2.docx.pdf\" target=\"_blank\" rel=\"noopener noreferrer\"><img loading=\"lazy\" decoding=\"async\" class=\"aligncenter wp-image-10094 \" src=\"https:\/\/projectes.xtec.cat\/transformacioenxarxa\/wp-content\/uploads\/usu1468\/2021\/02\/Captura-de-Pantalla-2021-02-12-a-les-14.09.07.png\" alt=\"\" width=\"302\" height=\"384\" srcset=\"https:\/\/projectes.xtec.cat\/laboratori-millora-educativa\/wp-content\/uploads\/usu1468\/2021\/02\/Captura-de-Pantalla-2021-02-12-a-les-14.09.07.png 406w, https:\/\/projectes.xtec.cat\/laboratori-millora-educativa\/wp-content\/uploads\/usu1468\/2021\/02\/Captura-de-Pantalla-2021-02-12-a-les-14.09.07-236x300.png 236w\" sizes=\"auto, (max-width: 302px) 100vw, 302px\" \/><\/a><\/p>\n<p>&nbsp;<\/p>\n<p>La tercera i \u00faltima sessi\u00f3 d&#8217;aquest seminari tem\u00e0tic ser\u00e0:<\/p>\n<ul>\n<li><a href=\"https:\/\/projectes.xtec.cat\/transformacioenxarxa\/general\/connectant-lecosistema-escolar-a-lecosistema-comunitari-per-multiplicar-les-oportunitats-daprenentatge\/\" target=\"_blank\" rel=\"noopener noreferrer\">Connectant l\u2019ecosistema escolar a l\u2019ecosistema comunitari per multiplicar les oportunitats d\u2019aprenentatge<\/a> (9 mar\u00e7 2021)<\/li>\n<\/ul>\n<p>&nbsp;<\/p>\n<p>&nbsp;<\/p>\n<p><img loading=\"lazy\" decoding=\"async\" class=\"wp-image-9600 alignright\" src=\"https:\/\/projectes.xtec.cat\/transformacioenxarxa\/wp-content\/uploads\/usu1468\/2020\/11\/Captura-de-Pantalla-2020-11-27-a-les-12.51.03.png\" alt=\"\" width=\"367\" height=\"100\" srcset=\"https:\/\/projectes.xtec.cat\/laboratori-millora-educativa\/wp-content\/uploads\/usu1468\/2020\/11\/Captura-de-Pantalla-2020-11-27-a-les-12.51.03.png 1542w, https:\/\/projectes.xtec.cat\/laboratori-millora-educativa\/wp-content\/uploads\/usu1468\/2020\/11\/Captura-de-Pantalla-2020-11-27-a-les-12.51.03-300x82.png 300w, https:\/\/projectes.xtec.cat\/laboratori-millora-educativa\/wp-content\/uploads\/usu1468\/2020\/11\/Captura-de-Pantalla-2020-11-27-a-les-12.51.03-768x209.png 768w, https:\/\/projectes.xtec.cat\/laboratori-millora-educativa\/wp-content\/uploads\/usu1468\/2020\/11\/Captura-de-Pantalla-2020-11-27-a-les-12.51.03-1024x279.png 1024w\" sizes=\"auto, (max-width: 367px) 100vw, 367px\" \/><\/p>\n","protected":false},"excerpt":{"rendered":"<p>&nbsp; El dimarts, 9 de febrer, de 17:00 a 19:00 hores, ens retrobem amb la Mireia Civ\u00eds i el Jordi D\u00edaz-Gibson, professors de l\u2019FPCEE Blanquerna (Universitat Ramon Llull) i investigadors del Grup de Recerca consolidat PSITIC de la URL, en Pedagogia, Societat i Innovaci\u00f3 amb els suport de les TIC, en la segona sessi\u00f3 del [&hellip;]<\/p>\n","protected":false},"author":3,"featured_media":9992,"comment_status":"open","ping_status":"closed","sticky":false,"template":"","format":"standard","meta":{"_bbp_topic_count":0,"_bbp_reply_count":0,"_bbp_total_topic_count":0,"_bbp_total_reply_count":0,"_bbp_voice_count":0,"_bbp_anonymous_reply_count":0,"_bbp_topic_count_hidden":0,"_bbp_reply_count_hidden":0,"_bbp_forum_subforum_count":0,"site-sidebar-layout":"default","site-content-layout":"","ast-site-content-layout":"","site-content-style":"default","site-sidebar-style":"default","ast-global-header-display":"","ast-banner-title-visibility":"","ast-main-header-display":"","ast-hfb-above-header-display":"","ast-hfb-below-header-display":"","ast-hfb-mobile-header-display":"","site-post-title":"","ast-breadcrumbs-content":"","ast-featured-img":"","footer-sml-layout":"","theme-transparent-header-meta":"","adv-header-id-meta":"","stick-header-meta":"","header-above-stick-meta":"","header-main-stick-meta":"","header-below-stick-meta":"","astra-migrate-meta-layouts":"default","ast-page-background-enabled":"default","ast-page-background-meta":{"desktop":{"background-color":"var(--ast-global-color-4)","background-image":"","background-repeat":"repeat","background-position":"center center","background-size":"auto","background-attachment":"scroll","background-type":"","background-media":"","overlay-type":"","overlay-color":"","overlay-opacity":"","overlay-gradient":""},"tablet":{"background-color":"","background-image":"","background-repeat":"repeat","background-position":"center center","background-size":"auto","background-attachment":"scroll","background-type":"","background-media":"","overlay-type":"","overlay-color":"","overlay-opacity":"","overlay-gradient":""},"mobile":{"background-color":"","background-image":"","background-repeat":"repeat","background-position":"center center","background-size":"auto","background-attachment":"scroll","background-type":"","background-media":"","overlay-type":"","overlay-color":"","overlay-opacity":"","overlay-gradient":""}},"ast-content-background-meta":{"desktop":{"background-color":"var(--ast-global-color-5)","background-image":"","background-repeat":"repeat","background-position":"center center","background-size":"auto","background-attachment":"scroll","background-type":"","background-media":"","overlay-type":"","overlay-color":"","overlay-opacity":"","overlay-gradient":""},"tablet":{"background-color":"var(--ast-global-color-5)","background-image":"","background-repeat":"repeat","background-position":"center center","background-size":"auto","background-attachment":"scroll","background-type":"","background-media":"","overlay-type":"","overlay-color":"","overlay-opacity":"","overlay-gradient":""},"mobile":{"background-color":"var(--ast-global-color-5)","background-image":"","background-repeat":"repeat","background-position":"center center","background-size":"auto","background-attachment":"scroll","background-type":"","background-media":"","overlay-type":"","overlay-color":"","overlay-opacity":"","overlay-gradient":""}},"footnotes":""},"categories":[310,1,308,29,311],"tags":[517,539,535],"class_list":["post-9989","post","type-post","status-publish","format-standard","has-post-thumbnail","hentry","category-agenda","category-general","category-jornades","category-portada","category-seminaris-tematics","tag-aprofundim","tag-seminaris-tematics","tag-xarxa-i-ecosistema-educatiu"],"post_mailing_queue_ids":[],"_links":{"self":[{"href":"https:\/\/projectes.xtec.cat\/laboratori-millora-educativa\/wp-json\/wp\/v2\/posts\/9989","targetHints":{"allow":["GET"]}}],"collection":[{"href":"https:\/\/projectes.xtec.cat\/laboratori-millora-educativa\/wp-json\/wp\/v2\/posts"}],"about":[{"href":"https:\/\/projectes.xtec.cat\/laboratori-millora-educativa\/wp-json\/wp\/v2\/types\/post"}],"author":[{"embeddable":true,"href":"https:\/\/projectes.xtec.cat\/laboratori-millora-educativa\/wp-json\/wp\/v2\/users\/3"}],"replies":[{"embeddable":true,"href":"https:\/\/projectes.xtec.cat\/laboratori-millora-educativa\/wp-json\/wp\/v2\/comments?post=9989"}],"version-history":[{"count":4,"href":"https:\/\/projectes.xtec.cat\/laboratori-millora-educativa\/wp-json\/wp\/v2\/posts\/9989\/revisions"}],"predecessor-version":[{"id":12133,"href":"https:\/\/projectes.xtec.cat\/laboratori-millora-educativa\/wp-json\/wp\/v2\/posts\/9989\/revisions\/12133"}],"wp:featuredmedia":[{"embeddable":true,"href":"https:\/\/projectes.xtec.cat\/laboratori-millora-educativa\/wp-json\/wp\/v2\/media\/9992"}],"wp:attachment":[{"href":"https:\/\/projectes.xtec.cat\/laboratori-millora-educativa\/wp-json\/wp\/v2\/media?parent=9989"}],"wp:term":[{"taxonomy":"category","embeddable":true,"href":"https:\/\/projectes.xtec.cat\/laboratori-millora-educativa\/wp-json\/wp\/v2\/categories?post=9989"},{"taxonomy":"post_tag","embeddable":true,"href":"https:\/\/projectes.xtec.cat\/laboratori-millora-educativa\/wp-json\/wp\/v2\/tags?post=9989"}],"curies":[{"name":"wp","href":"https:\/\/api.w.org\/{rel}","templated":true}]}}