{"id":8401,"date":"2021-12-15T17:26:34","date_gmt":"2021-12-15T16:26:34","guid":{"rendered":"https:\/\/projectes.xtec.cat\/lic-cce\/?p=8401"},"modified":"2022-03-21T16:46:24","modified_gmt":"2022-03-21T15:46:24","slug":"proposta-per-treballar-el-desenvolupament-personal","status":"publish","type":"post","link":"https:\/\/projectes.xtec.cat\/lic-cce\/portada\/proposta-per-treballar-el-desenvolupament-personal\/","title":{"rendered":"Proposta per treballar el Desenvolupament Personal i Social"},"content":{"rendered":"<p><span style=\"font-weight: 400;\">El desenvolupament \u00a0hum\u00e0\u00a0 \u00e9s\u00a0 un\u00a0 proc\u00e9s\u00a0 llarg\u00a0 i irregular que comen\u00e7a en la fecundaci\u00f3 <b>\u200b<\/b>i <b>\u200b\u200b<\/b>perdura<b>\u200b \u200b<\/b>fins <b>\u200b\u200b<\/b>a <b>\u200b\u200b<\/b>la <b>\u200b\u200b<\/b>mort.<b>\u200b <\/b><\/span><span style=\"font-weight: 400;\">L&#8217;alumnat\u00a0 s\u2019ha de desenvolupar de manera integral: a nivell F\u00cdSIC, ACAD\u00c8MIC i a nivell SOCIAL-AFECTIU\u00a0<\/span><\/p>\n<p><span style=\"font-weight: 400;\">La infantesa i l\u2019adolesc\u00e8ncia s\u00f3n dues etapes crucials per al desenvolupament personal, i el reconeixement social i l\u2019establiment de vincles amb els seus iguals s\u00f3n dos elements fonamentals d\u2019aquest proc\u00e9s.<\/span><\/p>\n<p>L&#8217;alumnat nouvingut, <span style=\"font-weight: 400;\">t\u00e9 el repte d\u2019haver d\u2019aprendre la llengua vehicular que li permeti accedir a l\u2019aprenentatge i ha <\/span><span style=\"font-family: inherit; font-size: 1em;\">de superar les possibles barreres que dificultin el seu proc\u00e9s de socialitzaci\u00f3.<\/span><\/p>\n<p><span style=\"font-weight: 400;\">Per tal d\u2019acompanyar l\u2019alumnat en aquest aspecte essencial del seu creixement, \u00e9s important planificar actuacions a l\u2019aula que tinguin com a objectiu l\u2019adquisici\u00f3 de les compet\u00e8ncies s\u00f2cio-emocionals. Aquestes han de capacitar-lo per recon\u00e8ixer les pr\u00f2pies emocions i les dels altres, saber-les expressar, utilitzar-les i gestionar-les de manera positiva i facilitar aix\u00ed la seva formaci\u00f3 integral i la seva inclusi\u00f3 en la societat.<\/span><\/p>\n<p><span style=\"font-weight: 400;\">Amb aquest objectiu, caldr\u00e0, en un primer moment, <\/span><b>identificar els factors de risc<\/b><span style=\"font-weight: 400;\"> que poden dificultar el desenvolupament personal i <\/span><b>determinar les necessitats emocionals, relacionals i de pertinen\u00e7a de l\u2019alumne<\/b><span style=\"font-weight: 400;\"> (necessitats afectives i emocionals, aix\u00ed com el punt del proc\u00e9s de construcci\u00f3 identit\u00e0ria en qu\u00e8 es troba). D\u2019aquesta manera, en un segon moment, es podran facilitar recursos i estrat\u00e8gies per donar-hi resposta i proporcionar-li suport per construir una identitat m\u00faltiple.<\/span><\/p>\n<p>Us compartim un seguit de propostes per a treballar els Factors de Risc que influeixen en l&#8217;alumnat nouvingut.<\/p>\n<p>&nbsp;<\/p>\n<p><iframe class=\"wp-embedded-content\" sandbox=\"allow-scripts\" security=\"restricted\" title=\"Desenvolupament personal\" frameborder='0' width='1200' height='675' src='https:\/\/view.genially.com\/619d1bb0aba0820e0519cefd#?secret=erI3ppMXnD' data-secret='erI3ppMXnD' scrolling='yes'><\/iframe><\/p>\n","protected":false},"excerpt":{"rendered":"<p>El desenvolupament \u00a0hum\u00e0\u00a0 \u00e9s\u00a0 un\u00a0 proc\u00e9s\u00a0 llarg\u00a0 i irregular que comen\u00e7a en la fecundaci\u00f3 \u200bi \u200b\u200bperdura\u200b \u200bfins \u200b\u200ba \u200b\u200bla \u200b\u200bmort.\u200b L&#8217;alumnat\u00a0 s\u2019ha de desenvolupar de manera integral: a nivell F\u00cdSIC, ACAD\u00c8MIC i a nivell SOCIAL-AFECTIU\u00a0 La infantesa i l\u2019adolesc\u00e8ncia s\u00f3n dues etapes crucials per al desenvolupament personal, i el reconeixement social i l\u2019establiment de vincles [&hellip;]<\/p>\n","protected":false},"author":1,"featured_media":0,"comment_status":"open","ping_status":"closed","sticky":false,"template":"","format":"standard","meta":{"_bbp_topic_count":0,"_bbp_reply_count":0,"_bbp_total_topic_count":0,"_bbp_total_reply_count":0,"_bbp_voice_count":0,"_bbp_anonymous_reply_count":0,"_bbp_topic_count_hidden":0,"_bbp_reply_count_hidden":0,"_bbp_forum_subforum_count":0,"site-sidebar-layout":"default","site-content-layout":"","ast-site-content-layout":"","site-content-style":"default","site-sidebar-style":"default","ast-global-header-display":"","ast-banner-title-visibility":"","ast-main-header-display":"","ast-hfb-above-header-display":"","ast-hfb-below-header-display":"","ast-hfb-mobile-header-display":"","site-post-title":"","ast-breadcrumbs-content":"","ast-featured-img":"","footer-sml-layout":"","theme-transparent-header-meta":"","adv-header-id-meta":"","stick-header-meta":"","header-above-stick-meta":"","header-main-stick-meta":"","header-below-stick-meta":"","astra-migrate-meta-layouts":"default","ast-page-background-enabled":"default","ast-page-background-meta":{"desktop":{"background-color":"var(--ast-global-color-4)","background-image":"","background-repeat":"repeat","background-position":"center center","background-size":"auto","background-attachment":"scroll","background-type":"","background-media":"","overlay-type":"","overlay-color":"","overlay-opacity":"","overlay-gradient":""},"tablet":{"background-color":"","background-image":"","background-repeat":"repeat","background-position":"center center","background-size":"auto","background-attachment":"scroll","background-type":"","background-media":"","overlay-type":"","overlay-color":"","overlay-opacity":"","overlay-gradient":""},"mobile":{"background-color":"","background-image":"","background-repeat":"repeat","background-position":"center center","background-size":"auto","background-attachment":"scroll","background-type":"","background-media":"","overlay-type":"","overlay-color":"","overlay-opacity":"","overlay-gradient":""}},"ast-content-background-meta":{"desktop":{"background-color":"var(--ast-global-color-5)","background-image":"","background-repeat":"repeat","background-position":"center center","background-size":"auto","background-attachment":"scroll","background-type":"","background-media":"","overlay-type":"","overlay-color":"","overlay-opacity":"","overlay-gradient":""},"tablet":{"background-color":"var(--ast-global-color-5)","background-image":"","background-repeat":"repeat","background-position":"center center","background-size":"auto","background-attachment":"scroll","background-type":"","background-media":"","overlay-type":"","overlay-color":"","overlay-opacity":"","overlay-gradient":""},"mobile":{"background-color":"var(--ast-global-color-5)","background-image":"","background-repeat":"repeat","background-position":"center center","background-size":"auto","background-attachment":"scroll","background-type":"","background-media":"","overlay-type":"","overlay-color":"","overlay-opacity":"","overlay-gradient":""}},"footnotes":""},"categories":[303,29,76],"tags":[287,302],"class_list":["post-8401","post","type-post","status-publish","format-standard","hentry","category-alumnat-nouvingut","category-portada","category-recursos","tag-desenvolupament-personal","tag-recursos"],"post_mailing_queue_ids":[],"_links":{"self":[{"href":"https:\/\/projectes.xtec.cat\/lic-cce\/wp-json\/wp\/v2\/posts\/8401","targetHints":{"allow":["GET"]}}],"collection":[{"href":"https:\/\/projectes.xtec.cat\/lic-cce\/wp-json\/wp\/v2\/posts"}],"about":[{"href":"https:\/\/projectes.xtec.cat\/lic-cce\/wp-json\/wp\/v2\/types\/post"}],"author":[{"embeddable":true,"href":"https:\/\/projectes.xtec.cat\/lic-cce\/wp-json\/wp\/v2\/users\/1"}],"replies":[{"embeddable":true,"href":"https:\/\/projectes.xtec.cat\/lic-cce\/wp-json\/wp\/v2\/comments?post=8401"}],"version-history":[{"count":3,"href":"https:\/\/projectes.xtec.cat\/lic-cce\/wp-json\/wp\/v2\/posts\/8401\/revisions"}],"predecessor-version":[{"id":8405,"href":"https:\/\/projectes.xtec.cat\/lic-cce\/wp-json\/wp\/v2\/posts\/8401\/revisions\/8405"}],"wp:attachment":[{"href":"https:\/\/projectes.xtec.cat\/lic-cce\/wp-json\/wp\/v2\/media?parent=8401"}],"wp:term":[{"taxonomy":"category","embeddable":true,"href":"https:\/\/projectes.xtec.cat\/lic-cce\/wp-json\/wp\/v2\/categories?post=8401"},{"taxonomy":"post_tag","embeddable":true,"href":"https:\/\/projectes.xtec.cat\/lic-cce\/wp-json\/wp\/v2\/tags?post=8401"}],"curies":[{"name":"wp","href":"https:\/\/api.w.org\/{rel}","templated":true}]}}