{"id":8475,"date":"2021-12-16T10:38:06","date_gmt":"2021-12-16T09:38:06","guid":{"rendered":"https:\/\/projectes.xtec.cat\/lic-cce\/?p=8475"},"modified":"2022-03-21T16:36:16","modified_gmt":"2022-03-21T15:36:16","slug":"lavaluacio-inicial-alumnat-nouvingut","status":"publish","type":"post","link":"https:\/\/projectes.xtec.cat\/lic-cce\/portada\/lavaluacio-inicial-alumnat-nouvingut\/","title":{"rendered":"L&#8217;avaluaci\u00f3 inicial alumnat nouvingut"},"content":{"rendered":"<p>El Departament d\u2019Educaci\u00f3 disposa d\u2019unes <a href=\"http:\/\/xtec.gencat.cat\/ca\/projectes\/alumnat-origen-estranger\/alumnatnou\/avaluacio\/inicial2\/\" target=\"_blank\" rel=\"noopener noreferrer\">proves d\u2019avaluaci\u00f3 inicial<\/a>\u00a0en les lleng\u00fces m\u00e9s conegudes per l\u2019alumnat nouvingut al sistema educatiu a Catalunya, les quals permeten avaluar el nivell d\u2019escolaritzaci\u00f3 previ de l\u2019alumne, en concret les compet\u00e8ncies de la llengua familiar de l\u2019alumne, el coneixement del principi alfab\u00e8tic i els coneixements curriculars de matem\u00e0tiques.<\/p>\n<p>L&#8217;instrument d\u2019avaluaci\u00f3, \u00e9s una eina pel professorat, que forma part de les proves inicials per a alumnat nouvingut procedent d\u2019altres sistemes educatius. T\u00e9 com a destinataris tots els nois i les noies acabats d\u2019arribar al sistema educatiu catal\u00e0.<br \/>\nEl model de prova va destinat a alumnat d\u2019or\u00edgens m\u00faltiples, de 8 a 16 anys, amb el qui no \u00e9s possible la comunicaci\u00f3.<\/p>\n<p>&nbsp;<\/p>\n","protected":false},"excerpt":{"rendered":"<p>El Departament d\u2019Educaci\u00f3 disposa d\u2019unes proves d\u2019avaluaci\u00f3 inicial\u00a0en les lleng\u00fces m\u00e9s conegudes per l\u2019alumnat nouvingut al sistema educatiu a Catalunya, les quals permeten avaluar el nivell d\u2019escolaritzaci\u00f3 previ de l\u2019alumne, en concret les compet\u00e8ncies de la llengua familiar de l\u2019alumne, el coneixement del principi alfab\u00e8tic i els coneixements curriculars de matem\u00e0tiques. L&#8217;instrument d\u2019avaluaci\u00f3, \u00e9s una [&hellip;]<\/p>\n","protected":false},"author":1,"featured_media":0,"comment_status":"open","ping_status":"closed","sticky":false,"template":"","format":"standard","meta":{"_bbp_topic_count":0,"_bbp_reply_count":0,"_bbp_total_topic_count":0,"_bbp_total_reply_count":0,"_bbp_voice_count":0,"_bbp_anonymous_reply_count":0,"_bbp_topic_count_hidden":0,"_bbp_reply_count_hidden":0,"_bbp_forum_subforum_count":0,"site-sidebar-layout":"default","site-content-layout":"","ast-site-content-layout":"","site-content-style":"default","site-sidebar-style":"default","ast-global-header-display":"","ast-banner-title-visibility":"","ast-main-header-display":"","ast-hfb-above-header-display":"","ast-hfb-below-header-display":"","ast-hfb-mobile-header-display":"","site-post-title":"","ast-breadcrumbs-content":"","ast-featured-img":"","footer-sml-layout":"","theme-transparent-header-meta":"","adv-header-id-meta":"","stick-header-meta":"","header-above-stick-meta":"","header-main-stick-meta":"","header-below-stick-meta":"","astra-migrate-meta-layouts":"default","ast-page-background-enabled":"default","ast-page-background-meta":{"desktop":{"background-color":"var(--ast-global-color-4)","background-image":"","background-repeat":"repeat","background-position":"center center","background-size":"auto","background-attachment":"scroll","background-type":"","background-media":"","overlay-type":"","overlay-color":"","overlay-opacity":"","overlay-gradient":""},"tablet":{"background-color":"","background-image":"","background-repeat":"repeat","background-position":"center center","background-size":"auto","background-attachment":"scroll","background-type":"","background-media":"","overlay-type":"","overlay-color":"","overlay-opacity":"","overlay-gradient":""},"mobile":{"background-color":"","background-image":"","background-repeat":"repeat","background-position":"center center","background-size":"auto","background-attachment":"scroll","background-type":"","background-media":"","overlay-type":"","overlay-color":"","overlay-opacity":"","overlay-gradient":""}},"ast-content-background-meta":{"desktop":{"background-color":"var(--ast-global-color-5)","background-image":"","background-repeat":"repeat","background-position":"center center","background-size":"auto","background-attachment":"scroll","background-type":"","background-media":"","overlay-type":"","overlay-color":"","overlay-opacity":"","overlay-gradient":""},"tablet":{"background-color":"var(--ast-global-color-5)","background-image":"","background-repeat":"repeat","background-position":"center center","background-size":"auto","background-attachment":"scroll","background-type":"","background-media":"","overlay-type":"","overlay-color":"","overlay-opacity":"","overlay-gradient":""},"mobile":{"background-color":"var(--ast-global-color-5)","background-image":"","background-repeat":"repeat","background-position":"center center","background-size":"auto","background-attachment":"scroll","background-type":"","background-media":"","overlay-type":"","overlay-color":"","overlay-opacity":"","overlay-gradient":""}},"footnotes":""},"categories":[29],"tags":[293,291,295],"class_list":["post-8475","post","type-post","status-publish","format-standard","hentry","category-portada","tag-alumnat-nouvingut","tag-aula-dacollida","tag-curriculum-i-avaluacio"],"post_mailing_queue_ids":[],"_links":{"self":[{"href":"https:\/\/projectes.xtec.cat\/lic-cce\/wp-json\/wp\/v2\/posts\/8475","targetHints":{"allow":["GET"]}}],"collection":[{"href":"https:\/\/projectes.xtec.cat\/lic-cce\/wp-json\/wp\/v2\/posts"}],"about":[{"href":"https:\/\/projectes.xtec.cat\/lic-cce\/wp-json\/wp\/v2\/types\/post"}],"author":[{"embeddable":true,"href":"https:\/\/projectes.xtec.cat\/lic-cce\/wp-json\/wp\/v2\/users\/1"}],"replies":[{"embeddable":true,"href":"https:\/\/projectes.xtec.cat\/lic-cce\/wp-json\/wp\/v2\/comments?post=8475"}],"version-history":[{"count":4,"href":"https:\/\/projectes.xtec.cat\/lic-cce\/wp-json\/wp\/v2\/posts\/8475\/revisions"}],"predecessor-version":[{"id":9083,"href":"https:\/\/projectes.xtec.cat\/lic-cce\/wp-json\/wp\/v2\/posts\/8475\/revisions\/9083"}],"wp:attachment":[{"href":"https:\/\/projectes.xtec.cat\/lic-cce\/wp-json\/wp\/v2\/media?parent=8475"}],"wp:term":[{"taxonomy":"category","embeddable":true,"href":"https:\/\/projectes.xtec.cat\/lic-cce\/wp-json\/wp\/v2\/categories?post=8475"},{"taxonomy":"post_tag","embeddable":true,"href":"https:\/\/projectes.xtec.cat\/lic-cce\/wp-json\/wp\/v2\/tags?post=8475"}],"curies":[{"name":"wp","href":"https:\/\/api.w.org\/{rel}","templated":true}]}}